{"id":72130,"date":"2018-09-20T15:29:15","date_gmt":"2018-09-20T18:29:15","guid":{"rendered":"https:\/\/verde-amarelo.net\/verdeamarelo\/2018\/09\/ns-somos-o-trnsito-o-tema-da-semana-nacional-de-trnsito-em-2018\/"},"modified":"2018-09-20T15:29:15","modified_gmt":"2018-09-20T18:29:15","slug":"ns-somos-o-trnsito-o-tema-da-semana-nacional-de-trnsito-em-2018","status":"publish","type":"post","link":"https:\/\/verde-amarelo.net\/verdeamarelo\/2018\/09\/ns-somos-o-trnsito-o-tema-da-semana-nacional-de-trnsito-em-2018\/","title":{"rendered":"&quot;N&oacute;s somos o tr&acirc;nsito&quot; &eacute; o tema da Semana Nacional de Tr&acirc;nsito em 2018"},"content":{"rendered":"<p>Um dos impactos positivos da Lei Seca, em vigor no Brasil h\u00e1 10 anos, \u00e9 a<br \/>\nredu\u00e7\u00e3o de 2,4% do n\u00famero de mortes por acidentes de tr\u00e2nsito no pa\u00eds. Os<br \/>\nestados que registraram quedas mais significativas foram S\u00e3o Paulo (25,4%),<br \/>\nEsp\u00edrito Santo (21,8%), Santa Catarina (19%), Distrito Federal (17,5%) e<br \/>\nParan\u00e1 (15,9%). Em contrapartida, houve aumento da mortalidade no Par\u00e1<br \/>\n(39,4%), Maranh\u00e3o (39%), Piau\u00ed (37,2%), Bahia (36,8%) e Tocantins (26,5%).<\/p>&nbsp;&nbsp;\n<p>Al\u00e9m de tornar a legisla\u00e7\u00e3o mais r\u00edgida &#8211; como na altera\u00e7\u00e3o da Lei Seca em<br \/>\n2012, que aumentou a multa para condutores flagrados dirigindo<br \/>\nalcoolizados -, as campanhas educativas s\u00e3o mais uma alternativa no intuito<br \/>\nde conscientizar motoristas e demais usu\u00e1rios da via, e diminuir o n\u00famero de<br \/>\nsinistros.<\/p>&nbsp;&nbsp;\n<p>Assim, desde 1997, o per\u00edodo entre os dias 18 e 25 de setembro est\u00e1<br \/>\nestabelecido como a Semana Nacional do Tr\u00e2nsito. A iniciativa \u00e9<br \/>\ncaracterizada por uma s\u00e9rie de eventos e a\u00e7\u00f5es educativas, promovidas por<br \/>\n\u00f3rg\u00e3os e entidades que integram o Sistema Nacional de Tr\u00e2nsito. Todos os<br \/>\nanos o Conselho Nacional de Tr\u00e2nsito (Contran) escolhe um tema como pano de<br \/>\nfundo para as a\u00e7\u00f5es da Semana, e o de 2018 \u00e9 \u201cN\u00f3s somos o tr\u00e2nsito\u201d. A ideia<br \/>\n\u00e9 envolver toda a sociedade na reflex\u00e3o sobre uma nova forma de encarar a<br \/>\nmobilidade. Trata-se de um est\u00edmulo para que todos os condutores, ciclistas,<br \/>\npedestres e passageiros optem por um tr\u00e2nsito mais seguro.<\/p>&nbsp;&nbsp;\n<p>Na opini\u00e3o de Jos\u00e9 Aurelio Ramalho, diretor-presidente do Observat\u00f3rio<br \/>\nNacional de Seguran\u00e7a Vi\u00e1ria (ONSV), os acidentes n\u00e3o acontecem por acaso e<br \/>\ns\u00e3o frutos de escolhas inadequadas e arriscadas por parte de condutores e<br \/>\npedestres. Para ele, 90% dos sinistros t\u00eam motiva\u00e7\u00e3o em falhas humanas como<br \/>\nimper\u00edcia, imprud\u00eancia e desaten\u00e7\u00e3o. \u201cSomos os respons\u00e1veis pelos nossos<br \/>\natos no tr\u00e2nsito e ter consci\u00eancia clara disso \u00e9 um dos caminhos para a<br \/>\nrevers\u00e3o do triste cen\u00e1rio atual, n\u00e3o s\u00f3 do Brasil, mas de todo o mundo\u201d,<br \/>\navalia Ramalho.<\/p>&nbsp;&nbsp;\n<p>Segundo o diretor-presidente do ONSV, aderir \u00e0 Semana Nacional do Tr\u00e2nsito \u00e9<br \/>\nfazer parte de um movimento social em favor da vida. A iniciativa \u00e9 uma<br \/>\nforma de alertar toda a sociedade sobre os n\u00fameros alarmantes de mortos e<br \/>\nferidos no tr\u00e2nsito brasileiro, a fim de diminu\u00ed-los. E \u00e9, especialmente,<br \/>\ntrabalhar com um novo significado para os deslocamentos. \u201cA expectativa \u00e9<br \/>\nque o n\u00famero de v\u00edtimas do tr\u00e2nsito diminua atrav\u00e9s da conscientiza\u00e7\u00e3o. O<br \/>\ntema seguran\u00e7a no tr\u00e2nsito deve ser sempre abordado, nas mais diferentes<br \/>\nesferas da sociedade, para que cada um dos usu\u00e1rios do sistema vi\u00e1rio possa<br \/>\nfazer a sua parte por um tr\u00e2nsito mais seguro. O comportamento do condutor<br \/>\nsempre influencia na forma como ele reagir\u00e1 durante seus deslocamentos, por<br \/>\nisso, trabalhamos com a conscientiza\u00e7\u00e3o\u201d, diz.<\/p>&nbsp;&nbsp;\n<p>Conscientiza\u00e7\u00e3o, tecnologia e condutas adequadas por parte de todos podem<br \/>\ndiminuir o n\u00famero de v\u00edtimas no tr\u00e2nsito<\/p>\n<p>Tecnologia contribui na soma esfor\u00e7os em prol da vida<\/p>\n<p>A tecnologia \u00e9 mais uma ferramenta utilizada para promover as mudan\u00e7as t\u00e3o<br \/>\nalmejadas no tr\u00e2nsito. Luiz Gustavo Campos, diretor e especialista em<br \/>\ntr\u00e2nsito da Perkons, empresa que desenvolve e aplica tecnologia para a<br \/>\nseguran\u00e7a no tr\u00e2nsito, conta que os radares, como s\u00e3o, de modo geral,<br \/>\nconhecidos os equipamentos de fiscaliza\u00e7\u00e3o eletr\u00f4nica de tr\u00e2nsito, acabam<br \/>\npor inibir o condutor a praticar altas velocidades, induzindo-o a respeitar<br \/>\no limite imposto em cada via. \u201cAl\u00e9m disso, muitos desses dispositivos<br \/>\npossuem outras fun\u00e7\u00f5es, como registrar avan\u00e7o de sinal vermelho, circula\u00e7\u00e3o<br \/>\nem faixa exclusiva e convers\u00f5es proibidas; sempre com o objetivo de tornar<br \/>\nas vias mais humanas e seguras para todos\u201d, explica.<\/p>&nbsp;&nbsp;\n<p>Para Campos, os equipamentos de fiscaliza\u00e7\u00e3o somam esfor\u00e7os \u00e0s campanhas e<br \/>\na\u00e7\u00f5es educativas, sendo eficazes para tornar o tr\u00e2nsito menos violento.<br \/>\n\u201cCada indiv\u00edduo precisa refletir sobre seu comportamento e seus deveres<br \/>\nquanto usu\u00e1rio das ruas e vias, e tamb\u00e9m lutar por seus direitos, como<br \/>\nusufruir de estradas seguras e bem sinalizadas. O mote \u201cN\u00f3s somos o<br \/>\ntr\u00e2nsito\u201d mostra que todos t\u00eam papel determinante para minimizar as<br \/>\nocorr\u00eancias e, consequentemente, reduzir o n\u00famero de v\u00edtimas no tr\u00e2nsito\u201d,<br \/>\nacrescenta o especialista.<\/p>&nbsp;&nbsp;\n<p><\/p>\n","protected":false},"excerpt":{"rendered":"<p>Um dos impactos positivos da Lei Seca, em vigor no Brasil h\u00e1 10 anos, \u00e9&#8230;<\/p>\n","protected":false},"author":1,"featured_media":0,"comment_status":"open","ping_status":"open","sticky":false,"template":"","format":"standard","meta":{"fifu_image_url":"","fifu_image_alt":"","footnotes":""},"categories":[8427],"tags":[8750],"class_list":["post-72130","post","type-post","status-publish","format-standard","hentry","category-geral","tag-acirceacutenacionalnsitooacutesemanasomos","wpcat-8427-id"],"_links":{"self":[{"href":"https:\/\/verde-amarelo.net\/verdeamarelo\/wp-json\/wp\/v2\/posts\/72130","targetHints":{"allow":["GET"]}}],"collection":[{"href":"https:\/\/verde-amarelo.net\/verdeamarelo\/wp-json\/wp\/v2\/posts"}],"about":[{"href":"https:\/\/verde-amarelo.net\/verdeamarelo\/wp-json\/wp\/v2\/types\/post"}],"author":[{"embeddable":true,"href":"https:\/\/verde-amarelo.net\/verdeamarelo\/wp-json\/wp\/v2\/users\/1"}],"replies":[{"embeddable":true,"href":"https:\/\/verde-amarelo.net\/verdeamarelo\/wp-json\/wp\/v2\/comments?post=72130"}],"version-history":[{"count":0,"href":"https:\/\/verde-amarelo.net\/verdeamarelo\/wp-json\/wp\/v2\/posts\/72130\/revisions"}],"wp:attachment":[{"href":"https:\/\/verde-amarelo.net\/verdeamarelo\/wp-json\/wp\/v2\/media?parent=72130"}],"wp:term":[{"taxonomy":"category","embeddable":true,"href":"https:\/\/verde-amarelo.net\/verdeamarelo\/wp-json\/wp\/v2\/categories?post=72130"},{"taxonomy":"post_tag","embeddable":true,"href":"https:\/\/verde-amarelo.net\/verdeamarelo\/wp-json\/wp\/v2\/tags?post=72130"}],"curies":[{"name":"wp","href":"https:\/\/api.w.org\/{rel}","templated":true}]}}