{"id":72132,"date":"2018-09-20T15:29:56","date_gmt":"2018-09-20T18:29:56","guid":{"rendered":"https:\/\/verde-amarelo.net\/verdeamarelo\/2018\/09\/tempo-para-liberao-de-cargas-pela-anvisa-aumentou-em-50\/"},"modified":"2018-09-20T15:29:56","modified_gmt":"2018-09-20T18:29:56","slug":"tempo-para-liberao-de-cargas-pela-anvisa-aumentou-em-50","status":"publish","type":"post","link":"https:\/\/verde-amarelo.net\/verdeamarelo\/2018\/09\/tempo-para-liberao-de-cargas-pela-anvisa-aumentou-em-50\/","title":{"rendered":"Tempo para libera&ccedil;&atilde;o de cargas pela Anvisa aumentou em 50%"},"content":{"rendered":"<p>O prazo m\u00e9dio de libera\u00e7\u00e3o \u00e9 de 21 dias \u00fateis, mas j\u00e1 existem localidades<br \/>\nque supera os 30 dias \u00fateis. Para a ABRAIDI, o sistema caminha para um novo<br \/>\ncolapso.<\/p>&nbsp;&nbsp;\n<p>O &#8220;Monitoramento ABRAIDI de Libera\u00e7\u00e3o Sanit\u00e1ria em PAFs &#8211;<br \/>\nPortos, Aeroportos e Fronteiras&#8221;, realizado semanalmente pela Associa\u00e7\u00e3o<br \/>\nBrasileira de Importadores e Distribuidores de Produtos para Sa\u00fade, com base<br \/>\nem dados oficiais, revelou um significativo aumento nos prazos para a<br \/>\nlibera\u00e7\u00e3o de cargas de produtos importados pela Anvisa. A ABRAIDI constatou<br \/>\ncasos onde o prazo supera os 30 dias \u00fateis e um novo pico de m\u00e9dia de 21<br \/>\ndias \u00fateis, em 31 de agosto. Um aumento de cerca de 50% em rela\u00e7\u00e3o ao in\u00edcio<br \/>\nde julho. O Monitoramento da ABRAIDI tamb\u00e9m constatou uma eleva\u00e7\u00e3o<br \/>\nsignificativa do n\u00famero de processos em fila na Ag\u00eancia. No in\u00edcio de julho<br \/>\neram 4.286 e no final de agosto j\u00e1 eram 6.945 processos, um aumento de 62%.<\/p>&nbsp;&nbsp;\n<p>Nas informa\u00e7\u00f5es fornecidas pela Ag\u00eancia s\u00e3o considerados 90% dos processos<br \/>\npara contabiliza\u00e7\u00e3o do prazo, sendo exclu\u00eddos os 5% melhores e 5% piores<br \/>\nresultados. Para o coordenador do Grupo de Trabalho de Log\u00edstica da ABRAIDI,<br \/>\nGil Pinho, os 10% de extremos eliminados no c\u00e1lculo s\u00e3o onde est\u00e3o os<br \/>\nproblemas.<\/p>&nbsp;&nbsp;\n<p>Integrantes do GT de Log\u00edstica da ABRAIDI manifestaram, ainda no final do<br \/>\nm\u00eas de junho, insatisfa\u00e7\u00e3o com as quest\u00f5es relacionadas \u00e0 demora na<br \/>\nlibera\u00e7\u00e3o de cargas \u00e0 Ger\u00eancia de Controle Sanit\u00e1rio de Produtos e Empresas<br \/>\nem Portos, Aeroportos, Fronteiras e Recintos Alfandegados (GCPAF) da Anvisa.<br \/>\nNa reuni\u00e3o, o representante da Ag\u00eancia informou que as empresas deveriam<br \/>\ncome\u00e7ar a sentir melhora efetiva nos prazos dentro de tr\u00eas meses. \u201cAl\u00e9m de<br \/>\nn\u00e3o melhorar, ainda piorou\u201d, demonstra o coordenador do Grupo de Trabalho de<br \/>\nLog\u00edstica, com base nos n\u00fameros do Monitoramento.<\/p>&nbsp;&nbsp;\n<p>Em 3 de setembro, o diretor-executivo da ABRAIDI, Bruno Bezerra, participou<br \/>\nde nova reuni\u00e3o na Ag\u00eancia, entregou um of\u00edcio \u00e0 Diretoria de Controle e<br \/>\nMonitoramento Sanit\u00e1rios da Anvisa apontando novamente os problemas e<br \/>\nafirmou que \u201co sistema caminha para um colapso\u201d. O diretor da Ag\u00eancia,<br \/>\nWillian Dib, relatou que come\u00e7ou a parametriza\u00e7\u00e3o das cargas efetivamente h\u00e1<br \/>\numa semana e de forma manual, comentou sobre os s\u00e9rios problemas de TI que a<br \/>\nAnvisa enfrenta, fruto da falta de investimento e prioridade neste setor, e<br \/>\nque isso tem atrapalhado a implementa\u00e7\u00e3o mais r\u00e1pida da parametriza\u00e7\u00e3o de<br \/>\nforma automatizada. Segundo Dib, as filas e o aumento do prazo m\u00e9dio de<br \/>\nan\u00e1lise foram causados pelas diverg\u00eancias em rela\u00e7\u00e3o \u00e0 validade dos produtos<br \/>\nimportados, que afetou muito os produtos de diagn\u00f3stico in vitro e come\u00e7aram<br \/>\nagora a ocorrer tamb\u00e9m para dispositivos m\u00e9dicos. O diretor ainda informou<br \/>\nque a compra de dois sistemas de informa\u00e7\u00e3o novos para peticionamento e<br \/>\nrastreabilidade  n\u00e3o foram conclu\u00eddos: o primeiro por bloqueio do TCU e o<br \/>\nsegundo porque os diretores vetaram. Willian Dib ressaltou a necessidade da<br \/>\nAg\u00eancia investir nessa \u00e1rea para avan\u00e7ar.<\/p>&nbsp;&nbsp;\n<p>\u201cA insatisfa\u00e7\u00e3o com o tempo para libera\u00e7\u00f5es ainda elevado e a mudan\u00e7a de<br \/>\nmetodologia no c\u00e1lculo m\u00e9dio de prazos de tramita\u00e7\u00e3o e an\u00e1lise s\u00e3o<br \/>\nreclama\u00e7\u00f5es constantes dos associados que sentem no dia a dia os entraves<br \/>\ncada vez maiores. H\u00e1 relatos de desabastecimento de produtos em alguns<br \/>\nestados do Brasil como S\u00e3o Paulo, Rio de Janeiro, Esp\u00edrito Santo e Bahia\u201d,<br \/>\nrevela Bruno Bezerra.<\/p>&nbsp;&nbsp;\n<p>O &#8220;Monitoramento ABRAIDI de Libera\u00e7\u00e3o Sanit\u00e1ria em PAFs &#8211;<br \/>\nPortos, Aeroportos e Fronteiras&#8221; \u00e9 feito desde 2014. O processo de<br \/>\nfiscaliza\u00e7\u00e3o sanit\u00e1ria da importa\u00e7\u00e3o de mercadorias \u00e9 manual e necessita da<br \/>\nchecagem de in\u00fameras informa\u00e7\u00f5es espalhadas em fontes diferentes. O<br \/>\nimportador tem que informar c\u00f3digos, descri\u00e7\u00f5es e n\u00famero de registro, que<br \/>\ndevem ser checados um a um nos bancos de dados da Anvisa. S\u00e3o aferidos os<br \/>\nn\u00fameros e validades das Autoriza\u00e7\u00f5es de Funcionamento (AFE); Alvar\u00e1<br \/>\nSanit\u00e1rio (Vigil\u00e2ncia Sanit\u00e1ria do munic\u00edpio aonde o importador se<br \/>\nlocaliza); os nomes e endere\u00e7os dos exportadores; as condi\u00e7\u00f5es de<br \/>\narmazenagem da carga (zonas de temperatura); os certificados de<br \/>\nesteriliza\u00e7\u00e3o, se for o caso; os dizeres de r\u00f3tulo e embalagem na l\u00edngua de<br \/>\norigem. Em alguns casos, \u00e9 realizada, inclusive, uma inspe\u00e7\u00e3o f\u00edsica, com<br \/>\ncontagem e verifica\u00e7\u00e3o da conformidade da mercadoria com os documentos de<br \/>\nembarque e transporte.<\/p>&nbsp;&nbsp;\n<p><\/p>\n","protected":false},"excerpt":{"rendered":"<p>O prazo m\u00e9dio de libera\u00e7\u00e3o \u00e9 de 21 dias \u00fateis, mas j\u00e1 existem localidades que&#8230;<\/p>\n","protected":false},"author":1,"featured_media":0,"comment_status":"open","ping_status":"open","sticky":false,"template":"","format":"standard","meta":{"fifu_image_url":"","fifu_image_alt":"","footnotes":""},"categories":[8427],"tags":[8752],"class_list":["post-72132","post","type-post","status-publish","format-standard","hentry","category-geral","tag-anvisaatildeaumentoucargasccedilliberatempo","wpcat-8427-id"],"_links":{"self":[{"href":"https:\/\/verde-amarelo.net\/verdeamarelo\/wp-json\/wp\/v2\/posts\/72132","targetHints":{"allow":["GET"]}}],"collection":[{"href":"https:\/\/verde-amarelo.net\/verdeamarelo\/wp-json\/wp\/v2\/posts"}],"about":[{"href":"https:\/\/verde-amarelo.net\/verdeamarelo\/wp-json\/wp\/v2\/types\/post"}],"author":[{"embeddable":true,"href":"https:\/\/verde-amarelo.net\/verdeamarelo\/wp-json\/wp\/v2\/users\/1"}],"replies":[{"embeddable":true,"href":"https:\/\/verde-amarelo.net\/verdeamarelo\/wp-json\/wp\/v2\/comments?post=72132"}],"version-history":[{"count":0,"href":"https:\/\/verde-amarelo.net\/verdeamarelo\/wp-json\/wp\/v2\/posts\/72132\/revisions"}],"wp:attachment":[{"href":"https:\/\/verde-amarelo.net\/verdeamarelo\/wp-json\/wp\/v2\/media?parent=72132"}],"wp:term":[{"taxonomy":"category","embeddable":true,"href":"https:\/\/verde-amarelo.net\/verdeamarelo\/wp-json\/wp\/v2\/categories?post=72132"},{"taxonomy":"post_tag","embeddable":true,"href":"https:\/\/verde-amarelo.net\/verdeamarelo\/wp-json\/wp\/v2\/tags?post=72132"}],"curies":[{"name":"wp","href":"https:\/\/api.w.org\/{rel}","templated":true}]}}