{"id":72137,"date":"2018-09-20T19:58:52","date_gmt":"2018-09-20T22:58:52","guid":{"rendered":"https:\/\/verde-amarelo.net\/verdeamarelo\/2018\/09\/hyundai-comemora-seis-anos-de-producao-em-piracicaba\/"},"modified":"2018-09-20T19:58:52","modified_gmt":"2018-09-20T22:58:52","slug":"hyundai-comemora-seis-anos-de-producao-em-piracicaba","status":"publish","type":"post","link":"https:\/\/verde-amarelo.net\/verdeamarelo\/2018\/09\/hyundai-comemora-seis-anos-de-producao-em-piracicaba\/","title":{"rendered":"Hyundai comemora seis anos de produ\u00e7\u00e3o em Piracicaba"},"content":{"rendered":"<p><a href=\"http:\/\/www.carpointnews.com.br\/2018\/09\/20\/comemora-producao-piracicaba\/hyundai-comemora-seis-anos-de-producao-em-piracicaba\/\" rel=\"attachment wp-att-68437\"><img \"alignnone size-full wp-image-68437&#8243; src=&#8221;http:\/\/www.carpointnews.com.br\/wp-content\/uploads\/2018\/09\/Hyundai-comemora-seis-anos-de-produ%C3%A7%C3%A3o-em-Piracicaba.jpg&#8221; alt=&#8221;&#8221; width=&#8221;500&#8243; height=&#8221;236&#8243; srcset=&#8221;http:\/\/www.carpointnews.com.br\/wp-content\/uploads\/2018\/09\/Hyundai-comemora-seis-anos-de-produ&#xE7;&#xE3;o-em-Piracicaba.jpg 500w, http:\/\/www.carpointnews.com.br\/wp-content\/uploads\/2018\/09\/Hyundai-comemora-seis-anos-de-produ&#xE7;&#xE3;o-em-Piracicaba-300&#215;142.jpg 300w, http:\/\/www.carpointnews.com.br\/wp-content\/uploads\/2018\/09\/Hyundai-comemora-seis-anos-de-produ&#xE7;&#xE3;o-em-Piracicaba-180&#215;85.jpg 180w, http:\/\/www.carpointnews.com.br\/wp-content\/uploads\/2018\/09\/Hyundai-comemora-seis-anos-de-produ&#xE7;&#xE3;o-em-Piracicaba-150&#215;71.jpg 150w&#8221; sizes=&#8221;(max-width: 500px) 100vw, 500px&#8221;\/><\/a><\/p>\n<p>A Hyundai celebra nesta quinta-feira (20) seis anos de produ\u00e7\u00e3o em sua f\u00e1brica, em Piracicaba (SP). A planta iniciou suas opera\u00e7\u00f5es em 20 de setembro de 2012 com a fabrica\u00e7\u00e3o do hatch compacto HB20, modelo desenvolvido especialmente para o mercado nacional. Dando sequ\u00eancia ao bem sucedido projeto, a montadora come\u00e7ou, em janeiro de 2017, a produzir o SUV compacto Creta.<\/p>&nbsp;&nbsp;\n<p>Somados, os ve\u00edculos atingiram, no m\u00eas de agosto, a marca de 1 milh\u00e3o de ve\u00edculos produzidos, volume alcan\u00e7ado em apenas cinco anos e dez meses, recorde para a ind\u00fastria automobil\u00edstica brasileira. A Hyundai espera chegar, nos pr\u00f3ximos dias, a 1 milh\u00e3o de autom\u00f3veis comercializados no Brasil.<\/p>&nbsp;&nbsp;\n<p>\u201cO sucesso tanto do HB20 como do Creta pode ser medido no ritmo das vendas, que acompanha bem de perto a nossa produ\u00e7\u00e3o. Ou seja, vendemos tudo o que produzimos. Isso mostra o quanto o consumidor brasileiro reconheceu nestes dois modelos o nosso compromisso em oferecer design, tecnologia, qualidade, a garantia de cinco anos e o melhor atendimento, com um pre\u00e7o altamente competitivo nos segmentos de mercado que mais crescem\u201d, afirma Angel Martinez, diretor-executivo de Vendas, Marketing e P\u00f3s-vendas da Hyundai Motor Brasil.<\/p>&nbsp;&nbsp;\n<p>De acordo com n\u00fameros consolidados da Anfavea \u2013 Associa\u00e7\u00e3o Nacional de Fabricantes de Ve\u00edculos Automotores, foram produzidos 26 mil ve\u00edculos HB20 de setembro a dezembro de 2012, apenas na vers\u00e3o hatchback. No primeiro ano completo da fabricante, de janeiro a dezembro de 2013, esse volume saltou para 166 mil unidades, j\u00e1 com as tr\u00eas vers\u00f5es dispon\u00edveis: HB20 (hatchback), HB20S (sed\u00e3) e HB20X (aventureiro). Em 2014, a produ\u00e7\u00e3o atingiu seu \u00e1pice, com 174 mil unidades fabricadas. O volume correspondeu a 166 mil unidades em 2015 (com a adi\u00e7\u00e3o da vers\u00e3o HB20 R spec) e nos dois anos seguintes chegou a 162 mil, tendo a partir de 2017 o SUV Creta no portfolio. Para 2018, com a otimiza\u00e7\u00e3o de processos internos, estima-se a possibilidade de produzir 190 mil unidades at\u00e9 o final do ano.<\/p>&nbsp;&nbsp;\n<p><strong>Fonte:<\/strong> Hyundai Motor Brasil<\/p>\n","protected":false},"excerpt":{"rendered":"","protected":false},"author":1,"featured_media":0,"comment_status":"open","ping_status":"open","sticky":false,"template":"","format":"standard","meta":{"fifu_image_url":"","fifu_image_alt":"","footnotes":""},"categories":[8699],"tags":[8757],"class_list":["post-72137","post","type-post","status-publish","format-standard","hentry","category-geralcarros","tag-carroshyundainoticiaspiracicaba","wpcat-8699-id"],"_links":{"self":[{"href":"https:\/\/verde-amarelo.net\/verdeamarelo\/wp-json\/wp\/v2\/posts\/72137","targetHints":{"allow":["GET"]}}],"collection":[{"href":"https:\/\/verde-amarelo.net\/verdeamarelo\/wp-json\/wp\/v2\/posts"}],"about":[{"href":"https:\/\/verde-amarelo.net\/verdeamarelo\/wp-json\/wp\/v2\/types\/post"}],"author":[{"embeddable":true,"href":"https:\/\/verde-amarelo.net\/verdeamarelo\/wp-json\/wp\/v2\/users\/1"}],"replies":[{"embeddable":true,"href":"https:\/\/verde-amarelo.net\/verdeamarelo\/wp-json\/wp\/v2\/comments?post=72137"}],"version-history":[{"count":0,"href":"https:\/\/verde-amarelo.net\/verdeamarelo\/wp-json\/wp\/v2\/posts\/72137\/revisions"}],"wp:attachment":[{"href":"https:\/\/verde-amarelo.net\/verdeamarelo\/wp-json\/wp\/v2\/media?parent=72137"}],"wp:term":[{"taxonomy":"category","embeddable":true,"href":"https:\/\/verde-amarelo.net\/verdeamarelo\/wp-json\/wp\/v2\/categories?post=72137"},{"taxonomy":"post_tag","embeddable":true,"href":"https:\/\/verde-amarelo.net\/verdeamarelo\/wp-json\/wp\/v2\/tags?post=72137"}],"curies":[{"name":"wp","href":"https:\/\/api.w.org\/{rel}","templated":true}]}}