{"id":72138,"date":"2018-09-20T19:42:57","date_gmt":"2018-09-20T22:42:57","guid":{"rendered":"https:\/\/verde-amarelo.net\/verdeamarelo\/2018\/09\/effa-motors-planeja-montar-novos-modelos-em-manaus\/"},"modified":"2018-09-20T19:42:57","modified_gmt":"2018-09-20T22:42:57","slug":"effa-motors-planeja-montar-novos-modelos-em-manaus","status":"publish","type":"post","link":"https:\/\/verde-amarelo.net\/verdeamarelo\/2018\/09\/effa-motors-planeja-montar-novos-modelos-em-manaus\/","title":{"rendered":"Effa Motors planeja montar novos modelos em Manaus"},"content":{"rendered":"<p><a href=\"http:\/\/www.carpointnews.com.br\/2018\/09\/20\/planeja-modelos-manaus\/effa-motors-planeja-trazer-novos-modelos-e-ampliar-sua-rede-em-20192\/\" rel=\"attachment wp-att-68432\"><img \"alignnone size-full wp-image-68432&#8243; src=&#8221;http:\/\/www.carpointnews.com.br\/wp-content\/uploads\/2018\/09\/Effa-Motors-planeja-trazer-novos-modelos-e-ampliar-sua-rede-em-20192.jpg&#8221; alt=&#8221;&#8221; width=&#8221;500&#8243; height=&#8221;333&#8243; srcset=&#8221;http:\/\/www.carpointnews.com.br\/wp-content\/uploads\/2018\/09\/Effa-Motors-planeja-trazer-novos-modelos-e-ampliar-sua-rede-em-20192.jpg 500w, http:\/\/www.carpointnews.com.br\/wp-content\/uploads\/2018\/09\/Effa-Motors-planeja-trazer-novos-modelos-e-ampliar-sua-rede-em-20192-300&#215;200.jpg 300w, http:\/\/www.carpointnews.com.br\/wp-content\/uploads\/2018\/09\/Effa-Motors-planeja-trazer-novos-modelos-e-ampliar-sua-rede-em-20192-180&#215;120.jpg 180w, http:\/\/www.carpointnews.com.br\/wp-content\/uploads\/2018\/09\/Effa-Motors-planeja-trazer-novos-modelos-e-ampliar-sua-rede-em-20192-150&#215;100.jpg 150w&#8221; sizes=&#8221;(max-width: 500px) 100vw, 500px&#8221;\/><\/a><\/p>\n<p>A Effa Motors planeja ampliar significativamente sua atua\u00e7\u00e3o no mercado brasileiro no pr\u00f3ximo ano, ampliando sua linha de ve\u00edculos comercializada no Brasil e aumentando sua rede de revendas. Atualmente, a marca comercializa no Brasil quatro modelos de picapes, todas montadas na sua f\u00e1brica de Manaus (AM), e a meta para 2019 e iniciar a montagem de um modelo de van para passageiros e um furg\u00e3o para carga. Estes novos ve\u00edculos devem chegar \u00e0s lojas ainda no primeiro semestre.<\/p>&nbsp;&nbsp;\n<p>A empresa conta hoje com uma rede autorizada composta por diversas revendas localizadas nas cidades de Itabora\u00ed (RJ), An\u00e1polis (GO), Bel\u00e9m (PA), Porto Velho (RO), Salvador (BA), Pouso Alegre (MG), S\u00e3o Paulo (SP), Crici\u00fama (SC), S\u00e3o Bernardo do Campo (SP), Curitiba (PR), Belo Horizonte (MG), Araras (SP), Ara\u00e7atuba (SP), Florian\u00f3polis (SC), Rio Verde (GO), It\u00e1polis (SP) e Recife (PE). At\u00e9 o final do pr\u00f3ximo ano, esta rede dever\u00e1 crescer pelo menos 50%, atendendo todos os estados brasileiros e as principais capitais do Pa\u00eds.<\/p>&nbsp;&nbsp;\n<p>Para dar sustenta\u00e7\u00e3o a este crescimento, o servi\u00e7o de p\u00f3s-venda da Effa Motors vem sendo tratado com grande cuidado e respeito ao consumidor, tanto para os novos ve\u00edculos, como para a frota de 23 mil ve\u00edculos da marca que roda pelo Brasil desde 2007, quando a empresa iniciou sua opera\u00e7\u00e3o em nosso mercado. Para se ter ideia, desde o ano passado est\u00e1 no ar o site www.lojavirtualeffamotors.com, que comercializa online componentes de todos os ve\u00edculos j\u00e1 lan\u00e7ados pela marca no mercado brasileiro at\u00e9 hoje.<\/p>&nbsp;&nbsp;\n<p><strong>Fonte:<\/strong> g6 Comunica\u00e7\u00e3o Corporativa<\/p>\n","protected":false},"excerpt":{"rendered":"","protected":false},"author":1,"featured_media":0,"comment_status":"open","ping_status":"open","sticky":false,"template":"","format":"standard","meta":{"fifu_image_url":"","fifu_image_alt":"","footnotes":""},"categories":[8699],"tags":[8758],"class_list":["post-72138","post","type-post","status-publish","format-standard","hentry","category-geralcarros","tag-carroseffa-motorsnoticias","wpcat-8699-id"],"_links":{"self":[{"href":"https:\/\/verde-amarelo.net\/verdeamarelo\/wp-json\/wp\/v2\/posts\/72138","targetHints":{"allow":["GET"]}}],"collection":[{"href":"https:\/\/verde-amarelo.net\/verdeamarelo\/wp-json\/wp\/v2\/posts"}],"about":[{"href":"https:\/\/verde-amarelo.net\/verdeamarelo\/wp-json\/wp\/v2\/types\/post"}],"author":[{"embeddable":true,"href":"https:\/\/verde-amarelo.net\/verdeamarelo\/wp-json\/wp\/v2\/users\/1"}],"replies":[{"embeddable":true,"href":"https:\/\/verde-amarelo.net\/verdeamarelo\/wp-json\/wp\/v2\/comments?post=72138"}],"version-history":[{"count":0,"href":"https:\/\/verde-amarelo.net\/verdeamarelo\/wp-json\/wp\/v2\/posts\/72138\/revisions"}],"wp:attachment":[{"href":"https:\/\/verde-amarelo.net\/verdeamarelo\/wp-json\/wp\/v2\/media?parent=72138"}],"wp:term":[{"taxonomy":"category","embeddable":true,"href":"https:\/\/verde-amarelo.net\/verdeamarelo\/wp-json\/wp\/v2\/categories?post=72138"},{"taxonomy":"post_tag","embeddable":true,"href":"https:\/\/verde-amarelo.net\/verdeamarelo\/wp-json\/wp\/v2\/tags?post=72138"}],"curies":[{"name":"wp","href":"https:\/\/api.w.org\/{rel}","templated":true}]}}