{"id":72140,"date":"2018-09-20T14:00:00","date_gmt":"2018-09-20T17:00:00","guid":{"rendered":"https:\/\/verde-amarelo.net\/verdeamarelo\/2018\/09\/nissan-nissan-e-dams-firma-con-buemi-y-albon-para-debutar-en-la-formula-e\/"},"modified":"2018-09-20T14:00:00","modified_gmt":"2018-09-20T17:00:00","slug":"nissan-nissan-e-dams-firma-con-buemi-y-albon-para-debutar-en-la-formula-e","status":"publish","type":"post","link":"https:\/\/verde-amarelo.net\/verdeamarelo\/2018\/09\/nissan-nissan-e-dams-firma-con-buemi-y-albon-para-debutar-en-la-formula-e\/","title":{"rendered":"Nissan: Nissan e.dams firma con Buemi y Albon para debutar en la F\u00f3rmula E"},"content":{"rendered":"<div><img decoding=\"async\" src=\"data:image\/gif;base64,R0lGODlhAQABAIAAAAAAAP\/\/\/ywAAAAAAQABAAACAUwAOw==\" fifu-lazy=\"1\" fifu-data-sizes=\"auto\" fifu-data-srcset=\"https:\/\/i2.wp.com\/www.truckbrasil.com.br\/wp\/wp-content\/uploads\/2018\/09\/nissan-nissan-e-dams-firma-con-buemi-y-albon-para-debutar-en-la-formula-e.jpg?ssl=1&w=75&resize=75&ssl=1 75w, https:\/\/i2.wp.com\/www.truckbrasil.com.br\/wp\/wp-content\/uploads\/2018\/09\/nissan-nissan-e-dams-firma-con-buemi-y-albon-para-debutar-en-la-formula-e.jpg?ssl=1&w=100&resize=100&ssl=1 100w, https:\/\/i2.wp.com\/www.truckbrasil.com.br\/wp\/wp-content\/uploads\/2018\/09\/nissan-nissan-e-dams-firma-con-buemi-y-albon-para-debutar-en-la-formula-e.jpg?ssl=1&w=150&resize=150&ssl=1 150w, https:\/\/i2.wp.com\/www.truckbrasil.com.br\/wp\/wp-content\/uploads\/2018\/09\/nissan-nissan-e-dams-firma-con-buemi-y-albon-para-debutar-en-la-formula-e.jpg?ssl=1&w=240&resize=240&ssl=1 240w, https:\/\/i2.wp.com\/www.truckbrasil.com.br\/wp\/wp-content\/uploads\/2018\/09\/nissan-nissan-e-dams-firma-con-buemi-y-albon-para-debutar-en-la-formula-e.jpg?ssl=1&w=320&resize=320&ssl=1 320w, https:\/\/i2.wp.com\/www.truckbrasil.com.br\/wp\/wp-content\/uploads\/2018\/09\/nissan-nissan-e-dams-firma-con-buemi-y-albon-para-debutar-en-la-formula-e.jpg?ssl=1&w=500&resize=500&ssl=1 500w, https:\/\/i2.wp.com\/www.truckbrasil.com.br\/wp\/wp-content\/uploads\/2018\/09\/nissan-nissan-e-dams-firma-con-buemi-y-albon-para-debutar-en-la-formula-e.jpg?ssl=1&w=640&resize=640&ssl=1 640w, https:\/\/i2.wp.com\/www.truckbrasil.com.br\/wp\/wp-content\/uploads\/2018\/09\/nissan-nissan-e-dams-firma-con-buemi-y-albon-para-debutar-en-la-formula-e.jpg?ssl=1&w=800&resize=800&ssl=1 800w, https:\/\/i2.wp.com\/www.truckbrasil.com.br\/wp\/wp-content\/uploads\/2018\/09\/nissan-nissan-e-dams-firma-con-buemi-y-albon-para-debutar-en-la-formula-e.jpg?ssl=1&w=1024&resize=1024&ssl=1 1024w, https:\/\/i2.wp.com\/www.truckbrasil.com.br\/wp\/wp-content\/uploads\/2018\/09\/nissan-nissan-e-dams-firma-con-buemi-y-albon-para-debutar-en-la-formula-e.jpg?ssl=1&w=1280&resize=1280&ssl=1 1280w, https:\/\/i2.wp.com\/www.truckbrasil.com.br\/wp\/wp-content\/uploads\/2018\/09\/nissan-nissan-e-dams-firma-con-buemi-y-albon-para-debutar-en-la-formula-e.jpg?ssl=1&w=1600&resize=1600&ssl=1 1600w\" fifu-data-src=\"https:\/\/i2.wp.com\/www.truckbrasil.com.br\/wp\/wp-content\/uploads\/2018\/09\/nissan-nissan-e-dams-firma-con-buemi-y-albon-para-debutar-en-la-formula-e.jpg?ssl=1\" class=\"ff-og-image-inserted\"\/><\/div>\n<p>El poseedor de varios r\u00e9cords y la joven estrella correr\u00e1n durante el debut de Nissan en el Campeonato totalmente el\u00e9ctrico ABB de F\u00f3rmula E de la FIA<\/p>\n<div id=\"releaseBody\" readability=\"126.537754249\">\n<p>\u00ad<strong>YOKOHAMA, Jap\u00f3n<\/strong> \u2013 El corredor suizo Sebastien Buemi y el piloto originario del Reino Unido Alex Albon, correr\u00e1n para Nissan en diciembre cuando el l\u00edder global de ventas de veh\u00edculos el\u00e9ctricos debute en el Campeonato ABB de F\u00f3rmula E de la FIA.<\/p>&nbsp;&nbsp;\n<p>El programa de F\u00f3rmula E de Nissan mostrar\u00e1 una nueva cara en el &#8220;desempe\u00f1o&#8221; de Nissan Intelligent Mobility, la visi\u00f3n de la compa\u00f1\u00eda para cambiar la forma en que los veh\u00edculos son conducidos, impulsados e integrados a la sociedad. Como la primera compa\u00f1\u00eda japonesa en unirse a la serie del campeonato de carreras el\u00e9ctricas, Nissan recurrir\u00e1 a su experiencia comprobada como l\u00edder mundial en veh\u00edculos el\u00e9ctricos, con m\u00e1s de 350,000 unidades vendidas del Nissan LEAF desde su lanzamiento en 2010.<\/p>&nbsp;&nbsp;\n<p>Buemi, de 29 a\u00f1os, pas\u00f3 las \u00faltimas cuatro temporadas como piloto con e.dams, el compa\u00f1ero de carreras de F\u00f3rmula E de Nissan. Debutar\u00e1 con los colores de Nissan a bordo del nuevo veh\u00edculo Gen2 F\u00f3rmula E, en la prueba de manejo abierta de la serie el pr\u00f3ximo mes en Valencia, Espa\u00f1a.<\/p>&nbsp;&nbsp;\n<p>Los logros anteriores de Buemi en la pista incluyen ganar el campeonato de pilotos 2016\/2017 y establecer r\u00e9cords de la serie, entre ellos m\u00e1s victorias, m\u00e1s posiciones de privilegio, m\u00e1s vueltas r\u00e1pidas, m\u00e1s victorias consecutivas, m\u00e1s victorias en una temporada, m\u00e1s puntos consecutivos, m\u00e1s vueltas como l\u00edder y m\u00e1s carreras como l\u00edder.<\/p>&nbsp;&nbsp;\n<p>&#8220;La quinta temporada ser\u00e1 un nuevo comienzo para m\u00ed de muchas maneras&#8221;, mencion\u00f3 Buemi. &#8220;Hay muchas cosas nuevas: los veh\u00edculos, el formato de la carrera, las sedes. Espero continuar trabajando con e.dams y llevar la emoci\u00f3n de la tecnolog\u00eda del l\u00edder mundial en veh\u00edculos el\u00e9ctricos, Nissan, a los fans del automovilismo&#8221;.<\/p>&nbsp;&nbsp;\n<p>Albon, de 22 a\u00f1os, har\u00e1 su debut en la F\u00f3rmula E con Nissan despu\u00e9s de impresionantes actuaciones en las categor\u00edas internacionales de monoplazas juveniles. Termin\u00f3 segundo en la serie GP3 2016 y actualmente, por puntos, es tercero en el campeonato de F\u00f3rmula 2 de la FIA de este a\u00f1o, con tres victorias.<\/p>&nbsp;&nbsp;\n<p>&#8220;El nivel de competencia en la serie es intenso, y estoy ansioso por probarme contra algunos de los mejores pilotos del mundo&#8221;, expres\u00f3 Albon. &#8220;Las carreras el\u00e9ctricas urbanas ser\u00e1n un nuevo desaf\u00edo para m\u00ed, pero trabajar con Sebastien como compa\u00f1ero de equipo ser\u00e1 de gran ayuda, ya que ha establecido el punto de referencia para el desempe\u00f1o en la serie&#8221;.<\/p>&nbsp;&nbsp;\n<p>Nissan har\u00e1 su debut en la F\u00f3rmula E en la primera ronda de la quinta temporada, el 15 de diciembre de 2018 en Riyadh, Arabia Saudita. Seguir\u00e1n carreras en Marrakech, Marruecos; Sanya, China; Monte Carlo, M\u00f3naco; Hong Kong, Ciudad de M\u00e9xico, Roma, Par\u00eds, Berl\u00edn y Nueva York. Las carreras adicionales est\u00e1n programadas para el 26 de enero y el 9 de junio de 2019, el lugar se anunciar\u00e1 m\u00e1s adelante.<\/p>&nbsp;&nbsp;\n<p>&#8220;El impresionante r\u00e9cord de Sebastien en el campeonato de la F\u00f3rmula E habla por s\u00ed mismo, ponerlo de dupla con una joven estrella como Alex es una gran combinaci\u00f3n&#8221;, se\u00f1al\u00f3 Michael Carcamo, director global de Motorsports de Nissan. &#8220;No podemos pensar en un mejor equipo para exhibir nuestras innovadoras tecnolog\u00edas y nuestra visi\u00f3n de <em>Nissan Intelligent Mobility<\/em>&#8220;.<\/p>&nbsp;&nbsp;\n<p>Jean-Paul Driot, Director de e.dams, agreg\u00f3: &#8220;Sebastien ha sido una parte importante del equipo de e.dams desde nuestra primera carrera de F\u00f3rmula E hace cuatro a\u00f1os en China. Conocemos bien a Alex por sus actuaciones con DAMS en la F\u00f3rmula 2 y estamos entusiasmados de llevar su talento al campeonato de la F\u00f3rmula E.&#8221;\u00a0<\/p>\n<p><small><a href=\"https:\/\/flixel.com\/<a target=\"_blank\"  href=\"https:\/\/www.vigilanterodoviario.com.br\/retro\/\"><a href=\"https:\/\/www.vigilanterodoviario.com.br\/retro\/\" target=\"_blank\" rel=\"noopener\">cinema<\/a><\/a>graph\/70lu7k7nlwlbb632muv9\/\" target=\"_blank\" rel=\"noopener\">Incruste este <a target=\"_blank\"  href=\"https:\/\/www.vigilanterodoviario.com.br\/retro\/\"><a href=\"https:\/\/www.vigilanterodoviario.com.br\/retro\/\" target=\"_blank\" rel=\"noopener\">cinema<\/a><\/a>graph en su sitio web<\/a><\/small><\/p>\n<p># # #<\/p>\n<\/div>\n","protected":false},"excerpt":{"rendered":"<p>El poseedor de varios r\u00e9cords y la joven estrella correr\u00e1n durante el debut de Nissan&#8230;<\/p>\n","protected":false},"author":1,"featured_media":0,"comment_status":"open","ping_status":"open","sticky":false,"template":"","format":"standard","meta":{"fifu_image_url":"","fifu_image_alt":"","footnotes":""},"categories":[8699],"tags":[5364],"class_list":["post-72140","post","type-post","status-publish","format-standard","hentry","category-geralcarros","tag-nissan","wpcat-8699-id"],"_links":{"self":[{"href":"https:\/\/verde-amarelo.net\/verdeamarelo\/wp-json\/wp\/v2\/posts\/72140","targetHints":{"allow":["GET"]}}],"collection":[{"href":"https:\/\/verde-amarelo.net\/verdeamarelo\/wp-json\/wp\/v2\/posts"}],"about":[{"href":"https:\/\/verde-amarelo.net\/verdeamarelo\/wp-json\/wp\/v2\/types\/post"}],"author":[{"embeddable":true,"href":"https:\/\/verde-amarelo.net\/verdeamarelo\/wp-json\/wp\/v2\/users\/1"}],"replies":[{"embeddable":true,"href":"https:\/\/verde-amarelo.net\/verdeamarelo\/wp-json\/wp\/v2\/comments?post=72140"}],"version-history":[{"count":0,"href":"https:\/\/verde-amarelo.net\/verdeamarelo\/wp-json\/wp\/v2\/posts\/72140\/revisions"}],"wp:attachment":[{"href":"https:\/\/verde-amarelo.net\/verdeamarelo\/wp-json\/wp\/v2\/media?parent=72140"}],"wp:term":[{"taxonomy":"category","embeddable":true,"href":"https:\/\/verde-amarelo.net\/verdeamarelo\/wp-json\/wp\/v2\/categories?post=72140"},{"taxonomy":"post_tag","embeddable":true,"href":"https:\/\/verde-amarelo.net\/verdeamarelo\/wp-json\/wp\/v2\/tags?post=72140"}],"curies":[{"name":"wp","href":"https:\/\/api.w.org\/{rel}","templated":true}]}}