{"id":72154,"date":"2018-09-20T16:56:00","date_gmt":"2018-09-20T19:56:00","guid":{"rendered":"https:\/\/verde-amarelo.net\/verdeamarelo\/2018\/09\/nissan-equipe-nissan-e-dams-confirma-pilotos-buemi-e-albon-para-estreia-na-formula-e\/"},"modified":"2018-09-20T16:56:00","modified_gmt":"2018-09-20T19:56:00","slug":"nissan-equipe-nissan-e-dams-confirma-pilotos-buemi-e-albon-para-estreia-na-formula-e","status":"publish","type":"post","link":"https:\/\/verde-amarelo.net\/verdeamarelo\/2018\/09\/nissan-equipe-nissan-e-dams-confirma-pilotos-buemi-e-albon-para-estreia-na-formula-e\/","title":{"rendered":"Nissan: Equipe Nissan e.dams confirma pilotos Buemi e Albon para estreia na F\u00f3rmula E"},"content":{"rendered":"<div><img decoding=\"async\" src=\"data:image\/gif;base64,R0lGODlhAQABAIAAAAAAAP\/\/\/ywAAAAAAQABAAACAUwAOw==\" fifu-lazy=\"1\" fifu-data-sizes=\"auto\" fifu-data-srcset=\"https:\/\/i2.wp.com\/www.truckbrasil.com.br\/wp\/wp-content\/uploads\/2018\/09\/nissan-equipe-nissan-e-dams-confirma-pilotos-buemi-e-albon-para-estreia-na-formula-e.jpg?ssl=1&w=75&resize=75&ssl=1 75w, https:\/\/i2.wp.com\/www.truckbrasil.com.br\/wp\/wp-content\/uploads\/2018\/09\/nissan-equipe-nissan-e-dams-confirma-pilotos-buemi-e-albon-para-estreia-na-formula-e.jpg?ssl=1&w=100&resize=100&ssl=1 100w, https:\/\/i2.wp.com\/www.truckbrasil.com.br\/wp\/wp-content\/uploads\/2018\/09\/nissan-equipe-nissan-e-dams-confirma-pilotos-buemi-e-albon-para-estreia-na-formula-e.jpg?ssl=1&w=150&resize=150&ssl=1 150w, https:\/\/i2.wp.com\/www.truckbrasil.com.br\/wp\/wp-content\/uploads\/2018\/09\/nissan-equipe-nissan-e-dams-confirma-pilotos-buemi-e-albon-para-estreia-na-formula-e.jpg?ssl=1&w=240&resize=240&ssl=1 240w, https:\/\/i2.wp.com\/www.truckbrasil.com.br\/wp\/wp-content\/uploads\/2018\/09\/nissan-equipe-nissan-e-dams-confirma-pilotos-buemi-e-albon-para-estreia-na-formula-e.jpg?ssl=1&w=320&resize=320&ssl=1 320w, https:\/\/i2.wp.com\/www.truckbrasil.com.br\/wp\/wp-content\/uploads\/2018\/09\/nissan-equipe-nissan-e-dams-confirma-pilotos-buemi-e-albon-para-estreia-na-formula-e.jpg?ssl=1&w=500&resize=500&ssl=1 500w, https:\/\/i2.wp.com\/www.truckbrasil.com.br\/wp\/wp-content\/uploads\/2018\/09\/nissan-equipe-nissan-e-dams-confirma-pilotos-buemi-e-albon-para-estreia-na-formula-e.jpg?ssl=1&w=640&resize=640&ssl=1 640w, https:\/\/i2.wp.com\/www.truckbrasil.com.br\/wp\/wp-content\/uploads\/2018\/09\/nissan-equipe-nissan-e-dams-confirma-pilotos-buemi-e-albon-para-estreia-na-formula-e.jpg?ssl=1&w=800&resize=800&ssl=1 800w, https:\/\/i2.wp.com\/www.truckbrasil.com.br\/wp\/wp-content\/uploads\/2018\/09\/nissan-equipe-nissan-e-dams-confirma-pilotos-buemi-e-albon-para-estreia-na-formula-e.jpg?ssl=1&w=1024&resize=1024&ssl=1 1024w, https:\/\/i2.wp.com\/www.truckbrasil.com.br\/wp\/wp-content\/uploads\/2018\/09\/nissan-equipe-nissan-e-dams-confirma-pilotos-buemi-e-albon-para-estreia-na-formula-e.jpg?ssl=1&w=1280&resize=1280&ssl=1 1280w, https:\/\/i2.wp.com\/www.truckbrasil.com.br\/wp\/wp-content\/uploads\/2018\/09\/nissan-equipe-nissan-e-dams-confirma-pilotos-buemi-e-albon-para-estreia-na-formula-e.jpg?ssl=1&w=1600&resize=1600&ssl=1 1600w\" fifu-data-src=\"https:\/\/i2.wp.com\/www.truckbrasil.com.br\/wp\/wp-content\/uploads\/2018\/09\/nissan-equipe-nissan-e-dams-confirma-pilotos-buemi-e-albon-para-estreia-na-formula-e.jpg?ssl=1\" class=\"ff-og-image-inserted\"\/><\/div>\n<p>Dupla de pilotos \u2013 um recordista e outro jovem promissor \u2013 conduzir\u00e1 a Nissan na 100% el\u00e9trica ABB FIA F\u00f3rmula E<\/p>\n<div id=\"releaseBody\" readability=\"125.649610679\">\n<p>\u00ad<strong>YOKOHAMA, Jap\u00e3o<\/strong> \u2013 O piloto su\u00ed\u00e7o S\u00e9bastien Buemi e Alex Albon, baseado no Reino Unido, correr\u00e3o pela Nissan <a href=\"https:\/\/newsroom.nissan-global.com\/releases\/release-a184dd62301d125a56b7fc4e88015f5e\" target=\"_blank\" rel=\"noopener\">na estreia<\/a> da marca campe\u00e3 mundial de vendas de ve\u00edculos el\u00e9tricos na ABB FIA F\u00f3rmula E, que acontece em dezembro.<\/p>&nbsp;&nbsp;\n<p>O programa da Nissan para a F\u00f3rmula E vai mostrar um novo &#8220;lado de performance&#8221; da Mobilidade Inteligente da Nissan \u2013 a vis\u00e3o da empresa para mudar a forma como os carros ser\u00e3o propulsionados, conduzidos e integrados \u00e0 sociedade. A Nissan \u00e9 a primeira empresa japonesa a participar da s\u00e9rie de competi\u00e7\u00f5es 100% el\u00e9trica e para isso vai contar com sua experi\u00eancia testada e aprovada como a marca que mais vendeu ve\u00edculos el\u00e9tricos de todos os tempos, em todo o mundo \u2013 tendo comercializado mais de 350.000 modelos Nissan LEAF desde seu lan\u00e7amento mundial, em 2010.<\/p>&nbsp;&nbsp;\n<p>Nas primeiras quatro temporadas da F\u00f3rmula E, Buemi, de 29 anos, foi piloto da e.dams, agora parceira da Nissan no campeonato. Ele vai estrear as cores da Nissan a bordo do novo carro Gen2 durante o teste aberto da categoria, que ser\u00e1 realizado no pr\u00f3ximo m\u00eas em Val\u00eancia, na Espanha.<\/p>&nbsp;&nbsp;\n<p>O curr\u00edculo de Buemi nas pistas inclui o t\u00edtulo de pilotos no campeonato de 2015\/2016 e os recordes da categoria de maior n\u00famero de vit\u00f3rias, poles, voltas mais r\u00e1pidas, vit\u00f3rias consecutivas, vit\u00f3rias em uma temporada, ac\u00famulo de pontos em finais de provas consecutivas, voltas lideradas e corridas lideradas.<\/p>&nbsp;&nbsp;\n<p>&#8220;A quinta temporada ser\u00e1 um grande recome\u00e7o, depois de tantos anos&#8221;, comentou Buemi. &#8220;Vai ter muita coisa nova para mim \u2013 os carros, o formato da corrida, os locais das provas. Espero continuar trabalhando com a e.dams e levar a empolga\u00e7\u00e3o da tecnologia campe\u00e3 em ve\u00edculos el\u00e9tricos da Nissan para os f\u00e3s do automobilismo esportivo de todo o planeta&#8221;, disse Buemi.<\/p>&nbsp;&nbsp;\n<p>Albon, de 22 anos, vai estrar na F\u00f3rmula E com a Nissan ap\u00f3s uma performance impressionante em categorias de monopostos para iniciantes. Ele terminou em segundo na s\u00e9rie GP3, em 2016, e det\u00e9m o terceiro lugar em pontos no campeonato FIA de F\u00f3rmula 2, com tr\u00eas vit\u00f3rias.<\/p>&nbsp;&nbsp;\n<p>&#8220;Esta categoria tem um n\u00edvel de competitividade intenso, e n\u00e3o vejo a hora de testar minha performance em rela\u00e7\u00e3o a alguns dos melhores pilotos do mundo&#8221;, disse Albon. &#8220;Os circuitos de rua ser\u00e3o um novo desafio para mim.\u00a0 Ser companheiro de equipe do S\u00e9bastien ajudar\u00e1 muito, pois ele \u00e9 uma refer\u00eancia em termos de performance para a categoria&#8221;.<\/p>&nbsp;&nbsp;\n<p>A Nissan vai estrear na primeira prova da quinta temporada da F\u00f3rmula E, que ser\u00e1 realizada no dia 15 de dezembro deste ano, em Riad, na Ar\u00e1bia Saudita. As provas seguintes acontecer\u00e3o em Marrakesh (Marrocos), Cidade do M\u00e9xico, Hong Kong, Sanya (China), Roma (It\u00e1lia), Paris (Fran\u00e7a), Monte Carlo (M\u00f4naco) e Nova York (EUA). Os locais das provas de 26 de janeiro e 9 de junho de 2019 ainda n\u00e3o foram confirmados.<\/p>&nbsp;&nbsp;\n<p>&#8220;O S\u00e9bastien tem um hist\u00f3rico impressionante na F\u00f3rmula E que j\u00e1 fala por si, e ele far\u00e1 uma grande dupla com um jovem promissor como o Alex&#8221;, comentou Michael Carcamo, diretor mundial de competi\u00e7\u00f5es da Nissan. &#8220;N\u00e3o poder\u00edamos pensar em uma equipe melhor para ser a vitrine de nossas tecnologias inovadoras e nossa vis\u00e3o da Mobilidade Inteligente da Nissan&#8221;.<\/p>&nbsp;&nbsp;\n<p>\u00a0&#8220;O S\u00e9bastien \u00e9 parte importante da equipe e.dams desde a nossa primeira corrida na F\u00f3rmula E, h\u00e1 quatro anos, na China, e tamb\u00e9m conhecemos o Alex muito bem por suas performances com a escuderia DAMS, na F\u00f3rmula 2. Por isso estamos muito empolgados para trazer o talento dele para o campeonato de F\u00f3rmula E&#8221; disse Jean-Paul Driot, diretor da equipe e.dams.<\/p>&nbsp;&nbsp;\n<p># # #<\/p>\n<\/div>\n","protected":false},"excerpt":{"rendered":"<p>Dupla de pilotos \u2013 um recordista e outro jovem promissor \u2013 conduzir\u00e1 a Nissan na&#8230;<\/p>\n","protected":false},"author":1,"featured_media":0,"comment_status":"open","ping_status":"open","sticky":false,"template":"","format":"standard","meta":{"fifu_image_url":"","fifu_image_alt":"","footnotes":""},"categories":[8699],"tags":[5364],"class_list":["post-72154","post","type-post","status-publish","format-standard","hentry","category-geralcarros","tag-nissan","wpcat-8699-id"],"_links":{"self":[{"href":"https:\/\/verde-amarelo.net\/verdeamarelo\/wp-json\/wp\/v2\/posts\/72154","targetHints":{"allow":["GET"]}}],"collection":[{"href":"https:\/\/verde-amarelo.net\/verdeamarelo\/wp-json\/wp\/v2\/posts"}],"about":[{"href":"https:\/\/verde-amarelo.net\/verdeamarelo\/wp-json\/wp\/v2\/types\/post"}],"author":[{"embeddable":true,"href":"https:\/\/verde-amarelo.net\/verdeamarelo\/wp-json\/wp\/v2\/users\/1"}],"replies":[{"embeddable":true,"href":"https:\/\/verde-amarelo.net\/verdeamarelo\/wp-json\/wp\/v2\/comments?post=72154"}],"version-history":[{"count":0,"href":"https:\/\/verde-amarelo.net\/verdeamarelo\/wp-json\/wp\/v2\/posts\/72154\/revisions"}],"wp:attachment":[{"href":"https:\/\/verde-amarelo.net\/verdeamarelo\/wp-json\/wp\/v2\/media?parent=72154"}],"wp:term":[{"taxonomy":"category","embeddable":true,"href":"https:\/\/verde-amarelo.net\/verdeamarelo\/wp-json\/wp\/v2\/categories?post=72154"},{"taxonomy":"post_tag","embeddable":true,"href":"https:\/\/verde-amarelo.net\/verdeamarelo\/wp-json\/wp\/v2\/tags?post=72154"}],"curies":[{"name":"wp","href":"https:\/\/api.w.org\/{rel}","templated":true}]}}