{"id":72155,"date":"2018-09-20T12:00:00","date_gmt":"2018-09-20T15:00:00","guid":{"rendered":"https:\/\/verde-amarelo.net\/verdeamarelo\/2018\/09\/nissan-nissan-lanca-versa-voltado-para-o-publico-pcd-na-mobility-show-sp-2018\/"},"modified":"2018-09-20T12:00:00","modified_gmt":"2018-09-20T15:00:00","slug":"nissan-nissan-lanca-versa-voltado-para-o-publico-pcd-na-mobility-show-sp-2018","status":"publish","type":"post","link":"https:\/\/verde-amarelo.net\/verdeamarelo\/2018\/09\/nissan-nissan-lanca-versa-voltado-para-o-publico-pcd-na-mobility-show-sp-2018\/","title":{"rendered":"Nissan: Nissan lan\u00e7a Versa voltado para o p\u00fablico PcD na Mobility &amp; Show SP 2018"},"content":{"rendered":"<div><img decoding=\"async\" src=\"data:image\/gif;base64,R0lGODlhAQABAIAAAAAAAP\/\/\/ywAAAAAAQABAAACAUwAOw==\" fifu-lazy=\"1\" fifu-data-sizes=\"auto\" fifu-data-srcset=\"https:\/\/i0.wp.com\/www.truckbrasil.com.br\/wp\/wp-content\/uploads\/2018\/09\/nissan-nissan-lanca-versa-voltado-para-o-publico-pcd-na-mobility-show-sp-2018.jpg?ssl=1&w=75&resize=75&ssl=1 75w, https:\/\/i0.wp.com\/www.truckbrasil.com.br\/wp\/wp-content\/uploads\/2018\/09\/nissan-nissan-lanca-versa-voltado-para-o-publico-pcd-na-mobility-show-sp-2018.jpg?ssl=1&w=100&resize=100&ssl=1 100w, https:\/\/i0.wp.com\/www.truckbrasil.com.br\/wp\/wp-content\/uploads\/2018\/09\/nissan-nissan-lanca-versa-voltado-para-o-publico-pcd-na-mobility-show-sp-2018.jpg?ssl=1&w=150&resize=150&ssl=1 150w, https:\/\/i0.wp.com\/www.truckbrasil.com.br\/wp\/wp-content\/uploads\/2018\/09\/nissan-nissan-lanca-versa-voltado-para-o-publico-pcd-na-mobility-show-sp-2018.jpg?ssl=1&w=240&resize=240&ssl=1 240w, https:\/\/i0.wp.com\/www.truckbrasil.com.br\/wp\/wp-content\/uploads\/2018\/09\/nissan-nissan-lanca-versa-voltado-para-o-publico-pcd-na-mobility-show-sp-2018.jpg?ssl=1&w=320&resize=320&ssl=1 320w, https:\/\/i0.wp.com\/www.truckbrasil.com.br\/wp\/wp-content\/uploads\/2018\/09\/nissan-nissan-lanca-versa-voltado-para-o-publico-pcd-na-mobility-show-sp-2018.jpg?ssl=1&w=500&resize=500&ssl=1 500w, https:\/\/i0.wp.com\/www.truckbrasil.com.br\/wp\/wp-content\/uploads\/2018\/09\/nissan-nissan-lanca-versa-voltado-para-o-publico-pcd-na-mobility-show-sp-2018.jpg?ssl=1&w=640&resize=640&ssl=1 640w, https:\/\/i0.wp.com\/www.truckbrasil.com.br\/wp\/wp-content\/uploads\/2018\/09\/nissan-nissan-lanca-versa-voltado-para-o-publico-pcd-na-mobility-show-sp-2018.jpg?ssl=1&w=800&resize=800&ssl=1 800w, https:\/\/i0.wp.com\/www.truckbrasil.com.br\/wp\/wp-content\/uploads\/2018\/09\/nissan-nissan-lanca-versa-voltado-para-o-publico-pcd-na-mobility-show-sp-2018.jpg?ssl=1&w=1024&resize=1024&ssl=1 1024w, https:\/\/i0.wp.com\/www.truckbrasil.com.br\/wp\/wp-content\/uploads\/2018\/09\/nissan-nissan-lanca-versa-voltado-para-o-publico-pcd-na-mobility-show-sp-2018.jpg?ssl=1&w=1280&resize=1280&ssl=1 1280w, https:\/\/i0.wp.com\/www.truckbrasil.com.br\/wp\/wp-content\/uploads\/2018\/09\/nissan-nissan-lanca-versa-voltado-para-o-publico-pcd-na-mobility-show-sp-2018.jpg?ssl=1&w=1600&resize=1600&ssl=1 1600w\" fifu-data-src=\"https:\/\/i0.wp.com\/www.truckbrasil.com.br\/wp\/wp-content\/uploads\/2018\/09\/nissan-nissan-lanca-versa-voltado-para-o-publico-pcd-na-mobility-show-sp-2018.jpg?ssl=1\" class=\"ff-og-image-inserted\"\/><\/div>\n<p><strong>RIO DE JANEIRO<\/strong> \u2013 A Nissan vai apresentar na Mobility &amp; Show SP 2018, feira direcionada ao p\u00fablico PcD que vai de amanh\u00e3 a domingo em S\u00e3o Paulo, o novo Versa 1.6 SL Direct, vers\u00e3o do sed\u00e3 compacto voltada especialmente para esses consumidores. Com pre\u00e7o de tabela de R$ 68.840 para a pintura s\u00f3lida, a novidade pode ser comprada por R$ 53.237 com as isen\u00e7\u00f5es legais de IPI e ICMS. A nova vers\u00e3o \u00e9 parte do amplo programa &#8220;Nissan Mobilidade para Todos&#8221;, que tem como objetivo facilitar o acesso e disponibilidade de ve\u00edculos zero-quil\u00f4metro a pessoas com defici\u00eancia (PcD).<\/p>&nbsp;&nbsp;\n<p>Baseada na vers\u00e3o SL do sed\u00e3 fabricado no Complexo Industrial Nissan de Resende (RJ), o Versa 1.6 SL Direct 2019 \u00e9 muito bem equipado de s\u00e9rie, oferecendo conforto, tecnologia e espa\u00e7o aos ocupantes. Traz de f\u00e1brica banco do motorista <em>comfort seat<\/em> com ajuste de altura, banco traseiro rebat\u00edvel, dire\u00e7\u00e3o el\u00e9trica progressiva com regulagem de altura, freios ABS com controle eletr\u00f4nico de frenagem (EBD) e assist\u00eancia de frenagem (BA) e vidros dianteiros e traseiros com acionamento el\u00e9trico com fun\u00e7\u00e3o um toque para descida no lado do motorista.<\/p>&nbsp;&nbsp;\n<p>Al\u00e9m disso, o modelo tem bancos e volante com acabamento em couro, ar-condicionado autom\u00e1tico digital, c\u00e2mera traseira com imagem integrada no display do r\u00e1dio, central multim\u00eddia Multi-App com CarPlay e Android Auto,\u00a0computador de bordo, dire\u00e7\u00e3o el\u00e9trica progressiva com regulagem de altura, farol de neblina, ma\u00e7anetas externas cromadas, retrovisores externos el\u00e9tricos na cor do ve\u00edculo com luzes indicadoras de dire\u00e7\u00e3o, rodas de liga-leve de aro 16 e sistema de navega\u00e7\u00e3o integrado ao painel. O c\u00e2mbio \u00e9 o continuamente vari\u00e1vel XTRONIC CVT, \u00fanico no segmento.<\/p>&nbsp;&nbsp;\n<p>Al\u00e9m de ser completo, o Nissan Versa configura-se como uma das melhores op\u00e7\u00f5es para o p\u00fablico PcD por conta dos seus diversos outros atributos. Confira quais s\u00e3o no v\u00eddeo:<\/p>\n<p><strong>Por que o Nissan Versa \u00e9 uma das melhores op\u00e7\u00f5es para o p\u00fablico PcD<\/strong><\/p>\n<p><strong>Nissan Mobilidade para Todos<\/strong><\/p>\n<p>O amplo programa &#8220;Nissan Mobilidade para Todos&#8221; tem como objetivo facilitar o acesso e a disponibilidade de ve\u00edculos Nissan zero-quil\u00f4metro para pessoas com defici\u00eancia (PcD). Al\u00e9m do Versa Direct e Kicks Direct, est\u00e3o dispon\u00edveis no programa o compacto Nissan March e o Nissan Sentra, que conta com isen\u00e7\u00e3o de IPI, completa a linha Nissan dispon\u00edvel para PcD.<\/p>&nbsp;&nbsp;\n<p>A Nissan treinou vendedores de concession\u00e1rias de todo pa\u00eds para atender \u00e0s necessidades das pessoas com defici\u00eancia e disponibilizou em seu site corporativo uma p\u00e1gina espec\u00edfica com informa\u00e7\u00f5es sobre o programa (<a href=\"https:\/\/www.nissan.com.br\/mobilidadeparatodos\" target=\"_blank\" rel=\"noopener\">www.nissan.com.br\/mobilidadeparatodos<\/a>). Nele, o visitante tem toda a orienta\u00e7\u00e3o do que \u00e9 necess\u00e1rio fazer e quais limita\u00e7\u00f5es de sa\u00fade d\u00e3o direito \u00e0 isen\u00e7\u00e3o de impostos na compra de um ve\u00edculo Nissan novo. Al\u00e9m disso, conhecer\u00e1 as vers\u00f5es dos modelos de sua linha Nissan que se enquadram nas isen\u00e7\u00f5es fiscais, os pre\u00e7os e seus conte\u00fados.<\/p>&nbsp;&nbsp;\n<p><strong>Mobility &amp; Show<\/strong><\/p>\n<p>Al\u00e9m do Versa Direct, a Nissan tamb\u00e9m contar\u00e1 na feira com o Kicks Direct, vers\u00e3o SUV para o p\u00fablico PcD. Esta \u00e9 a segunda participa\u00e7\u00e3o da Nissan no evento apenas esse ano, que passou pelo Rio de Janeiro em julho. <strong>\u00a0<\/strong><\/p>\n<p>Lan\u00e7ada no Brasil em 2015, a feira ocorre nos moldes da &#8220;Mobility Road Show&#8221;, feira que acontece h\u00e1 mais de 30 anos em Londres. Em 2017, a feira estrelou tr\u00eas edi\u00e7\u00f5es entre o Rio de Janeiro, S\u00e3o Paulo e Recife. A primeira edi\u00e7\u00e3o da feira em 2018 aconteceu no Rio de Janeiro de 27 a 29 de julho. Em S\u00e3o Paulo ser\u00e1 de 21 a 23 de setembro e a de Belo Horizonte est\u00e1 programada para 23 a 25 de novembro.<\/p>&nbsp;&nbsp;\n<p><strong>Servi\u00e7o \u2013 Mobility &amp; Show SP<\/strong><\/p>\n<p><strong>Data<\/strong>: 21 a 23 de setembro<br \/><strong>Local<\/strong>: Campo de Marte \u2013 Av. Santos Dumont, N\u00ba 2.241 \u2013 Santana, SP<br \/><strong>Hor\u00e1rios<\/strong>: 21\/09 das 12h \u00e0s 18h<br \/>\u00a0\u00a0\u00a0\u00a0\u00a0\u00a0\u00a0\u00a0\u00a0\u00a0\u00a0\u00a0\u00a0\u00a0\u00a0 22\/09 e 23\/09 das 10h \u00e0s 18h<\/p>\n<p># # #<\/p>\n","protected":false},"excerpt":{"rendered":"<p>RIO DE JANEIRO \u2013 A Nissan vai apresentar na Mobility &amp; Show SP 2018, feira&#8230;<\/p>\n","protected":false},"author":1,"featured_media":0,"comment_status":"open","ping_status":"open","sticky":false,"template":"","format":"standard","meta":{"fifu_image_url":"","fifu_image_alt":"","footnotes":""},"categories":[8699],"tags":[5364],"class_list":["post-72155","post","type-post","status-publish","format-standard","hentry","category-geralcarros","tag-nissan","wpcat-8699-id"],"_links":{"self":[{"href":"https:\/\/verde-amarelo.net\/verdeamarelo\/wp-json\/wp\/v2\/posts\/72155","targetHints":{"allow":["GET"]}}],"collection":[{"href":"https:\/\/verde-amarelo.net\/verdeamarelo\/wp-json\/wp\/v2\/posts"}],"about":[{"href":"https:\/\/verde-amarelo.net\/verdeamarelo\/wp-json\/wp\/v2\/types\/post"}],"author":[{"embeddable":true,"href":"https:\/\/verde-amarelo.net\/verdeamarelo\/wp-json\/wp\/v2\/users\/1"}],"replies":[{"embeddable":true,"href":"https:\/\/verde-amarelo.net\/verdeamarelo\/wp-json\/wp\/v2\/comments?post=72155"}],"version-history":[{"count":0,"href":"https:\/\/verde-amarelo.net\/verdeamarelo\/wp-json\/wp\/v2\/posts\/72155\/revisions"}],"wp:attachment":[{"href":"https:\/\/verde-amarelo.net\/verdeamarelo\/wp-json\/wp\/v2\/media?parent=72155"}],"wp:term":[{"taxonomy":"category","embeddable":true,"href":"https:\/\/verde-amarelo.net\/verdeamarelo\/wp-json\/wp\/v2\/categories?post=72155"},{"taxonomy":"post_tag","embeddable":true,"href":"https:\/\/verde-amarelo.net\/verdeamarelo\/wp-json\/wp\/v2\/tags?post=72155"}],"curies":[{"name":"wp","href":"https:\/\/api.w.org\/{rel}","templated":true}]}}