{"id":72198,"date":"2018-09-25T18:33:00","date_gmt":"2018-09-25T21:33:00","guid":{"rendered":"https:\/\/verde-amarelo.net\/verdeamarelo\/2018\/09\/nissan-nissan-lanza-note-e-power-nismo-s-en-japon\/"},"modified":"2018-09-25T18:33:00","modified_gmt":"2018-09-25T21:33:00","slug":"nissan-nissan-lanza-note-e-power-nismo-s-en-japon","status":"publish","type":"post","link":"https:\/\/verde-amarelo.net\/verdeamarelo\/2018\/09\/nissan-nissan-lanza-note-e-power-nismo-s-en-japon\/","title":{"rendered":"Nissan: Nissan lanza NOTE e-POWER NISMO S en Jap\u00f3n"},"content":{"rendered":"<div><img decoding=\"async\" src=\"data:image\/gif;base64,R0lGODlhAQABAIAAAAAAAP\/\/\/ywAAAAAAQABAAACAUwAOw==\" fifu-lazy=\"1\" fifu-data-sizes=\"auto\" fifu-data-srcset=\"https:\/\/i0.wp.com\/www.truckbrasil.com.br\/wp\/wp-content\/uploads\/2018\/09\/nissan-nissan-lanza-note-e-power-nismo-s-en-japon.jpg?ssl=1&w=75&resize=75&ssl=1 75w, https:\/\/i0.wp.com\/www.truckbrasil.com.br\/wp\/wp-content\/uploads\/2018\/09\/nissan-nissan-lanza-note-e-power-nismo-s-en-japon.jpg?ssl=1&w=100&resize=100&ssl=1 100w, https:\/\/i0.wp.com\/www.truckbrasil.com.br\/wp\/wp-content\/uploads\/2018\/09\/nissan-nissan-lanza-note-e-power-nismo-s-en-japon.jpg?ssl=1&w=150&resize=150&ssl=1 150w, https:\/\/i0.wp.com\/www.truckbrasil.com.br\/wp\/wp-content\/uploads\/2018\/09\/nissan-nissan-lanza-note-e-power-nismo-s-en-japon.jpg?ssl=1&w=240&resize=240&ssl=1 240w, https:\/\/i0.wp.com\/www.truckbrasil.com.br\/wp\/wp-content\/uploads\/2018\/09\/nissan-nissan-lanza-note-e-power-nismo-s-en-japon.jpg?ssl=1&w=320&resize=320&ssl=1 320w, https:\/\/i0.wp.com\/www.truckbrasil.com.br\/wp\/wp-content\/uploads\/2018\/09\/nissan-nissan-lanza-note-e-power-nismo-s-en-japon.jpg?ssl=1&w=500&resize=500&ssl=1 500w, https:\/\/i0.wp.com\/www.truckbrasil.com.br\/wp\/wp-content\/uploads\/2018\/09\/nissan-nissan-lanza-note-e-power-nismo-s-en-japon.jpg?ssl=1&w=640&resize=640&ssl=1 640w, https:\/\/i0.wp.com\/www.truckbrasil.com.br\/wp\/wp-content\/uploads\/2018\/09\/nissan-nissan-lanza-note-e-power-nismo-s-en-japon.jpg?ssl=1&w=800&resize=800&ssl=1 800w, https:\/\/i0.wp.com\/www.truckbrasil.com.br\/wp\/wp-content\/uploads\/2018\/09\/nissan-nissan-lanza-note-e-power-nismo-s-en-japon.jpg?ssl=1&w=1024&resize=1024&ssl=1 1024w, https:\/\/i0.wp.com\/www.truckbrasil.com.br\/wp\/wp-content\/uploads\/2018\/09\/nissan-nissan-lanza-note-e-power-nismo-s-en-japon.jpg?ssl=1&w=1280&resize=1280&ssl=1 1280w, https:\/\/i0.wp.com\/www.truckbrasil.com.br\/wp\/wp-content\/uploads\/2018\/09\/nissan-nissan-lanza-note-e-power-nismo-s-en-japon.jpg?ssl=1&w=1600&resize=1600&ssl=1 1600w\" fifu-data-src=\"https:\/\/i0.wp.com\/www.truckbrasil.com.br\/wp\/wp-content\/uploads\/2018\/09\/nissan-nissan-lanza-note-e-power-nismo-s-en-japon.jpg?ssl=1\" class=\"ff-og-image-inserted\"\/><\/div>\n<p><strong>YOKOHAMA, Jap\u00f3n \u2013<\/strong> Nissan NOTE e-POWER NISMO S fue presentado en Jap\u00f3n, ofreciendo m\u00e1s potencia y deportividad a los compradores del modelo m\u00e1s vendido de dicha naci\u00f3n.<\/p>&nbsp;&nbsp;\n<p>Con una potencia m\u00e1xima de 100 kilovatios y 320 Nm de torque, el modelo es una versi\u00f3n que sobrepasa los par\u00e1metros del Nissan NOTE e-POWER NISMO, lanzado en diciembre de 2016. Comparte con dicho modelo las mejoras estructurales personalizadas y la suspensi\u00f3n a la medida, y a\u00f1ade un ajuste personalizado para el inversor y el m\u00f3dulo de control del veh\u00edculo, una mayor potencia el\u00e9ctrica y un mejor motor de impulsi\u00f3n. El resultado es un 25 por ciento m\u00e1s de potencia y par en comparaci\u00f3n con el NOTE e-POWER NISMO.<\/p>&nbsp;&nbsp;\n<p>Las modificaciones NISMO de este modelo crean una sensaci\u00f3n de conducci\u00f3n avanzada que aprovecha al m\u00e1ximo el sistema de manejo e-POWER, el cual es muy popular entre los clientes por su emocionante aceleraci\u00f3n y silencio. Adem\u00e1s, ayud\u00f3 a que Nissan NOTE sea el veh\u00edculo m\u00e1s vendido en Jap\u00f3n durante los primeros seis meses de 2018, excluyendo los miniveh\u00edculos.<\/p>&nbsp;&nbsp;\n<p>El sistema e-POWER, que tambi\u00e9n se\u00a0 ofrece en la minivan Nissan Serena, es una parte clave de la estrategia de electrificaci\u00f3n de Nissan. La compa\u00f1\u00eda tiene el objetivo global de vender un mill\u00f3n de veh\u00edculos electrificados anualmente para el a\u00f1o fiscal 2022, incluyendo veh\u00edculos\u00a0 con este sistema y otros completamente el\u00e9ctricos como Nissan LEAF.<\/p>&nbsp;&nbsp;\n<p>Nissan Note e-POWER NISMO S ofrece una serie de modos de conducci\u00f3n que permiten diferentes estilos de manejo, ya sea que la persona detr\u00e1s del volante busque un desempe\u00f1o excepcional para carreras o una excelente eficiencia de combustible.<\/p>&nbsp;&nbsp;\n<p>Nissan introdujo la marca NISMO en su l\u00ednea de modelos de venta masiva en 2013. Ofrece el rendimiento y el estilo desarrollados a trav\u00e9s de las actividades de NISMO en el automovilismo deportivo, por lo que los veh\u00edculos brindan una experiencia de conducci\u00f3n deportiva combinada con la calidad, confiabilidad y durabilidad de Nissan.<\/p>&nbsp;&nbsp;\n<p>Algunos de los modelos de Nissan que se ofrecen en versi\u00f3n NISMO son Nissan GT-R, 370Z, JUKE, NOTE, March, Sentra, Patrol, Serena y Nissan LEAF.<\/p>&nbsp;&nbsp;\n<p># # #<\/p>\n","protected":false},"excerpt":{"rendered":"<p>YOKOHAMA, Jap\u00f3n \u2013 Nissan NOTE e-POWER NISMO S fue presentado en Jap\u00f3n, ofreciendo m\u00e1s potencia&#8230;<\/p>\n","protected":false},"author":1,"featured_media":0,"comment_status":"open","ping_status":"open","sticky":false,"template":"","format":"standard","meta":{"fifu_image_url":"","fifu_image_alt":"","footnotes":""},"categories":[8699],"tags":[5364],"class_list":["post-72198","post","type-post","status-publish","format-standard","hentry","category-geralcarros","tag-nissan","wpcat-8699-id"],"_links":{"self":[{"href":"https:\/\/verde-amarelo.net\/verdeamarelo\/wp-json\/wp\/v2\/posts\/72198","targetHints":{"allow":["GET"]}}],"collection":[{"href":"https:\/\/verde-amarelo.net\/verdeamarelo\/wp-json\/wp\/v2\/posts"}],"about":[{"href":"https:\/\/verde-amarelo.net\/verdeamarelo\/wp-json\/wp\/v2\/types\/post"}],"author":[{"embeddable":true,"href":"https:\/\/verde-amarelo.net\/verdeamarelo\/wp-json\/wp\/v2\/users\/1"}],"replies":[{"embeddable":true,"href":"https:\/\/verde-amarelo.net\/verdeamarelo\/wp-json\/wp\/v2\/comments?post=72198"}],"version-history":[{"count":0,"href":"https:\/\/verde-amarelo.net\/verdeamarelo\/wp-json\/wp\/v2\/posts\/72198\/revisions"}],"wp:attachment":[{"href":"https:\/\/verde-amarelo.net\/verdeamarelo\/wp-json\/wp\/v2\/media?parent=72198"}],"wp:term":[{"taxonomy":"category","embeddable":true,"href":"https:\/\/verde-amarelo.net\/verdeamarelo\/wp-json\/wp\/v2\/categories?post=72198"},{"taxonomy":"post_tag","embeddable":true,"href":"https:\/\/verde-amarelo.net\/verdeamarelo\/wp-json\/wp\/v2\/tags?post=72198"}],"curies":[{"name":"wp","href":"https:\/\/api.w.org\/{rel}","templated":true}]}}