{"id":72211,"date":"2018-09-25T17:23:00","date_gmt":"2018-09-25T20:23:00","guid":{"rendered":"https:\/\/verde-amarelo.net\/verdeamarelo\/2018\/09\/nissan-entrevues-exclusives-avec-les-personnalites-clefs-de-la-coupe-nissan-micra-une-saison-reussie-et-le-plan-pour-la-suite\/"},"modified":"2018-09-25T17:23:00","modified_gmt":"2018-09-25T20:23:00","slug":"nissan-entrevues-exclusives-avec-les-personnalites-clefs-de-la-coupe-nissan-micra-une-saison-reussie-et-le-plan-pour-la-suite","status":"publish","type":"post","link":"https:\/\/verde-amarelo.net\/verdeamarelo\/2018\/09\/nissan-entrevues-exclusives-avec-les-personnalites-clefs-de-la-coupe-nissan-micra-une-saison-reussie-et-le-plan-pour-la-suite\/","title":{"rendered":"Nissan: Entrevues exclusives avec les personnalit\u00e9s clefs de la Coupe Nissan Micra : une saison r\u00e9ussie et le plan pour la suite"},"content":{"rendered":"<p>Le dernier num\u00e9ro du Magazine Coupe Micra pr\u00e9sente des entrevues avec le champion 2018 Olivier B\u00e9dard, le pr\u00e9sident de Nissan Canada Joni Paiva et le promoteur de la s\u00e9rie Jacques Deshaies<\/p>\n<div id=\"releaseBody\" readability=\"86.6259405231\">\n<p><img decoding=\"async\" src=\"data:image\/gif;base64,R0lGODlhAQABAIAAAAAAAP\/\/\/ywAAAAAAQABAAACAUwAOw==\" fifu-lazy=\"1\" fifu-data-sizes=\"auto\" fifu-data-srcset=\"https:\/\/i3.wp.com\/www.truckbrasil.com.br\/wp\/wp-content\/uploads\/2018\/09\/nissan-entrevues-exclusives-avec-les-personnalites-clefs-de-la-coupe-nissan-micra-une-saison-reussie-et-le-plan-pour-la-suite.jpg?ssl=1&w=75&resize=75&ssl=1 75w, https:\/\/i3.wp.com\/www.truckbrasil.com.br\/wp\/wp-content\/uploads\/2018\/09\/nissan-entrevues-exclusives-avec-les-personnalites-clefs-de-la-coupe-nissan-micra-une-saison-reussie-et-le-plan-pour-la-suite.jpg?ssl=1&w=100&resize=100&ssl=1 100w, https:\/\/i3.wp.com\/www.truckbrasil.com.br\/wp\/wp-content\/uploads\/2018\/09\/nissan-entrevues-exclusives-avec-les-personnalites-clefs-de-la-coupe-nissan-micra-une-saison-reussie-et-le-plan-pour-la-suite.jpg?ssl=1&w=150&resize=150&ssl=1 150w, https:\/\/i3.wp.com\/www.truckbrasil.com.br\/wp\/wp-content\/uploads\/2018\/09\/nissan-entrevues-exclusives-avec-les-personnalites-clefs-de-la-coupe-nissan-micra-une-saison-reussie-et-le-plan-pour-la-suite.jpg?ssl=1&w=240&resize=240&ssl=1 240w, https:\/\/i3.wp.com\/www.truckbrasil.com.br\/wp\/wp-content\/uploads\/2018\/09\/nissan-entrevues-exclusives-avec-les-personnalites-clefs-de-la-coupe-nissan-micra-une-saison-reussie-et-le-plan-pour-la-suite.jpg?ssl=1&w=320&resize=320&ssl=1 320w, https:\/\/i3.wp.com\/www.truckbrasil.com.br\/wp\/wp-content\/uploads\/2018\/09\/nissan-entrevues-exclusives-avec-les-personnalites-clefs-de-la-coupe-nissan-micra-une-saison-reussie-et-le-plan-pour-la-suite.jpg?ssl=1&w=500&resize=500&ssl=1 500w, https:\/\/i3.wp.com\/www.truckbrasil.com.br\/wp\/wp-content\/uploads\/2018\/09\/nissan-entrevues-exclusives-avec-les-personnalites-clefs-de-la-coupe-nissan-micra-une-saison-reussie-et-le-plan-pour-la-suite.jpg?ssl=1&w=640&resize=640&ssl=1 640w, https:\/\/i3.wp.com\/www.truckbrasil.com.br\/wp\/wp-content\/uploads\/2018\/09\/nissan-entrevues-exclusives-avec-les-personnalites-clefs-de-la-coupe-nissan-micra-une-saison-reussie-et-le-plan-pour-la-suite.jpg?ssl=1&w=800&resize=800&ssl=1 800w, https:\/\/i3.wp.com\/www.truckbrasil.com.br\/wp\/wp-content\/uploads\/2018\/09\/nissan-entrevues-exclusives-avec-les-personnalites-clefs-de-la-coupe-nissan-micra-une-saison-reussie-et-le-plan-pour-la-suite.jpg?ssl=1&w=1024&resize=1024&ssl=1 1024w, https:\/\/i3.wp.com\/www.truckbrasil.com.br\/wp\/wp-content\/uploads\/2018\/09\/nissan-entrevues-exclusives-avec-les-personnalites-clefs-de-la-coupe-nissan-micra-une-saison-reussie-et-le-plan-pour-la-suite.jpg?ssl=1&w=1280&resize=1280&ssl=1 1280w, https:\/\/i3.wp.com\/www.truckbrasil.com.br\/wp\/wp-content\/uploads\/2018\/09\/nissan-entrevues-exclusives-avec-les-personnalites-clefs-de-la-coupe-nissan-micra-une-saison-reussie-et-le-plan-pour-la-suite.jpg?ssl=1&w=1600&resize=1600&ssl=1 1600w\" fifu-data-src=\"https:\/\/i3.wp.com\/www.truckbrasil.com.br\/wp\/wp-content\/uploads\/2018\/09\/nissan-entrevues-exclusives-avec-les-personnalites-clefs-de-la-coupe-nissan-micra-une-saison-reussie-et-le-plan-pour-la-suite.jpg?ssl=1\" alt=\"\"\/><br \/><em>L&#8217;\u00e9quipe technique et les pilotes de la Coupe Nissan Micra \u00e0 la Classique d&#8217;automne de Mont-Tremblant. T\u00e9l\u00e9chargez l&#8217;image <a href=\"https:\/\/edelmanftp.box.com\/s\/iwh6uy7gmfkpaw7sz80mnwmxh11fgw2v\" target=\"_blank\" rel=\"noopener\">ici<\/a>.<\/em><\/p>\n<p><strong>MISSISSAUGA (Ontario)<\/strong>, le 25 septembre 2018. \u2013 Apr\u00e8s une conclusion passionnante \u00e0 la saison \u00e0 Mont-Tremblant, la Coupe Nissan Micra a publi\u00e9 le dernier num\u00e9ro de son magazine pour cette ann\u00e9e, dans lequel sont pr\u00e9sent\u00e9s des entretiens exclusifs avec les figures de proue de la s\u00e9rie. La vedette du weekend est sans contredit Olivier B\u00e9dard, qui a remport\u00e9 son troisi\u00e8me championnat de la Coupe Nissan Micra. Mais il n&#8217;est pas le seul pour qui 2018 rime avec r\u00e9ussite; le pr\u00e9sident de Nissan Joni Paiva et le promoteur de la s\u00e9rie Jacques Deshaies parlent aussi d&#8217;une ann\u00e9e fructueuse \u2013 et d&#8217;un avenir prometteur.<\/p>&nbsp;&nbsp;\n<p><img decoding=\"async\" src=\"data:image\/gif;base64,R0lGODlhAQABAIAAAAAAAP\/\/\/ywAAAAAAQABAAACAUwAOw==\" fifu-lazy=\"1\" fifu-data-sizes=\"auto\" fifu-data-srcset=\"https:\/\/i1.wp.com\/www.truckbrasil.com.br\/wp\/wp-content\/uploads\/2018\/09\/nissan-entrevues-exclusives-avec-les-personnalites-clefs-de-la-coupe-nissan-micra-une-saison-reussie-et-le-plan-pour-la-suite-1.jpg?ssl=1&w=75&resize=75&ssl=1 75w, https:\/\/i1.wp.com\/www.truckbrasil.com.br\/wp\/wp-content\/uploads\/2018\/09\/nissan-entrevues-exclusives-avec-les-personnalites-clefs-de-la-coupe-nissan-micra-une-saison-reussie-et-le-plan-pour-la-suite-1.jpg?ssl=1&w=100&resize=100&ssl=1 100w, https:\/\/i1.wp.com\/www.truckbrasil.com.br\/wp\/wp-content\/uploads\/2018\/09\/nissan-entrevues-exclusives-avec-les-personnalites-clefs-de-la-coupe-nissan-micra-une-saison-reussie-et-le-plan-pour-la-suite-1.jpg?ssl=1&w=150&resize=150&ssl=1 150w, https:\/\/i1.wp.com\/www.truckbrasil.com.br\/wp\/wp-content\/uploads\/2018\/09\/nissan-entrevues-exclusives-avec-les-personnalites-clefs-de-la-coupe-nissan-micra-une-saison-reussie-et-le-plan-pour-la-suite-1.jpg?ssl=1&w=240&resize=240&ssl=1 240w, https:\/\/i1.wp.com\/www.truckbrasil.com.br\/wp\/wp-content\/uploads\/2018\/09\/nissan-entrevues-exclusives-avec-les-personnalites-clefs-de-la-coupe-nissan-micra-une-saison-reussie-et-le-plan-pour-la-suite-1.jpg?ssl=1&w=320&resize=320&ssl=1 320w, https:\/\/i1.wp.com\/www.truckbrasil.com.br\/wp\/wp-content\/uploads\/2018\/09\/nissan-entrevues-exclusives-avec-les-personnalites-clefs-de-la-coupe-nissan-micra-une-saison-reussie-et-le-plan-pour-la-suite-1.jpg?ssl=1&w=500&resize=500&ssl=1 500w, https:\/\/i1.wp.com\/www.truckbrasil.com.br\/wp\/wp-content\/uploads\/2018\/09\/nissan-entrevues-exclusives-avec-les-personnalites-clefs-de-la-coupe-nissan-micra-une-saison-reussie-et-le-plan-pour-la-suite-1.jpg?ssl=1&w=640&resize=640&ssl=1 640w, https:\/\/i1.wp.com\/www.truckbrasil.com.br\/wp\/wp-content\/uploads\/2018\/09\/nissan-entrevues-exclusives-avec-les-personnalites-clefs-de-la-coupe-nissan-micra-une-saison-reussie-et-le-plan-pour-la-suite-1.jpg?ssl=1&w=800&resize=800&ssl=1 800w, https:\/\/i1.wp.com\/www.truckbrasil.com.br\/wp\/wp-content\/uploads\/2018\/09\/nissan-entrevues-exclusives-avec-les-personnalites-clefs-de-la-coupe-nissan-micra-une-saison-reussie-et-le-plan-pour-la-suite-1.jpg?ssl=1&w=1024&resize=1024&ssl=1 1024w, https:\/\/i1.wp.com\/www.truckbrasil.com.br\/wp\/wp-content\/uploads\/2018\/09\/nissan-entrevues-exclusives-avec-les-personnalites-clefs-de-la-coupe-nissan-micra-une-saison-reussie-et-le-plan-pour-la-suite-1.jpg?ssl=1&w=1280&resize=1280&ssl=1 1280w, https:\/\/i1.wp.com\/www.truckbrasil.com.br\/wp\/wp-content\/uploads\/2018\/09\/nissan-entrevues-exclusives-avec-les-personnalites-clefs-de-la-coupe-nissan-micra-une-saison-reussie-et-le-plan-pour-la-suite-1.jpg?ssl=1&w=1600&resize=1600&ssl=1 1600w\" fifu-data-src=\"https:\/\/i1.wp.com\/www.truckbrasil.com.br\/wp\/wp-content\/uploads\/2018\/09\/nissan-entrevues-exclusives-avec-les-personnalites-clefs-de-la-coupe-nissan-micra-une-saison-reussie-et-le-plan-pour-la-suite-1.jpg?ssl=1\" border=\"0\" alt=\"\"\/><br \/><em>De gauche \u00e0 droite : Joni Paiva, pr\u00e9sident de Nissan Canada; Olivier B\u00e9dard, champion de la Coupe Nissan Micra 2018; et Jacques Deshaies, promoteur de la s\u00e9rie. T\u00e9l\u00e9chargez l&#8217;image <a href=\"https:\/\/edelmanftp.box.com\/s\/iwh6uy7gmfkpaw7sz80mnwmxh11fgw2v\" target=\"_blank\" rel=\"noopener\">ici<\/a>.<\/em><\/p>\n<p>Si chaque championnat est m\u00e9morable, Oliver B\u00e9dard consid\u00e8re que celui de 2018 est encore plus sp\u00e9cial que ses triomphes en 2015 et en 2017, ce qu&#8217;il attribue \u00e0 la chimie unique de l&#8217;\u00e9quipe SolidXperts. \u00ab J&#8217;avoue que j&#8217;\u00e9tais encore plus motiv\u00e9 que lors des autres saisons, parce que j&#8217;\u00e9tais pleinement satisfait de mon \u00e9quipe. Son appui et son attitude positive : je crois que c&#8217;est \u00e7a le secret de notre r\u00e9ussite. \u00c7a me donnait des ailes sur la piste, et comme de fait, nous avons engrang\u00e9 les victoires. \u00bb<\/p>\n<p>La saison a \u00e9t\u00e9 une r\u00e9ussite \u00e0 plus d&#8217;un chapitre, que l&#8217;on pense au degr\u00e9 de comp\u00e9tition accru, \u00e0 la participation record des propri\u00e9taires Nissan aux parades sur les pistes ou \u00e0 la diffusion de la moiti\u00e9 des courses en direct sur le Web.<\/p>&nbsp;&nbsp;\n<p>\u00ab Quand nous avons confirm\u00e9 le retour de la s\u00e9rie pour 2018-2020, nous nous sommes dit que nous devions surpasser les saisons pr\u00e9c\u00e9dentes, explique Joni Paiva. Je crois que c&#8217;est mission accomplie. Bravo \u00e0 tous! \u00bb<\/p>\n<p>Visant toujours plus haut, Jacques Deshaies a d\u00e9j\u00e0 les yeux riv\u00e9s sur 2019. Il souhaite porter la Coupe Nissan Micra \u00e0 un niveau sup\u00e9rieur. Selon lui, le prochain grand d\u00e9fi de la s\u00e9rie consiste \u00e0 accro\u00eetre le nombre de pilotes ontariens. \u00ab L&#8217;Ontario accueille 50 % de nos courses, alors j&#8217;aimerais voir cette province davantage repr\u00e9sent\u00e9e sur la piste. Pendant le weekend de NASCAR au Canadian Tire Motorsport Park, le mois dernier, nous avons rencontr\u00e9 plusieurs pilotes ontariens qui se sont montr\u00e9s tr\u00e8s int\u00e9ress\u00e9s. Quelques-uns m&#8217;ont d&#8217;ailleurs d\u00e9j\u00e0 contact\u00e9, c&#8217;est de tr\u00e8s bon augure. \u00bb<\/p>\n<p><img decoding=\"async\" src=\"data:image\/gif;base64,R0lGODlhAQABAIAAAAAAAP\/\/\/ywAAAAAAQABAAACAUwAOw==\" fifu-lazy=\"1\" fifu-data-sizes=\"auto\" fifu-data-srcset=\"https:\/\/i1.wp.com\/www.truckbrasil.com.br\/wp\/wp-content\/uploads\/2018\/09\/nissan-entrevues-exclusives-avec-les-personnalites-clefs-de-la-coupe-nissan-micra-une-saison-reussie-et-le-plan-pour-la-suite-2.jpg?ssl=1&w=75&resize=75&ssl=1 75w, https:\/\/i1.wp.com\/www.truckbrasil.com.br\/wp\/wp-content\/uploads\/2018\/09\/nissan-entrevues-exclusives-avec-les-personnalites-clefs-de-la-coupe-nissan-micra-une-saison-reussie-et-le-plan-pour-la-suite-2.jpg?ssl=1&w=100&resize=100&ssl=1 100w, https:\/\/i1.wp.com\/www.truckbrasil.com.br\/wp\/wp-content\/uploads\/2018\/09\/nissan-entrevues-exclusives-avec-les-personnalites-clefs-de-la-coupe-nissan-micra-une-saison-reussie-et-le-plan-pour-la-suite-2.jpg?ssl=1&w=150&resize=150&ssl=1 150w, https:\/\/i1.wp.com\/www.truckbrasil.com.br\/wp\/wp-content\/uploads\/2018\/09\/nissan-entrevues-exclusives-avec-les-personnalites-clefs-de-la-coupe-nissan-micra-une-saison-reussie-et-le-plan-pour-la-suite-2.jpg?ssl=1&w=240&resize=240&ssl=1 240w, https:\/\/i1.wp.com\/www.truckbrasil.com.br\/wp\/wp-content\/uploads\/2018\/09\/nissan-entrevues-exclusives-avec-les-personnalites-clefs-de-la-coupe-nissan-micra-une-saison-reussie-et-le-plan-pour-la-suite-2.jpg?ssl=1&w=320&resize=320&ssl=1 320w, https:\/\/i1.wp.com\/www.truckbrasil.com.br\/wp\/wp-content\/uploads\/2018\/09\/nissan-entrevues-exclusives-avec-les-personnalites-clefs-de-la-coupe-nissan-micra-une-saison-reussie-et-le-plan-pour-la-suite-2.jpg?ssl=1&w=500&resize=500&ssl=1 500w, https:\/\/i1.wp.com\/www.truckbrasil.com.br\/wp\/wp-content\/uploads\/2018\/09\/nissan-entrevues-exclusives-avec-les-personnalites-clefs-de-la-coupe-nissan-micra-une-saison-reussie-et-le-plan-pour-la-suite-2.jpg?ssl=1&w=640&resize=640&ssl=1 640w, https:\/\/i1.wp.com\/www.truckbrasil.com.br\/wp\/wp-content\/uploads\/2018\/09\/nissan-entrevues-exclusives-avec-les-personnalites-clefs-de-la-coupe-nissan-micra-une-saison-reussie-et-le-plan-pour-la-suite-2.jpg?ssl=1&w=800&resize=800&ssl=1 800w, https:\/\/i1.wp.com\/www.truckbrasil.com.br\/wp\/wp-content\/uploads\/2018\/09\/nissan-entrevues-exclusives-avec-les-personnalites-clefs-de-la-coupe-nissan-micra-une-saison-reussie-et-le-plan-pour-la-suite-2.jpg?ssl=1&w=1024&resize=1024&ssl=1 1024w, https:\/\/i1.wp.com\/www.truckbrasil.com.br\/wp\/wp-content\/uploads\/2018\/09\/nissan-entrevues-exclusives-avec-les-personnalites-clefs-de-la-coupe-nissan-micra-une-saison-reussie-et-le-plan-pour-la-suite-2.jpg?ssl=1&w=1280&resize=1280&ssl=1 1280w, https:\/\/i1.wp.com\/www.truckbrasil.com.br\/wp\/wp-content\/uploads\/2018\/09\/nissan-entrevues-exclusives-avec-les-personnalites-clefs-de-la-coupe-nissan-micra-une-saison-reussie-et-le-plan-pour-la-suite-2.jpg?ssl=1&w=1600&resize=1600&ssl=1 1600w\" fifu-data-src=\"https:\/\/i1.wp.com\/www.truckbrasil.com.br\/wp\/wp-content\/uploads\/2018\/09\/nissan-entrevues-exclusives-avec-les-personnalites-clefs-de-la-coupe-nissan-micra-une-saison-reussie-et-le-plan-pour-la-suite-2.jpg?ssl=1\" alt=\"\"\/><br \/><em>T\u00e9l\u00e9chargez le<\/em> Coupe Micra Magazine <em>et les images <a href=\"https:\/\/edelmanftp.box.com\/s\/iwh6uy7gmfkpaw7sz80mnwmxh11fgw2v\" target=\"_blank\" rel=\"noopener\">ici<\/a>.<\/em><\/p>\n<p>Les entrevues int\u00e9grales et les r\u00e9sultats de la s\u00e9rie se trouvent dans le dernier num\u00e9ro du <em>Coupe Micra Magazine,<\/em> accessible en format PDF ci-joint et <a href=\"https:\/\/edelmanftp.box.com\/s\/iwh6uy7gmfkpaw7sz80mnwmxh11fgw2v\" target=\"_blank\" rel=\"noopener\">ici<\/a>.<\/p>&nbsp;&nbsp;\n<p># # #<\/p>\n<\/div>\n","protected":false},"excerpt":{"rendered":"<p>Le dernier num\u00e9ro du Magazine Coupe Micra pr\u00e9sente des entrevues avec le champion 2018 Olivier&#8230;<\/p>\n","protected":false},"author":1,"featured_media":0,"comment_status":"open","ping_status":"open","sticky":false,"template":"","format":"standard","meta":{"fifu_image_url":"","fifu_image_alt":"","footnotes":""},"categories":[8699],"tags":[5364],"class_list":["post-72211","post","type-post","status-publish","format-standard","hentry","category-geralcarros","tag-nissan","wpcat-8699-id"],"_links":{"self":[{"href":"https:\/\/verde-amarelo.net\/verdeamarelo\/wp-json\/wp\/v2\/posts\/72211","targetHints":{"allow":["GET"]}}],"collection":[{"href":"https:\/\/verde-amarelo.net\/verdeamarelo\/wp-json\/wp\/v2\/posts"}],"about":[{"href":"https:\/\/verde-amarelo.net\/verdeamarelo\/wp-json\/wp\/v2\/types\/post"}],"author":[{"embeddable":true,"href":"https:\/\/verde-amarelo.net\/verdeamarelo\/wp-json\/wp\/v2\/users\/1"}],"replies":[{"embeddable":true,"href":"https:\/\/verde-amarelo.net\/verdeamarelo\/wp-json\/wp\/v2\/comments?post=72211"}],"version-history":[{"count":0,"href":"https:\/\/verde-amarelo.net\/verdeamarelo\/wp-json\/wp\/v2\/posts\/72211\/revisions"}],"wp:attachment":[{"href":"https:\/\/verde-amarelo.net\/verdeamarelo\/wp-json\/wp\/v2\/media?parent=72211"}],"wp:term":[{"taxonomy":"category","embeddable":true,"href":"https:\/\/verde-amarelo.net\/verdeamarelo\/wp-json\/wp\/v2\/categories?post=72211"},{"taxonomy":"post_tag","embeddable":true,"href":"https:\/\/verde-amarelo.net\/verdeamarelo\/wp-json\/wp\/v2\/tags?post=72211"}],"curies":[{"name":"wp","href":"https:\/\/api.w.org\/{rel}","templated":true}]}}