{"id":72219,"date":"2018-09-28T18:00:38","date_gmt":"2018-09-28T21:00:38","guid":{"rendered":"https:\/\/verde-amarelo.net\/verdeamarelo\/2018\/09\/dolar-sobe-nesta-sexta-e-volta-a-operar-acima-de-r-4\/"},"modified":"2018-09-28T18:00:38","modified_gmt":"2018-09-28T21:00:38","slug":"dolar-sobe-nesta-sexta-e-volta-a-operar-acima-de-r-4","status":"publish","type":"post","link":"https:\/\/verde-amarelo.net\/verdeamarelo\/2018\/09\/dolar-sobe-nesta-sexta-e-volta-a-operar-acima-de-r-4\/","title":{"rendered":"D\u00f3lar sobe nesta sexta e volta a operar acima de R$ 4"},"content":{"rendered":"<div><img decoding=\"async\" src=\"data:image\/gif;base64,R0lGODlhAQABAIAAAAAAAP\/\/\/ywAAAAAAQABAAACAUwAOw==\" fifu-lazy=\"1\" fifu-data-sizes=\"auto\" fifu-data-srcset=\"https:\/\/i2.wp.com\/www.truckbrasil.com.br\/wp\/wp-content\/uploads\/2018\/09\/dolar-sobe-nesta-sexta-e-volta-a-operar-acima-de-r-4.jpg?ssl=1&w=75&resize=75&ssl=1 75w, https:\/\/i2.wp.com\/www.truckbrasil.com.br\/wp\/wp-content\/uploads\/2018\/09\/dolar-sobe-nesta-sexta-e-volta-a-operar-acima-de-r-4.jpg?ssl=1&w=100&resize=100&ssl=1 100w, https:\/\/i2.wp.com\/www.truckbrasil.com.br\/wp\/wp-content\/uploads\/2018\/09\/dolar-sobe-nesta-sexta-e-volta-a-operar-acima-de-r-4.jpg?ssl=1&w=150&resize=150&ssl=1 150w, https:\/\/i2.wp.com\/www.truckbrasil.com.br\/wp\/wp-content\/uploads\/2018\/09\/dolar-sobe-nesta-sexta-e-volta-a-operar-acima-de-r-4.jpg?ssl=1&w=240&resize=240&ssl=1 240w, https:\/\/i2.wp.com\/www.truckbrasil.com.br\/wp\/wp-content\/uploads\/2018\/09\/dolar-sobe-nesta-sexta-e-volta-a-operar-acima-de-r-4.jpg?ssl=1&w=320&resize=320&ssl=1 320w, https:\/\/i2.wp.com\/www.truckbrasil.com.br\/wp\/wp-content\/uploads\/2018\/09\/dolar-sobe-nesta-sexta-e-volta-a-operar-acima-de-r-4.jpg?ssl=1&w=500&resize=500&ssl=1 500w, https:\/\/i2.wp.com\/www.truckbrasil.com.br\/wp\/wp-content\/uploads\/2018\/09\/dolar-sobe-nesta-sexta-e-volta-a-operar-acima-de-r-4.jpg?ssl=1&w=640&resize=640&ssl=1 640w, https:\/\/i2.wp.com\/www.truckbrasil.com.br\/wp\/wp-content\/uploads\/2018\/09\/dolar-sobe-nesta-sexta-e-volta-a-operar-acima-de-r-4.jpg?ssl=1&w=800&resize=800&ssl=1 800w, https:\/\/i2.wp.com\/www.truckbrasil.com.br\/wp\/wp-content\/uploads\/2018\/09\/dolar-sobe-nesta-sexta-e-volta-a-operar-acima-de-r-4.jpg?ssl=1&w=1024&resize=1024&ssl=1 1024w, https:\/\/i2.wp.com\/www.truckbrasil.com.br\/wp\/wp-content\/uploads\/2018\/09\/dolar-sobe-nesta-sexta-e-volta-a-operar-acima-de-r-4.jpg?ssl=1&w=1280&resize=1280&ssl=1 1280w, https:\/\/i2.wp.com\/www.truckbrasil.com.br\/wp\/wp-content\/uploads\/2018\/09\/dolar-sobe-nesta-sexta-e-volta-a-operar-acima-de-r-4.jpg?ssl=1&w=1600&resize=1600&ssl=1 1600w\" fifu-data-src=\"https:\/\/i2.wp.com\/www.truckbrasil.com.br\/wp\/wp-content\/uploads\/2018\/09\/dolar-sobe-nesta-sexta-e-volta-a-operar-acima-de-r-4.jpg?ssl=1\" class=\"ff-og-image-inserted\"\/><\/div>\n<blockquote class=\"quote_content\" readability=\"34\">\n<p><span>Na v\u00e9spera, a moeda norte-americana caiu 0,85%, vendida a R$ 3,9931.<\/span><\/p>\n<\/blockquote>\n<p>O d\u00f3lar opera em alta nesta sexta-feira (28), ap\u00f3s fechar abaixo de R$ 4 no dia anterior, com o mercado financeiro de olho no cen\u00e1rio eleitoral e no exterior.<\/p>&nbsp;&nbsp;\n<p>\u00c0s 13h35, a moeda norte-americana subia 0,68%, vendida a R$ 4,0201.<\/p>&nbsp;&nbsp;\n<p>Na m\u00e1xima do dia at\u00e9 o momento, o d\u00f3lar chegou a R$ 4,0498. Na m\u00ednima, caiu a R$ 3,9894.<\/p>&nbsp;&nbsp;\n<p>No m\u00eas, at\u00e9 a quinta-feira, o d\u00f3lar ca\u00eda 1,94% e, no ano, subia 20,5%.<\/p>&nbsp;&nbsp;\n<p><strong>Cen\u00e1rio externo e pol\u00edtico<\/strong><\/p>\n<p>No exterior, o d\u00f3lar subia em dia de mais avers\u00e3o ao risco, ap\u00f3s o governo italiano ter divulgado um or\u00e7amento para 2019 com um d\u00e9ficit tr\u00eas vezes maior que sua meta anterior.<\/p>&nbsp;&nbsp;\n<p>Destaque para o euro, que operava em queda e abaixo de US$ 1,16 pela primeira vez em duas semanas uma vez que alguns investidores consideraram o or\u00e7amento italiano como um desafio \u00e0s exig\u00eancias da Uni\u00e3o Europeia.<\/p>&nbsp;&nbsp;\n<p>A forma\u00e7\u00e3o da taxa Ptax (taxa m\u00e9dia usada em contratos de c\u00e2mbio) de final de m\u00eas tamb\u00e9m influencia a cota\u00e7\u00e3o.<\/p>&nbsp;&nbsp;\n<p>O cen\u00e1rio eleitoral tamb\u00e9m trazia cautela aos investidores, a pouco mais de uma semana do primeiro turno das elei\u00e7\u00f5es presidenciais.<\/p>&nbsp;&nbsp;\n<p><strong>Atua\u00e7\u00e3o do BC<\/strong><\/p>\n<p>O Banco Central concluiu na v\u00e9spera a rolagem do vencimento de swap cambial, equivalente \u00e0 venda futura de d\u00f3lares, de outubro e, ap\u00f3s o fechamento do mercado, j\u00e1 anunciou o in\u00edcio da rolagem de novembro a partir da pr\u00f3xima segunda-feira (1).<\/p>&nbsp;&nbsp;\n<p>A oferta ser\u00e1 de at\u00e9 7,7 mil contratos que, se mantidos at\u00e9 o final do m\u00eas, rolar\u00e3o integralmente o total de US$ 8,027 bilh\u00f5es em swap que vencem no pen\u00faltimo m\u00eas de 2018.<\/p>&nbsp;&nbsp;\n<p><strong>\u00daltima sess\u00e3o<\/strong><\/p>\n<p>Na v\u00e9spera, a moeda norte-americana caiu 0,85%, vendida a R$ 3,9931. A \u00faltima vez que o d\u00f3lar fechou abaixo de R$ 4 foi em 20 de agosto, quando encerrou a sess\u00e3o a R$ 3,9566.<\/p>&nbsp;&nbsp;\n<p>O mercado de c\u00e2mbio refletiu o fluxo de ingresso de recursos para o pa\u00eds e desmonte de posi\u00e7\u00f5es compradas, com os investidores menos assustados quanto ao cen\u00e1rio eleitoral em sess\u00e3o ainda marcada por melhora no cen\u00e1rio externo, depois que o Federal Reserve (BC dos EUA) sinalizou quatro altas de juros nos Estados Unidos at\u00e9 o final de 2019.<\/p>&nbsp;&nbsp;\n<p>Segundo o Valor Online, profissionais de mercado comentaram que um amplo ajuste de posi\u00e7\u00f5es contribuiu para o al\u00edvio no c\u00e2mbio em meio \u00e0 percep\u00e7\u00e3o de que o resultado eleitoral poderia n\u00e3o trazer efeitos t\u00e3o negativos para o mercado.<\/p>&nbsp;&nbsp;\n<p>O Bank of America Merrill Lynch (BofA) decidiu elevar a recomenda\u00e7\u00e3o dos b\u00f4nus brasileiros \u2013 d\u00edvida externa do pa\u00eds \u2013 para a m\u00e9dia do mercado, avaliando que os riscos eleitorais do Brasil est\u00e3o menos \u201cassim\u00e9tricos\u201d.<\/p>&nbsp;&nbsp;\n<p><strong>Novo patamar e perspectivas<\/strong><\/p>\n<p>A recente disparada do d\u00f3lar aconteceu em meio a incertezas sobre o cen\u00e1rio eleitoral e tamb\u00e9m ao cen\u00e1rio externo mais turbulento, o que faz aumentar a procura por prote\u00e7\u00e3o em d\u00f3lar.<\/p>&nbsp;&nbsp;\n<p>Investidores passaram a comprar d\u00f3lares em resposta a pesquisas que mostram inten\u00e7\u00e3o de voto mais baixa para candidatos considerados mais pr\u00f3-mercado. Na avalia\u00e7\u00e3o do mercado, os candidatos que lideram as pesquisas de inten\u00e7\u00e3o de voto s\u00e3o menos comprometidos com determinados modelos de reformas econ\u00f4micas considerados fundamentais para o ajuste das contas p\u00fablicas.<\/p>&nbsp;&nbsp;\n<p>Na pr\u00e1tica, as flutua\u00e7\u00f5es atuais ocorrem principalmente conforme cresce a procura pelo d\u00f3lar: se os investidores veem um futuro mais incerto ou arriscado, buscam comprar d\u00f3lares como um investimento considerado seguro. E quanto mais interessados no d\u00f3lar, mais caro ele fica.<\/p>&nbsp;&nbsp;\n<p>Outro fator que pressiona o c\u00e2mbio \u00e9 a eleva\u00e7\u00e3o das taxas b\u00e1sicas de juros nas economias avan\u00e7adas como Estados Unidos e Uni\u00e3o Europeia, o que incentiva a retirada de d\u00f3lares dos pa\u00edses emergentes. O mercado tem monitorado ainda a guerra comercial entre Estados Unidos e seus parceiros comerciais e a crise em pa\u00edses como Argentina e Turquia.<\/p>&nbsp;&nbsp;\n<p>A proje\u00e7\u00e3o do mercado financeiro para a taxa de c\u00e2mbio no fim de 2018 subiu de R$ 3,83 para R$ 3,90 por d\u00f3lar, segundo o \u00faltimo boletim Focus do Banco Central. Para o fechamento de 2019, avan\u00e7ou de R$ 3,75 para R$ 3,80 por d\u00f3lar.<\/p>&nbsp;&nbsp;\n","protected":false},"excerpt":{"rendered":"<p>Na v\u00e9spera, a moeda norte-americana caiu 0,85%, vendida a R$ 3,9931. O d\u00f3lar opera em&#8230;<\/p>\n","protected":false},"author":1,"featured_media":0,"comment_status":"open","ping_status":"open","sticky":false,"template":"","format":"standard","meta":{"fifu_image_url":"","fifu_image_alt":"","footnotes":""},"categories":[727],"tags":[8738],"class_list":["post-72219","post","type-post","status-publish","format-standard","hentry","category-noticias","tag-dolareconomialogistica","wpcat-727-id"],"_links":{"self":[{"href":"https:\/\/verde-amarelo.net\/verdeamarelo\/wp-json\/wp\/v2\/posts\/72219","targetHints":{"allow":["GET"]}}],"collection":[{"href":"https:\/\/verde-amarelo.net\/verdeamarelo\/wp-json\/wp\/v2\/posts"}],"about":[{"href":"https:\/\/verde-amarelo.net\/verdeamarelo\/wp-json\/wp\/v2\/types\/post"}],"author":[{"embeddable":true,"href":"https:\/\/verde-amarelo.net\/verdeamarelo\/wp-json\/wp\/v2\/users\/1"}],"replies":[{"embeddable":true,"href":"https:\/\/verde-amarelo.net\/verdeamarelo\/wp-json\/wp\/v2\/comments?post=72219"}],"version-history":[{"count":0,"href":"https:\/\/verde-amarelo.net\/verdeamarelo\/wp-json\/wp\/v2\/posts\/72219\/revisions"}],"wp:attachment":[{"href":"https:\/\/verde-amarelo.net\/verdeamarelo\/wp-json\/wp\/v2\/media?parent=72219"}],"wp:term":[{"taxonomy":"category","embeddable":true,"href":"https:\/\/verde-amarelo.net\/verdeamarelo\/wp-json\/wp\/v2\/categories?post=72219"},{"taxonomy":"post_tag","embeddable":true,"href":"https:\/\/verde-amarelo.net\/verdeamarelo\/wp-json\/wp\/v2\/tags?post=72219"}],"curies":[{"name":"wp","href":"https:\/\/api.w.org\/{rel}","templated":true}]}}