{"id":72629,"date":"2018-11-06T13:19:18","date_gmt":"2018-11-06T15:19:18","guid":{"rendered":"https:\/\/verde-amarelo.net\/verdeamarelo\/2018\/11\/total-investira-na-producao-de-gas-natural-liquefeito-nos-eua-e-mexico\/"},"modified":"2018-11-06T13:19:18","modified_gmt":"2018-11-06T15:19:18","slug":"total-investira-na-producao-de-gas-natural-liquefeito-nos-eua-e-mexico","status":"publish","type":"post","link":"https:\/\/verde-amarelo.net\/verdeamarelo\/2018\/11\/total-investira-na-producao-de-gas-natural-liquefeito-nos-eua-e-mexico\/","title":{"rendered":"Total investir\u00e1 na produ\u00e7\u00e3o de g\u00e1s natural liquefeito nos EUA e M\u00e9xico"},"content":{"rendered":"<p>O governador do Cear\u00e1, Camilo Santana, visitou na manh\u00e3 desta segunda-feira (5) as obras estruturantes que comp\u00f5em o trajeto entre os portos do Mucuripe e Pec\u00e9m. A visita partiu do Porto do Mucuripe, percorrendo a ponte da Sabiaguaba; a rodovia CE-010 e o local onde vai haver um viaduto sobre a rodovia CE-040. O governador passou ainda por toda a extens\u00e3o do Anel Vi\u00e1rio, at\u00e9 o entroncamento de Maranguape com Maracana\u00fa, por todo o trecho at\u00e9 o entroncamento com Canind\u00e9, percorrendo as obras de duplica\u00e7\u00e3o da BR 222 e as obras de extens\u00e3o do Porto do Pec\u00e9m.<\/p>&nbsp;&nbsp;\n<p>\u201cHoje eu tirei a manh\u00e3 para realizar visitas a importantes obras para o desenvolvimento do Cear\u00e1. N\u00f3s vamos ter de porto a porto duplicado, desde o porto do Mucuripe at\u00e9 o Porto do Pec\u00e9m. Hoje, eu percorri toda essa \u00e1rea e as obras est\u00e3o bem adiantadas. Lembrando que, no pr\u00f3ximo ano, n\u00f3s vamos ter todo o arco metropolitano duplicado, livrando o fluxo de carga pesada de dentro de Fortaleza\u201d, comentou o governador.<\/p>&nbsp;&nbsp;\n<p>Obras do Pec\u00e9m<\/p>\n<p>Camilo Santana falou sobre a obra de amplia\u00e7\u00e3o no Porto e os benef\u00edcios gerados. \u201cEstamos concluindo a \u00faltima estaca da ponte de acesso aos ber\u00e7os do Porto do Pec\u00e9m. \u00c9 uma obra de engenharia muito avan\u00e7ada, porque \u00e9 feita toda em alto-mar. J\u00e1 t\u00ednhamos a ponte de carga e descarga dos navios nos ber\u00e7os do Porto e essa nova ponte \u00e9 mais resistente, mais refor\u00e7ada. \u00c9 por onde vai sair toda a produ\u00e7\u00e3o de placas de a\u00e7o da sider\u00fargica. J\u00e1 foi conclu\u00edda a \u00faltima estaca, com a \u00faltima viga e j\u00e1 estamos jogando as pedras para fazer a liga\u00e7\u00e3o com o lado que os navios atracam aguardando as cargas\u201d, explicou.<\/p>&nbsp;&nbsp;\n<p>Segundo o governador, o objetivo \u00e9 que em dezembro a nova ponte j\u00e1 possa ser inaugurada. \u201c\u00c9 uma amplia\u00e7\u00e3o importante. N\u00f3s temos praticamente tr\u00eas vezes a capacidade que o Porto tinha originalmente, quando foi constru\u00eddo. Somente no Porto do Pec\u00e9m, n\u00f3s estamos gerando mais de 25 mil empregos diretos e indiretos, com a sider\u00fargica, com v\u00e1rias empresas instaladas e com a expans\u00e3o do porto\u201d, enfatizou.<\/p>&nbsp;&nbsp;\n<p>Viagem<\/p>\n<p>O governador anunciou uma viagem \u00e0 Holanda na quarta e quinta-feira, para um encontro no Porto de Rotterd\u00e3, com aproximadamente 200 empresas internacionais. No encontro, as empresas conhecer\u00e3o a parceria entre o Porto de Rotterd\u00e3 e o Porto do Pec\u00e9m.\u201cA partir desse m\u00eas, o Porto de Rotterd\u00e3 passa a ser parceiro do Porto do Pec\u00e9m. \u00c9 o maior porto da Europa e vai nos ajudar a atrair novos investimentos para o Cear\u00e1. Isso significa mais emprego, desenvolvimento e uma forma de conectar mais o Cear\u00e1 com o mundo. Ali\u00e1s, n\u00f3s estamos nos conectando via a\u00e9rea, mar\u00edtima e via cabos de fibra \u00f3ptica\u201d, concluiu o chefe do Executivo do Cear\u00e1.<\/p>&nbsp;&nbsp;\n<p>O governador lembrou ainda do voo inaugural Fortaleza-Orlando, ocorrido no \u00faltimo domingo, e que completa um total de 58 voos internacionais que s\u00e3o realizados por semana, partindo de Fortaleza para v\u00e1rios continentes do mundo.<\/p>&nbsp;&nbsp;\n<p>Fonte: Ascom Governo do Cear\u00e1<\/p>\n<div class=\"infor-depois-do-conteudo\" id=\"infor-1136849302\">\n<div id=\"infor-822838889\"><a href=\"mailto:comercial@informativodosportos.com.br\"><img decoding=\"async\" src=\"data:image\/gif;base64,R0lGODlhAQABAIAAAAAAAP\/\/\/ywAAAAAAQABAAACAUwAOw==\" fifu-lazy=\"1\" fifu-data-sizes=\"auto\" fifu-data-srcset=\"https:\/\/i2.wp.com\/www.truckbrasil.com.br\/wp\/wp-content\/uploads\/2018\/11\/total-investira-na-producao-de-gas-natural-liquefeito-nos-eua-e-mexico.gif?ssl=1&w=75&resize=75&ssl=1 75w, https:\/\/i2.wp.com\/www.truckbrasil.com.br\/wp\/wp-content\/uploads\/2018\/11\/total-investira-na-producao-de-gas-natural-liquefeito-nos-eua-e-mexico.gif?ssl=1&w=100&resize=100&ssl=1 100w, https:\/\/i2.wp.com\/www.truckbrasil.com.br\/wp\/wp-content\/uploads\/2018\/11\/total-investira-na-producao-de-gas-natural-liquefeito-nos-eua-e-mexico.gif?ssl=1&w=150&resize=150&ssl=1 150w, https:\/\/i2.wp.com\/www.truckbrasil.com.br\/wp\/wp-content\/uploads\/2018\/11\/total-investira-na-producao-de-gas-natural-liquefeito-nos-eua-e-mexico.gif?ssl=1&w=240&resize=240&ssl=1 240w, https:\/\/i2.wp.com\/www.truckbrasil.com.br\/wp\/wp-content\/uploads\/2018\/11\/total-investira-na-producao-de-gas-natural-liquefeito-nos-eua-e-mexico.gif?ssl=1&w=320&resize=320&ssl=1 320w, https:\/\/i2.wp.com\/www.truckbrasil.com.br\/wp\/wp-content\/uploads\/2018\/11\/total-investira-na-producao-de-gas-natural-liquefeito-nos-eua-e-mexico.gif?ssl=1&w=500&resize=500&ssl=1 500w, https:\/\/i2.wp.com\/www.truckbrasil.com.br\/wp\/wp-content\/uploads\/2018\/11\/total-investira-na-producao-de-gas-natural-liquefeito-nos-eua-e-mexico.gif?ssl=1&w=640&resize=640&ssl=1 640w, https:\/\/i2.wp.com\/www.truckbrasil.com.br\/wp\/wp-content\/uploads\/2018\/11\/total-investira-na-producao-de-gas-natural-liquefeito-nos-eua-e-mexico.gif?ssl=1&w=800&resize=800&ssl=1 800w, https:\/\/i2.wp.com\/www.truckbrasil.com.br\/wp\/wp-content\/uploads\/2018\/11\/total-investira-na-producao-de-gas-natural-liquefeito-nos-eua-e-mexico.gif?ssl=1&w=1024&resize=1024&ssl=1 1024w, https:\/\/i2.wp.com\/www.truckbrasil.com.br\/wp\/wp-content\/uploads\/2018\/11\/total-investira-na-producao-de-gas-natural-liquefeito-nos-eua-e-mexico.gif?ssl=1&w=1280&resize=1280&ssl=1 1280w, https:\/\/i2.wp.com\/www.truckbrasil.com.br\/wp\/wp-content\/uploads\/2018\/11\/total-investira-na-producao-de-gas-natural-liquefeito-nos-eua-e-mexico.gif?ssl=1&w=1600&resize=1600&ssl=1 1600w\" width=\"728\" height=\"90\" fifu-data-src=\"https:\/\/i2.wp.com\/www.truckbrasil.com.br\/wp\/wp-content\/uploads\/2018\/11\/total-investira-na-producao-de-gas-natural-liquefeito-nos-eua-e-mexico.gif?ssl=1\" alt=\"\" title=\"GIF---Informativo-dos-Portos-web-banner-Intermodal-e-Transport\"\/><\/a><\/div>\n<\/div>\n<p><a href=\"http:\/\/informativodosportos.com.br\/portal\/2018\/11\/06\/total-investira-na-producao-de-gas-natural-liquefeito-nos-eua-e-mexico-2\/\" target=\"_blank\" rel=\"noopener\">Mais em http:\/\/informativodosportos.com.br\/portal\/2018\/11\/06\/total-investira-na-producao-de-gas-natural-liquefeito-nos-eua-e-mexico-2\/<\/a><\/p>\n","protected":false},"excerpt":{"rendered":"<p>O governador do Cear\u00e1, Camilo Santana, visitou na manh\u00e3 desta segunda-feira (5) as obras estruturantes&#8230;<\/p>\n","protected":false},"author":1,"featured_media":0,"comment_status":"open","ping_status":"open","sticky":false,"template":"","format":"standard","meta":{"fifu_image_url":"","fifu_image_alt":"","footnotes":""},"categories":[8702],"tags":[8846],"class_list":["post-72629","post","type-post","status-publish","format-standard","hentry","category-logistica","tag-destaquesnoticias","wpcat-8702-id"],"_links":{"self":[{"href":"https:\/\/verde-amarelo.net\/verdeamarelo\/wp-json\/wp\/v2\/posts\/72629","targetHints":{"allow":["GET"]}}],"collection":[{"href":"https:\/\/verde-amarelo.net\/verdeamarelo\/wp-json\/wp\/v2\/posts"}],"about":[{"href":"https:\/\/verde-amarelo.net\/verdeamarelo\/wp-json\/wp\/v2\/types\/post"}],"author":[{"embeddable":true,"href":"https:\/\/verde-amarelo.net\/verdeamarelo\/wp-json\/wp\/v2\/users\/1"}],"replies":[{"embeddable":true,"href":"https:\/\/verde-amarelo.net\/verdeamarelo\/wp-json\/wp\/v2\/comments?post=72629"}],"version-history":[{"count":0,"href":"https:\/\/verde-amarelo.net\/verdeamarelo\/wp-json\/wp\/v2\/posts\/72629\/revisions"}],"wp:attachment":[{"href":"https:\/\/verde-amarelo.net\/verdeamarelo\/wp-json\/wp\/v2\/media?parent=72629"}],"wp:term":[{"taxonomy":"category","embeddable":true,"href":"https:\/\/verde-amarelo.net\/verdeamarelo\/wp-json\/wp\/v2\/categories?post=72629"},{"taxonomy":"post_tag","embeddable":true,"href":"https:\/\/verde-amarelo.net\/verdeamarelo\/wp-json\/wp\/v2\/tags?post=72629"}],"curies":[{"name":"wp","href":"https:\/\/api.w.org\/{rel}","templated":true}]}}