{"id":72797,"date":"2018-11-14T19:36:02","date_gmt":"2018-11-14T21:36:02","guid":{"rendered":"https:\/\/verde-amarelo.net\/verdeamarelo\/2018\/11\/feriado-prolongado-exige-cuidados-redobrados-nas-rodovias-brasileiras\/"},"modified":"2018-11-14T19:36:02","modified_gmt":"2018-11-14T21:36:02","slug":"feriado-prolongado-exige-cuidados-redobrados-nas-rodovias-brasileiras","status":"publish","type":"post","link":"https:\/\/verde-amarelo.net\/verdeamarelo\/2018\/11\/feriado-prolongado-exige-cuidados-redobrados-nas-rodovias-brasileiras\/","title":{"rendered":"Feriado prolongado exige cuidados redobrados nas rodovias brasileiras"},"content":{"rendered":"<blockquote class=\"quote_content\" readability=\"31\">\n<p><span>Especialistas fazem alertas para as infra\u00e7\u00f5es mais comuns e indicam alternativas para melhorar a seguran\u00e7a nas estradas<\/span><\/p>\n<\/blockquote>\n<p>O Dia Mundial em Mem\u00f3ria das V\u00edtimas de Acidentes de Tr\u00e2nsito acontece neste domingo (18) e a data coincide com a emenda dos feriados da Proclama\u00e7\u00e3o da Rep\u00fablica (15) e Consci\u00eancia Negra (20) \u2013 este \u00faltimo \u00e9 facultativo e n\u00e3o acontece em todo o territ\u00f3rio nacional. Durante este per\u00edodo o tr\u00e1fego deve ficar intenso nas principais rodovias do pa\u00eds, sendo necess\u00e1rio refor\u00e7o no policiamento e aten\u00e7\u00e3o redobrada ao volante.<\/p>&nbsp;&nbsp;\n<p>No \u00faltimo feriado de Finados, a Pol\u00edcia Rodovi\u00e1ria Federal (PRF) atendeu a 682 acidentes, com 852 feridos e 59 mortes nas estradas federais do pa\u00eds. Na fiscaliza\u00e7\u00e3o contra os casos de dirigir sob efeito do \u00e1lcool, a PRF realizou 8.186 testes de alcoolemia, sendo que 694 motoristas foram reprovados. Al\u00e9m dessas infra\u00e7\u00f5es, outras ocorr\u00eancias como excesso de velocidade, falta do uso de cinto de seguran\u00e7a e ultrapassagens irregulares est\u00e3o entre as mais comuns e podem ser evitadas.<\/p>&nbsp;&nbsp;\n<p><a href=\"http:\/\/www.cargonews.com.br\/wp-content\/uploads\/2018\/11\/IMG_1218.jpg\">&#8221; wp-image-24379 alignleft&#8221; src=&#8221;https:\/\/www.truckbrasil.com.br\/wp\/wp-content\/uploads\/2018\/11\/feriado-prolongado-exige-cuidados-redobrados-nas-rodovias-brasileiras.jpg&#8221; alt=&#8221;&#8221; width=&#8221;266&#8243; height=&#8221;177&#8243; srcset=&#8221;https:\/\/www.truckbrasil.com.br\/wp\/wp-content\/uploads\/2018\/11\/feriado-prolongado-exige-cuidados-redobrados-nas-rodovias-brasileiras.jpg 300w, http:\/\/www.cargonews.com.br\/wp-content\/uploads\/2018\/11\/IMG_1218-768&#215;512.jpg 768w, http:\/\/www.cargonews.com.br\/wp-content\/uploads\/2018\/11\/IMG_1218-1024&#215;682.jpg 1024w&#8221; sizes=&#8221;(max-width: 266px) 100vw, 266px&#8221;\/><\/a>Al\u00e9m delas, \u00e9 necess\u00e1rio tomar cuidado tamb\u00e9m com pequenas distra\u00e7\u00f5es. O alerta \u00e9 da especialista em simulador de dire\u00e7\u00e3o e coordenadora de Produtos da ProSimulador, Juliana Aquino. \u201cExistem outras a\u00e7\u00f5es inadequadas que tamb\u00e9m geram riscos no tr\u00e2nsito, como utilizar o celular para enviar mensagens ou configurar o GPS enquanto dirige, procurar objetos no porta-luvas, trocar a esta\u00e7\u00e3o do r\u00e1dio ou at\u00e9 mesmo fazer refei\u00e7\u00f5es com somente uma das m\u00e3os ao volante\u201d, afirma.<\/p>&nbsp;&nbsp;\n<p>Para a especialista em educa\u00e7\u00e3o digital e Diretora de Produtos da Procondutor, Claudia de Moraes, \u00e9 poss\u00edvel mudar a cultura dos condutores brasileiros e diminuir os perigos no tr\u00e2nsito com de a\u00e7\u00f5es de educa\u00e7\u00e3o e conscientiza\u00e7\u00e3o. \u201cOs motoristas acreditam a educa\u00e7\u00e3o no tr\u00e2nsito n\u00e3o \u00e9 importante, talvez porque eles tenham contato com o tema somente quando v\u00e3o tirar a CNH. Por ser t\u00e3o relevante, o tema deveria ser discutido em diferentes momentos da forma\u00e7\u00e3o educacional das pessoas, ou seja, desde o ensino fundamental, passando pelo ensino m\u00e9dio e, tamb\u00e9m, no momento da emiss\u00e3o da habilita\u00e7\u00e3o. O Brasil est\u00e1 entre os mais violentos no tr\u00e2nsito, com mais de 47 mil mortes por ano, portanto, este assunto n\u00e3o deveria ser transversal nas escolas e, sim, obrigat\u00f3rio, para que assim tenhamos condutores mais conscientes do impacto de suas atitudes no tr\u00e2nsito\u201d, conclui a diretora.<\/p>&nbsp;&nbsp;\n<p>As mortes por acidentes de tr\u00e2nsito no pa\u00eds est\u00e3o em queda. Segundo levantamento mais recente do Minist\u00e9rio da Sa\u00fade, houve uma redu\u00e7\u00e3o de 27,4% dos \u00f3bitos nas capitais brasileiras. Apesar desta redu\u00e7\u00e3o, o Brasil aparece em quinto lugar entre as na\u00e7\u00f5es recordistas em mortes no tr\u00e2nsito.<\/p>&nbsp;&nbsp;\n","protected":false},"excerpt":{"rendered":"<p>Especialistas fazem alertas para as infra\u00e7\u00f5es mais comuns e indicam alternativas para melhorar a seguran\u00e7a&#8230;<\/p>\n","protected":false},"author":1,"featured_media":0,"comment_status":"open","ping_status":"open","sticky":false,"template":"","format":"standard","meta":{"fifu_image_url":"","fifu_image_alt":"","footnotes":""},"categories":[8702],"tags":[9092],"class_list":["post-72797","post","type-post","status-publish","format-standard","hentry","category-logistica","tag-cuidadosferiadologistica","wpcat-8702-id"],"_links":{"self":[{"href":"https:\/\/verde-amarelo.net\/verdeamarelo\/wp-json\/wp\/v2\/posts\/72797","targetHints":{"allow":["GET"]}}],"collection":[{"href":"https:\/\/verde-amarelo.net\/verdeamarelo\/wp-json\/wp\/v2\/posts"}],"about":[{"href":"https:\/\/verde-amarelo.net\/verdeamarelo\/wp-json\/wp\/v2\/types\/post"}],"author":[{"embeddable":true,"href":"https:\/\/verde-amarelo.net\/verdeamarelo\/wp-json\/wp\/v2\/users\/1"}],"replies":[{"embeddable":true,"href":"https:\/\/verde-amarelo.net\/verdeamarelo\/wp-json\/wp\/v2\/comments?post=72797"}],"version-history":[{"count":0,"href":"https:\/\/verde-amarelo.net\/verdeamarelo\/wp-json\/wp\/v2\/posts\/72797\/revisions"}],"wp:attachment":[{"href":"https:\/\/verde-amarelo.net\/verdeamarelo\/wp-json\/wp\/v2\/media?parent=72797"}],"wp:term":[{"taxonomy":"category","embeddable":true,"href":"https:\/\/verde-amarelo.net\/verdeamarelo\/wp-json\/wp\/v2\/categories?post=72797"},{"taxonomy":"post_tag","embeddable":true,"href":"https:\/\/verde-amarelo.net\/verdeamarelo\/wp-json\/wp\/v2\/tags?post=72797"}],"curies":[{"name":"wp","href":"https:\/\/api.w.org\/{rel}","templated":true}]}}