{"id":72799,"date":"2018-11-14T19:35:11","date_gmt":"2018-11-14T21:35:11","guid":{"rendered":"https:\/\/verde-amarelo.net\/verdeamarelo\/2018\/11\/mercedes-benz-e-cervejaria-ambev-anunciam-parceria-de-228-caminhoes\/"},"modified":"2018-11-14T19:35:11","modified_gmt":"2018-11-14T21:35:11","slug":"mercedes-benz-e-cervejaria-ambev-anunciam-parceria-de-228-caminhoes","status":"publish","type":"post","link":"https:\/\/verde-amarelo.net\/verdeamarelo\/2018\/11\/mercedes-benz-e-cervejaria-ambev-anunciam-parceria-de-228-caminhoes\/","title":{"rendered":"Mercedes-Benz e Cervejaria Ambev anunciam parceria de 228 caminh\u00f5es"},"content":{"rendered":"<p><img \"aligncenter size-full wp-image-6396&#8243; src=&#8221;https:\/\/www.truckbrasil.com.br\/wp\/wp-content\/uploads\/2018\/11\/mercedes-benz-e-cervejaria-ambev-anunciam-parceria-de-228-caminhoes.jpg&#8221; alt=&#8221;MBC_Blog_menor_1611&#8243; width=&#8221;800&#8243; height=&#8221;479&#8243;\/><\/p>\n<p>A Cervejaria Ambev precisou renovar e ampliar sua frota de caminh\u00f5es para transportar seus produtos por todo o Brasil, e para isso, contou com a Mercedes-Benz.<\/p>&nbsp;&nbsp;\n<p>A parceria resultou em 212 semipesados Atego e 16 extrapesados Actros, com promessa de entregar todos os lotes at\u00e9 dezembro.<\/p>&nbsp;&nbsp;\n<p>Al\u00e9m de cerveja, o portf\u00f3lio da empresa conta com refrigerantes, \u00e1guas, ch\u00e1s, isot\u00f4nicos, energ\u00e9ticos e sucos. E agora, sem d\u00favida est\u00e1 preparada para o aumento tradicional de consumo de bebidas no ver\u00e3o.<\/p>&nbsp;&nbsp;\n<p>\u201cNessa expressiva parceria pesou muito a solu\u00e7\u00e3o completa que entregamos ao cliente\u201d, afirma Roberto Leoncini, vice-presidente de Vendas e Marketing Caminh\u00f5es e \u00d4nibus da Mercedes-Benz do Brasil. \u201cAl\u00e9m de ve\u00edculos j\u00e1 consagrados no transporte de bebidas pela efici\u00eancia e rentabilidade, como o Atego e o Actros, oferecemos Planos de Manuten\u00e7\u00e3o, neg\u00f3cios com ve\u00edculos usados do cliente via SelecTrucks e taxas especiais do Banco Mercedes-Benz\u201d.<\/p>&nbsp;&nbsp;\n<p>O atendimento \u00e0 Cervejaria Ambev e seus parceiros envolveu ainda um trabalho de customiza\u00e7\u00e3o, como limitador de velocidade a 80 km\/h, alarme para uso do cinto de seguran\u00e7a nos bancos e alongamento do chassi do Atego 3026.<\/p>&nbsp;&nbsp;\n<p>Roberto Leoncini tamb\u00e9m contou que cerca de 10% dos 228 caminh\u00f5es receber\u00e3o a ativa\u00e7\u00e3o do Fleetboard: um sistema de gerenciamento da frota com fun\u00e7\u00f5es de rastreamento e bloqueio. Tudo em prol da seguran\u00e7a para o motorista e para a carga.<\/p>&nbsp;&nbsp;\n<p>Essa \u00e9 mais uma prova do destaque dos modelos Atego e Actros, que mostraram ser preferidos tamb\u00e9m no transporte de bebidas.<\/p>&nbsp;&nbsp;\n<p> <a href=\"https:\/\/blogcaminhao.mercedes-benz.com.br\/mercedes-benz-e-cervejaria-ambev-anunciam-parceria-de-228-caminhoes\/\" target=\"_blank\" rel=\"noopener\">Mais em https:\/\/blogcaminhao.mercedes-benz.com.br\/mercedes-benz-e-cervejaria-ambev-anunciam-parceria-de-228-caminhoes\/<\/a><\/p>\n","protected":false},"excerpt":{"rendered":"","protected":false},"author":1,"featured_media":0,"comment_status":"open","ping_status":"open","sticky":false,"template":"","format":"standard","meta":{"fifu_image_url":"","fifu_image_alt":"","footnotes":""},"categories":[8701],"tags":[9093],"class_list":["post-72799","post","type-post","status-publish","format-standard","hentry","category-geralcaminhoes","tag-actrosategocaminhoesextrapesadomarcamercedes-benz","wpcat-8701-id"],"_links":{"self":[{"href":"https:\/\/verde-amarelo.net\/verdeamarelo\/wp-json\/wp\/v2\/posts\/72799","targetHints":{"allow":["GET"]}}],"collection":[{"href":"https:\/\/verde-amarelo.net\/verdeamarelo\/wp-json\/wp\/v2\/posts"}],"about":[{"href":"https:\/\/verde-amarelo.net\/verdeamarelo\/wp-json\/wp\/v2\/types\/post"}],"author":[{"embeddable":true,"href":"https:\/\/verde-amarelo.net\/verdeamarelo\/wp-json\/wp\/v2\/users\/1"}],"replies":[{"embeddable":true,"href":"https:\/\/verde-amarelo.net\/verdeamarelo\/wp-json\/wp\/v2\/comments?post=72799"}],"version-history":[{"count":0,"href":"https:\/\/verde-amarelo.net\/verdeamarelo\/wp-json\/wp\/v2\/posts\/72799\/revisions"}],"wp:attachment":[{"href":"https:\/\/verde-amarelo.net\/verdeamarelo\/wp-json\/wp\/v2\/media?parent=72799"}],"wp:term":[{"taxonomy":"category","embeddable":true,"href":"https:\/\/verde-amarelo.net\/verdeamarelo\/wp-json\/wp\/v2\/categories?post=72799"},{"taxonomy":"post_tag","embeddable":true,"href":"https:\/\/verde-amarelo.net\/verdeamarelo\/wp-json\/wp\/v2\/tags?post=72799"}],"curies":[{"name":"wp","href":"https:\/\/api.w.org\/{rel}","templated":true}]}}