{"id":72802,"date":"2018-11-14T20:23:39","date_gmt":"2018-11-14T22:23:39","guid":{"rendered":"https:\/\/verde-amarelo.net\/verdeamarelo\/2018\/11\/a-mercedes-benz-realiza-a-venda-de-222-caminhoes-para-a-frota-da-transpanorama\/"},"modified":"2018-11-14T20:23:39","modified_gmt":"2018-11-14T22:23:39","slug":"a-mercedes-benz-realiza-a-venda-de-222-caminhoes-para-a-frota-da-transpanorama","status":"publish","type":"post","link":"https:\/\/verde-amarelo.net\/verdeamarelo\/2018\/11\/a-mercedes-benz-realiza-a-venda-de-222-caminhoes-para-a-frota-da-transpanorama\/","title":{"rendered":"A Mercedes-Benz realiza a venda de 222 caminh\u00f5es para a frota da Transpanorama"},"content":{"rendered":"<p><img \"aligncenter size-full wp-image-6405&#8243; src=&#8221;https:\/\/www.truckbrasil.com.br\/wp\/wp-content\/uploads\/2018\/11\/a-mercedes-benz-realiza-a-venda-de-222-caminhoes-para-a-frota-da-transpanorama.jpg&#8221; alt=&#8221;MBC_Blog_menor_0811&#8243; width=&#8221;800&#8243; height=&#8221;479&#8243;\/><\/p>\n<p>A Mercedes-Benz acaba de realizar a venda de 222 caminh\u00f5es para renova\u00e7\u00e3o e amplia\u00e7\u00e3o de frota da Transpanorama, de Maring\u00e1 (Paran\u00e1), uma das maiores empresas de transporte rodovi\u00e1rio de cargas do Brasil. S\u00e3o 154 extrapesados Axor 2036, 53 semipesados Atego 2430 e outros 15 do modelo Atego 1726, que ser\u00e3o entregues at\u00e9 o final do ano para transportar cargas fracionadas aos Correios.<\/p>&nbsp;&nbsp;\n<p>O suporte completo da Mercedes-Benz \u00e0 Transpanorama tamb\u00e9m envolveu o financiamento dessa aquisi\u00e7\u00e3o de 222 caminh\u00f5es: 80% foram viabilizados pelo Banco Mercedes-Benz, entre Finame e CDC. Al\u00e9m da Divena, o cliente \u00e9 atendido pelo concession\u00e1rio Ing\u00e1 Ve\u00edculos, de Maring\u00e1.<\/p>&nbsp;&nbsp;\n<p>\u201cCom essa compra, totalizamos 350 caminh\u00f5es Mercedes-Benz, o que equivale a quase 32% dos 1.100 ve\u00edculos que temos no total. Assim, continuamos mantendo uma frota de alta qualidade para atender aos Correios, nosso tradicional cliente. Escolhemos os caminh\u00f5es da marca porque eles t\u00eam manuten\u00e7\u00e3o f\u00e1cil, o que nos d\u00e1 um \u00f3timo valor de revenda. Estamos muito satisfeitos tamb\u00e9m com a evolu\u00e7\u00e3o dos produtos, que est\u00e3o cada vez mais adequados \u00e0s nossas opera\u00e7\u00f5es\u201d, ressalta Cl\u00e1udio Adamuccio, diretor administrativo da Transpanorama.<\/p>&nbsp;&nbsp;\n<p>\u201cEssa compra reafirma a confian\u00e7a do cliente com a Mercedes-Benz, que por sua vez est\u00e1 entregando uma solu\u00e7\u00e3o completa, desde a pr\u00e9-venda, com o atendimento especializado e o financiamento do Banco Mercedes-Benz, passando por caminh\u00f5es eficientes e rent\u00e1veis e chegando ao p\u00f3s-venda, com a Oficina Dedicada na garagem do cliente, por exemplo\u201d, afirma Roberto Leoncini, vice-presidente de Vendas e Marketing Caminh\u00f5es e \u00d4nibus da Mercedes-Benz do Brasil.<\/p>&nbsp;&nbsp;\n<p> <a href=\"https:\/\/blogcaminhao.mercedes-benz.com.br\/a-mercedes-benz-realiza-a-venda-de-222-caminhoes-para-a-frota-da-transpanorama\/\" target=\"_blank\" rel=\"noopener\">Mais em https:\/\/blogcaminhao.mercedes-benz.com.br\/a-mercedes-benz-realiza-a-venda-de-222-caminhoes-para-a-frota-da-transpanorama\/<\/a><\/p>\n","protected":false},"excerpt":{"rendered":"","protected":false},"author":1,"featured_media":0,"comment_status":"open","ping_status":"open","sticky":false,"template":"","format":"standard","meta":{"fifu_image_url":"","fifu_image_alt":"","footnotes":""},"categories":[8701],"tags":[9095],"class_list":["post-72802","post","type-post","status-publish","format-standard","hentry","category-geralcaminhoes","tag-ategoaxorcaminhoesmarcamercedes-benz","wpcat-8701-id"],"_links":{"self":[{"href":"https:\/\/verde-amarelo.net\/verdeamarelo\/wp-json\/wp\/v2\/posts\/72802","targetHints":{"allow":["GET"]}}],"collection":[{"href":"https:\/\/verde-amarelo.net\/verdeamarelo\/wp-json\/wp\/v2\/posts"}],"about":[{"href":"https:\/\/verde-amarelo.net\/verdeamarelo\/wp-json\/wp\/v2\/types\/post"}],"author":[{"embeddable":true,"href":"https:\/\/verde-amarelo.net\/verdeamarelo\/wp-json\/wp\/v2\/users\/1"}],"replies":[{"embeddable":true,"href":"https:\/\/verde-amarelo.net\/verdeamarelo\/wp-json\/wp\/v2\/comments?post=72802"}],"version-history":[{"count":0,"href":"https:\/\/verde-amarelo.net\/verdeamarelo\/wp-json\/wp\/v2\/posts\/72802\/revisions"}],"wp:attachment":[{"href":"https:\/\/verde-amarelo.net\/verdeamarelo\/wp-json\/wp\/v2\/media?parent=72802"}],"wp:term":[{"taxonomy":"category","embeddable":true,"href":"https:\/\/verde-amarelo.net\/verdeamarelo\/wp-json\/wp\/v2\/categories?post=72802"},{"taxonomy":"post_tag","embeddable":true,"href":"https:\/\/verde-amarelo.net\/verdeamarelo\/wp-json\/wp\/v2\/tags?post=72802"}],"curies":[{"name":"wp","href":"https:\/\/api.w.org\/{rel}","templated":true}]}}