{"id":72810,"date":"2018-11-16T11:00:48","date_gmt":"2018-11-16T13:00:48","guid":{"rendered":"https:\/\/verde-amarelo.net\/verdeamarelo\/2018\/11\/embalagem-de-consumo-e-distribuicao-e-commerce-e-tema-de-curso-do-grupo-imam\/"},"modified":"2018-11-16T11:00:48","modified_gmt":"2018-11-16T13:00:48","slug":"embalagem-de-consumo-e-distribuicao-e-commerce-e-tema-de-curso-do-grupo-imam","status":"publish","type":"post","link":"https:\/\/verde-amarelo.net\/verdeamarelo\/2018\/11\/embalagem-de-consumo-e-distribuicao-e-commerce-e-tema-de-curso-do-grupo-imam\/","title":{"rendered":"Embalagem de Consumo e Distribui\u00e7\u00e3o (E-Commerce) \u00e9 tema de curso do Grupo IMAM"},"content":{"rendered":"<p><a href=\"https:\/\/www.truckbrasil.com.br\/wp\/wp-content\/uploads\/2018\/11\/embalagem-de-consumo-e-distribuicao-e-commerce-e-tema-de-curso-do-grupo-imam.jpg\">&#8220;alignright size-full wp-image-24295&#8243; src=&#8221;https:\/\/www.truckbrasil.com.br\/wp\/wp-content\/uploads\/2018\/11\/embalagem-de-consumo-e-distribuicao-e-commerce-e-tema-de-curso-do-grupo-imam.jpg&#8221; alt=&#8221;&#8221; width=&#8221;294&#8243; height=&#8221;290&#8243; srcset=&#8221;https:\/\/www.truckbrasil.com.br\/wp\/wp-content\/uploads\/2018\/11\/embalagem-de-consumo-e-distribuicao-e-commerce-e-tema-de-curso-do-grupo-imam.jpg 294w, http:\/\/www.cargonews.com.br\/wp-content\/uploads\/2018\/11\/Grupo-IMAM-75&#215;75.jpg 75w&#8221; sizes=&#8221;(max-width: 294px) 100vw, 294px&#8221;\/><\/a>A integra\u00e7\u00e3o da embalagem de consumo na distribui\u00e7\u00e3o, ao longo de todo o processo log\u00edstico \u00e9 o que ser\u00e1 ensinado no curso \u2018Embalagem de Consumo e Distribui\u00e7\u00e3o (E-Commerce)\u2019 do Grupo IMAM. O treinamento pretende provocar a reflex\u00e3o e debate entre todos, instigar novas ideias, proporcionar novas ferramentas e motivar a implementa\u00e7\u00e3o deste aprendizado na empresa em que trabalham. Ele vai propiciar aos participantes um melhor conhecimento no desenvolvimento de embalagens, como base para o desenvolvimento e solu\u00e7\u00e3o no planejamento da cadeia log\u00edstica industrial ou de transporte, influ\u00eancias na qualidade do produto, aumento da produtividade e na distribui\u00e7\u00e3o. O evento acontece nos dias 21 e 22 de novembro.<\/p>&nbsp;&nbsp;\n<p>Conte\u00fado Program\u00e1tico<\/p>\n<p>\u2013 Introdu\u00e7\u00e3o e defini\u00e7\u00e3o de embalagem;<br \/>\u2013 A ind\u00fastria (cadeia) da embalagem;<br \/>\u2013 Classifica\u00e7\u00e3o (tipos) e fun\u00e7\u00f5es da embalagem;<br \/>\u2013 Analogia das fun\u00e7\u00f5es entre embalagens de consumo x distribui\u00e7\u00e3o;<br \/>\u2013 Exemplos de embalagens de distribui\u00e7\u00e3o e materiais de acondicionamento;<br \/>\u2013 Materiais e combina\u00e7\u00f5es (madeira, a\u00e7o, pl\u00e1stico, papel, mistas, cal\u00e7os, ber\u00e7os, envolventes, separadores, acess\u00f3rios, etc.);<br \/>\u2013 O e-commerce e a atua\u00e7\u00e3o das embalagens;<br \/>\u2013 Caixa Master \u2013 A caixa de papel\u00e3o ondulado: Especifica\u00e7\u00f5es, tipos, chapas, ondas, compensa\u00e7\u00f5es no projeto, fatores no empilhamento;<br \/>\u2013 Caixa Master \u2013 Buscando o equil\u00edbrio entre o desempenho t\u00e9cnico e o desempenho econ\u00f4mico;<br \/>\u2013 Projeto em Sala \u2013 Defini\u00e7\u00e3o de uma caixa master (secund\u00e1ria) m\u00faltipla de 24 prim\u00e1rias;<br \/>\u2013 Checklist de desenvolvimento de uma embalagem de Distribui\u00e7\u00e3o;<br \/>\u2013 Marca\u00e7\u00f5es e simbologias t\u00edpicas;<br \/>\u2013 Exemplo de um produto logisticamente complicado;<br \/>\u2013 Projeto em sala \u2013 Defini\u00e7\u00e3o de tamanhos de embalagens;<br \/>\u2013 Exerc\u00edcio \u2013 Princ\u00edpio do tamanho da carga;<br \/>\u2013 Algumas an\u00e1lises financeiras a respeito de embalagens;<br \/>\u2013 Gr\u00e1fico e ponto de equil\u00edbrio no dimensionamento de uma embalagem \u2013 custos x avarias;<br \/>\u2013 Testes e ensaios de desempenho em embalagens de distribui\u00e7\u00e3o.<\/p>&nbsp;&nbsp;\n<p>Servi\u00e7o<\/p>\n<p>Grupo IMAM<\/p>\n<p>\u2018Embalagem de Consumo e Distribui\u00e7\u00e3o (E-Commerce)\u2019<\/p>\n<p>Data: 21 e 22 de novembro<br \/>Hor\u00e1rios: Das 08h00 \u00e0s 18h00<br \/>Local: Sede do IMAM \u2013 Rua Loefgreen, 1057, pr\u00f3ximo ao Metr\u00f4 Santa Cruz, Vila Mariana \u2013 SP<br \/>Para mais informa\u00e7\u00f5es e inscri\u00e7\u00e3o, acesse www.imam.com.br ou entre em contato pelo telefone (11) 5575-1400<\/p>\n","protected":false},"excerpt":{"rendered":"<p>&#8220;alignright size-full wp-image-24295&#8243; src=&#8221;https:\/\/www.truckbrasil.com.br\/wp\/wp-content\/uploads\/2018\/11\/embalagem-de-consumo-e-distribuicao-e-commerce-e-tema-de-curso-do-grupo-imam.jpg&#8221; alt=&#8221;&#8221; width=&#8221;294&#8243; height=&#8221;290&#8243; srcset=&#8221;https:\/\/www.truckbrasil.com.br\/wp\/wp-content\/uploads\/2018\/11\/embalagem-de-consumo-e-distribuicao-e-commerce-e-tema-de-curso-do-grupo-imam.jpg 294w, http:\/\/www.cargonews.com.br\/wp-content\/uploads\/2018\/11\/Grupo-IMAM-75&#215;75.jpg 75w&#8221; sizes=&#8221;(max-width: 294px) 100vw, 294px&#8221;\/>A&#8230;<\/p>\n","protected":false},"author":1,"featured_media":0,"comment_status":"open","ping_status":"open","sticky":false,"template":"","format":"standard","meta":{"fifu_image_url":"","fifu_image_alt":"","footnotes":""},"categories":[8702],"tags":[9102],"class_list":["post-72810","post","type-post","status-publish","format-standard","hentry","category-logistica","tag-cursoe-commerceimamlogistica","wpcat-8702-id"],"_links":{"self":[{"href":"https:\/\/verde-amarelo.net\/verdeamarelo\/wp-json\/wp\/v2\/posts\/72810","targetHints":{"allow":["GET"]}}],"collection":[{"href":"https:\/\/verde-amarelo.net\/verdeamarelo\/wp-json\/wp\/v2\/posts"}],"about":[{"href":"https:\/\/verde-amarelo.net\/verdeamarelo\/wp-json\/wp\/v2\/types\/post"}],"author":[{"embeddable":true,"href":"https:\/\/verde-amarelo.net\/verdeamarelo\/wp-json\/wp\/v2\/users\/1"}],"replies":[{"embeddable":true,"href":"https:\/\/verde-amarelo.net\/verdeamarelo\/wp-json\/wp\/v2\/comments?post=72810"}],"version-history":[{"count":0,"href":"https:\/\/verde-amarelo.net\/verdeamarelo\/wp-json\/wp\/v2\/posts\/72810\/revisions"}],"wp:attachment":[{"href":"https:\/\/verde-amarelo.net\/verdeamarelo\/wp-json\/wp\/v2\/media?parent=72810"}],"wp:term":[{"taxonomy":"category","embeddable":true,"href":"https:\/\/verde-amarelo.net\/verdeamarelo\/wp-json\/wp\/v2\/categories?post=72810"},{"taxonomy":"post_tag","embeddable":true,"href":"https:\/\/verde-amarelo.net\/verdeamarelo\/wp-json\/wp\/v2\/tags?post=72810"}],"curies":[{"name":"wp","href":"https:\/\/api.w.org\/{rel}","templated":true}]}}