{"id":72823,"date":"2018-11-19T09:10:29","date_gmt":"2018-11-19T11:10:29","guid":{"rendered":"https:\/\/verde-amarelo.net\/verdeamarelo\/2018\/11\/fiat-cronos-chega-a-linha-2019-e-ganha-versao-pcd\/"},"modified":"2018-11-19T09:10:29","modified_gmt":"2018-11-19T11:10:29","slug":"fiat-cronos-chega-a-linha-2019-e-ganha-versao-pcd","status":"publish","type":"post","link":"https:\/\/verde-amarelo.net\/verdeamarelo\/2018\/11\/fiat-cronos-chega-a-linha-2019-e-ganha-versao-pcd\/","title":{"rendered":"Fiat Cronos chega a linha 2019 e ganha vers\u00e3o PCD"},"content":{"rendered":"<p><a href=\"http:\/\/www.carpointnews.com.br\/?attachment_id=69641\" rel=\"attachment wp-att-69641\"><img \"alignnone wp-image-69641&#8243; src=&#8221;http:\/\/www.carpointnews.com.br\/wp-content\/uploads\/2018\/11\/Fiat-Cronos-Sport-2018.jpg&#8221; alt=&#8221;&#8221; width=&#8221;500&#8243; height=&#8221;334&#8243; srcset=&#8221;http:\/\/www.carpointnews.com.br\/wp-content\/uploads\/2018\/11\/Fiat-Cronos-Sport-2018.jpg 406w, http:\/\/www.carpointnews.com.br\/wp-content\/uploads\/2018\/11\/Fiat-Cronos-Sport-2018-300&#215;200.jpg 300w, http:\/\/www.carpointnews.com.br\/wp-content\/uploads\/2018\/11\/Fiat-Cronos-Sport-2018-180&#215;120.jpg 180w, http:\/\/www.carpointnews.com.br\/wp-content\/uploads\/2018\/11\/Fiat-Cronos-Sport-2018-150&#215;100.jpg 150w&#8221; sizes=&#8221;(max-width: 500px) 100vw, 500px&#8221;\/><\/a><\/p>\n<p>O Fiat Cronos chegou no in\u00edcio de 2018 revolucionando o mercado de sed\u00e3s com um design envolvente, arrojado e totalmente inovador. Ap\u00f3s nove meses, j\u00e1 teve quase 25 mil unidades comercializadas e, mesmo em pouco tempo, recebeu 3 importantes pr\u00eamios no Brasil e acaba de ser reconhecido\u00a0na Argentina como o \u201cAutom\u00f3vel Regional do Ano\u201d. Com um dos maiores porta-malas da categoria \u2013 tem impressionantes 525 litros de capacidade \u2013 e cabine ampla e bem equipada, oferece diversos itens tecnol\u00f3gicos de s\u00e9rie, como ESC (controle de estabilidade), Hill Holder (sistema ativo freio com controle eletr\u00f4nico que auxilia nas arrancadas do ve\u00edculo em subida) e TC (controle de tra\u00e7\u00e3o). O modelo \u2013 em suas diversas vers\u00f5es \u2013 \u00e9 um dos mais procurados pelo p\u00fablico no estande da Fiat no 30\u00b0 Sal\u00e3o do Autom\u00f3vel de S\u00e3o Paulo.<\/p>&nbsp;&nbsp;\n<p><strong>Fiat Cronos Sport<\/strong><\/p>\n<p>Essa vers\u00e3o exclusiva busca mostrar o novo sedan da Fiat de uma forma bem esportiva, com conforto e tecnologia como diferenciais. O show-car \u00e9 pintado em vermelho, com teto e rodas pintados em preto brilhante e com saias laterais negras que se prolongam visualmente at\u00e9 os para-choques traseiros e dianteiros, al\u00e9m de spoiler em preto. Al\u00e9m disso, o modelo, que tem como base a vers\u00e3o Precision 1.8 AT, recebeu um kit de aeroparts com detalhes em preto e vermelho, incluindo side skirts, front e back lips e um aerof\u00f3lio, reduzindo visivelmente a dist\u00e2ncia do solo e aumentando a aerodin\u00e2mica e a sensa\u00e7\u00e3o de estabilidade. O modelo ainda \u00e9 equipado com rodas de 17 polegadas escurecidas. Por dentro, traz detalhes em vermelho que refor\u00e7am o espirito esportivo.<\/p>&nbsp;&nbsp;\n<p><a href=\"http:\/\/www.carpointnews.com.br\/?attachment_id=69640\" rel=\"attachment wp-att-69640\"><img \"alignnone wp-image-69640&#8243; src=&#8221;http:\/\/www.carpointnews.com.br\/wp-content\/uploads\/2018\/11\/Fiat-Cronos-adaptado-PCD-2018-2.jpg&#8221; alt=&#8221;&#8221; width=&#8221;500&#8243; height=&#8221;333&#8243; srcset=&#8221;http:\/\/www.carpointnews.com.br\/wp-content\/uploads\/2018\/11\/Fiat-Cronos-adaptado-PCD-2018-2.jpg 383w, http:\/\/www.carpointnews.com.br\/wp-content\/uploads\/2018\/11\/Fiat-Cronos-adaptado-PCD-2018-2-300&#215;200.jpg 300w, http:\/\/www.carpointnews.com.br\/wp-content\/uploads\/2018\/11\/Fiat-Cronos-adaptado-PCD-2018-2-180&#215;120.jpg 180w, http:\/\/www.carpointnews.com.br\/wp-content\/uploads\/2018\/11\/Fiat-Cronos-adaptado-PCD-2018-2-150&#215;100.jpg 150w&#8221; sizes=&#8221;(max-width: 500px) 100vw, 500px&#8221;\/><\/a><\/p>\n<p><strong>Vers\u00e3o PCD<\/strong><\/p>\n<p>Outro Cronos exposto no estande da Fiat mostra de outra forma o ecletismo do modelo. Com altera\u00e7\u00f5es nos bancos do motorista e do passageiro para utiliza\u00e7\u00e3o por portadores de necessidades especiais, o Fiat Cronos mostra que \u00e9 capaz de atender demandas espec\u00edficas de acordo com o que cliente precisa em uma vers\u00e3o PCD feita com base na vers\u00e3o Precision. Os bancos podem ser colocados para fora do carro pelo acionamento de um controle autom\u00e1tico, facilitando a entrada do portador de necessidades especiais. E tudo isso sem\u00a0perder a garantia do fabricante.<\/p>&nbsp;&nbsp;\n<p><strong>Fiat Cronos Precision AT<\/strong><\/p>\n<p>Nessa vers\u00e3o que tamb\u00e9m est\u00e1 exposta no evento, o Cronos possui c\u00e2mbio autom\u00e1tico de seis velocidades e motor 1.8 E.torQ Evo VIS. Conta com o recurso Neutral Function, que auxilia na economia de combust\u00edvel ao desacoplar o motor da transmiss\u00e3o em paradas r\u00e1pidas de tr\u00e2nsito \u2013 o que tamb\u00e9m evita a inc\u00f4moda sensa\u00e7\u00e3o de que o sistema est\u00e1 for\u00e7ando os freios. A vers\u00e3o autom\u00e1tica traz como equipamentos de s\u00e9rie, por exemplo, far\u00f3is com luz de posi\u00e7\u00e3o em LED, rodas de liga leve de 16 polegadas, retrovisores el\u00e9tricos com tilt down e repetidores de seta integrados, sensor de estacionamento traseiro, paddle shifters atr\u00e1s do volante para troca manual das marchas, controle de velocidade de cruzeiro, Ambient Lights, apoio de bra\u00e7o para o motorista, volante revestido de couro e ma\u00e7anetas e frisos das portas cromados.<\/p>&nbsp;&nbsp;\n","protected":false},"excerpt":{"rendered":"<p>Vers\u00e3o PCD Outro Cronos exposto no estande da Fiat mostra de outra forma o ecletismo&#8230;<\/p>\n","protected":false},"author":1,"featured_media":0,"comment_status":"open","ping_status":"open","sticky":false,"template":"","format":"standard","meta":{"fifu_image_url":"","fifu_image_alt":"","footnotes":""},"categories":[8699],"tags":[9103],"class_list":["post-72823","post","type-post","status-publish","format-standard","hentry","category-geralcarros","tag-carrosnoticiaspcd","wpcat-8699-id"],"_links":{"self":[{"href":"https:\/\/verde-amarelo.net\/verdeamarelo\/wp-json\/wp\/v2\/posts\/72823","targetHints":{"allow":["GET"]}}],"collection":[{"href":"https:\/\/verde-amarelo.net\/verdeamarelo\/wp-json\/wp\/v2\/posts"}],"about":[{"href":"https:\/\/verde-amarelo.net\/verdeamarelo\/wp-json\/wp\/v2\/types\/post"}],"author":[{"embeddable":true,"href":"https:\/\/verde-amarelo.net\/verdeamarelo\/wp-json\/wp\/v2\/users\/1"}],"replies":[{"embeddable":true,"href":"https:\/\/verde-amarelo.net\/verdeamarelo\/wp-json\/wp\/v2\/comments?post=72823"}],"version-history":[{"count":0,"href":"https:\/\/verde-amarelo.net\/verdeamarelo\/wp-json\/wp\/v2\/posts\/72823\/revisions"}],"wp:attachment":[{"href":"https:\/\/verde-amarelo.net\/verdeamarelo\/wp-json\/wp\/v2\/media?parent=72823"}],"wp:term":[{"taxonomy":"category","embeddable":true,"href":"https:\/\/verde-amarelo.net\/verdeamarelo\/wp-json\/wp\/v2\/categories?post=72823"},{"taxonomy":"post_tag","embeddable":true,"href":"https:\/\/verde-amarelo.net\/verdeamarelo\/wp-json\/wp\/v2\/tags?post=72823"}],"curies":[{"name":"wp","href":"https:\/\/api.w.org\/{rel}","templated":true}]}}