{"id":72826,"date":"2018-11-19T13:50:46","date_gmt":"2018-11-19T15:50:46","guid":{"rendered":"https:\/\/verde-amarelo.net\/verdeamarelo\/2018\/11\/conselho-de-autoridade-portuaria-de-santos-questiona-reajuste-de-tarifas-da-codesp\/"},"modified":"2018-11-19T13:50:46","modified_gmt":"2018-11-19T15:50:46","slug":"conselho-de-autoridade-portuaria-de-santos-questiona-reajuste-de-tarifas-da-codesp","status":"publish","type":"post","link":"https:\/\/verde-amarelo.net\/verdeamarelo\/2018\/11\/conselho-de-autoridade-portuaria-de-santos-questiona-reajuste-de-tarifas-da-codesp\/","title":{"rendered":"Conselho de Autoridade Portu\u00e1ria de Santos questiona reajuste de tarifas da Codesp"},"content":{"rendered":"<p>O reajuste de 16,67% nas tarifas do Porto de Santos \u00e9 tema de questionamentos do Conselho de Autoridade Portu\u00e1ria (CAP). O \u00f3rg\u00e3o colegiado solicitou informa\u00e7\u00f5es \u00e0 Companhia Docas do Estado de S\u00e3o Paulo (Codesp) e \u00e0 Ag\u00eancia Nacional de Transportes Aquavi\u00e1rios (Antaq) sobre a metodologia utilizada para o c\u00e1lculo das taxas.<\/p>&nbsp;&nbsp;\n<p>As quest\u00f5es foram apresentadas na reuni\u00e3o do CAP da \u00faltima quarta-feira (14), a primeira com a presen\u00e7a do novo diretor-presidente da Codesp, Luiz Fernando Garcia. O executivo participou do encontro acompanhado do novo diretor de Rela\u00e7\u00f5es com o Mercado e Comunidade da Docas, Jos\u00e9 Alfredo de Albuquerque e Silva. Os dois dirigentes receberam as demandas do conselho. \u201c\u00c9 importante estar com toda a com unidade (portu\u00e1ria) pelo menos uma vez por m\u00eas e ouvir as demandas. \u00c9 um f\u00f3rum muito bom para o gestor. Eles refor\u00e7aram as demandas que chegaram durante a semana. Ap\u00f3s o feriado, vamos procurar atender, dar os posicionamentos que est\u00e3o pendentes\u201d, destaca Garcia.<\/p>&nbsp;&nbsp;\n<div class=\"infor-meio-da-noticia\" id=\"infor-570427063\"><a href=\"https:\/\/www.intermodal.com.br\/pt\/?utm_source=infodosportos%20expor\"><img decoding=\"async\" src=\"data:image\/gif;base64,R0lGODlhAQABAIAAAAAAAP\/\/\/ywAAAAAAQABAAACAUwAOw==\" fifu-lazy=\"1\" fifu-data-sizes=\"auto\" fifu-data-srcset=\"https:\/\/i3.wp.com\/www.truckbrasil.com.br\/wp\/wp-content\/uploads\/2018\/11\/conselho-de-autoridade-portuaria-de-santos-questiona-reajuste-de-tarifas-da-codesp.gif?ssl=1&w=75&resize=75&ssl=1 75w, https:\/\/i3.wp.com\/www.truckbrasil.com.br\/wp\/wp-content\/uploads\/2018\/11\/conselho-de-autoridade-portuaria-de-santos-questiona-reajuste-de-tarifas-da-codesp.gif?ssl=1&w=100&resize=100&ssl=1 100w, https:\/\/i3.wp.com\/www.truckbrasil.com.br\/wp\/wp-content\/uploads\/2018\/11\/conselho-de-autoridade-portuaria-de-santos-questiona-reajuste-de-tarifas-da-codesp.gif?ssl=1&w=150&resize=150&ssl=1 150w, https:\/\/i3.wp.com\/www.truckbrasil.com.br\/wp\/wp-content\/uploads\/2018\/11\/conselho-de-autoridade-portuaria-de-santos-questiona-reajuste-de-tarifas-da-codesp.gif?ssl=1&w=240&resize=240&ssl=1 240w, https:\/\/i3.wp.com\/www.truckbrasil.com.br\/wp\/wp-content\/uploads\/2018\/11\/conselho-de-autoridade-portuaria-de-santos-questiona-reajuste-de-tarifas-da-codesp.gif?ssl=1&w=320&resize=320&ssl=1 320w, https:\/\/i3.wp.com\/www.truckbrasil.com.br\/wp\/wp-content\/uploads\/2018\/11\/conselho-de-autoridade-portuaria-de-santos-questiona-reajuste-de-tarifas-da-codesp.gif?ssl=1&w=500&resize=500&ssl=1 500w, https:\/\/i3.wp.com\/www.truckbrasil.com.br\/wp\/wp-content\/uploads\/2018\/11\/conselho-de-autoridade-portuaria-de-santos-questiona-reajuste-de-tarifas-da-codesp.gif?ssl=1&w=640&resize=640&ssl=1 640w, https:\/\/i3.wp.com\/www.truckbrasil.com.br\/wp\/wp-content\/uploads\/2018\/11\/conselho-de-autoridade-portuaria-de-santos-questiona-reajuste-de-tarifas-da-codesp.gif?ssl=1&w=800&resize=800&ssl=1 800w, https:\/\/i3.wp.com\/www.truckbrasil.com.br\/wp\/wp-content\/uploads\/2018\/11\/conselho-de-autoridade-portuaria-de-santos-questiona-reajuste-de-tarifas-da-codesp.gif?ssl=1&w=1024&resize=1024&ssl=1 1024w, https:\/\/i3.wp.com\/www.truckbrasil.com.br\/wp\/wp-content\/uploads\/2018\/11\/conselho-de-autoridade-portuaria-de-santos-questiona-reajuste-de-tarifas-da-codesp.gif?ssl=1&w=1280&resize=1280&ssl=1 1280w, https:\/\/i3.wp.com\/www.truckbrasil.com.br\/wp\/wp-content\/uploads\/2018\/11\/conselho-de-autoridade-portuaria-de-santos-questiona-reajuste-de-tarifas-da-codesp.gif?ssl=1&w=1600&resize=1600&ssl=1 1600w\" width=\"175\" height=\"85\" fifu-data-src=\"https:\/\/i3.wp.com\/www.truckbrasil.com.br\/wp\/wp-content\/uploads\/2018\/11\/conselho-de-autoridade-portuaria-de-santos-questiona-reajuste-de-tarifas-da-codesp.gif?ssl=1\" alt=\"\" title=\"banner_175x85\"\/><\/a><\/div>\n<p>Em maio do ano passado, o ent\u00e3o presidente da Codesp, Jos\u00e9 Alex Oliva, encaminhou \u00e0 Antaq um estudo que apontava a necessidade de um reajuste imediato de 54,4% nos valores de todas as tarifas vigentes. As novas taxas seriam aplicadas at\u00e9 2020. A Antaq acabou aprovando a corre\u00e7\u00e3o de apenas 16,67%. Mas empres\u00e1rios do Porto acreditavam que o aumento giraria em torno de 5%.<\/p>&nbsp;&nbsp;\n<p>Para justificar o pedido, a Docas apontou a necessidade de investimentos nas infraestruturas aquavi\u00e1ria, terrestre e administrativa do complexo mar\u00edtimo, no gerenciamento ambiental e no sistema de monitoramento do VTMIS (Vessel Traffic Management Information System, o Sistema de Gest\u00e3o da Informa\u00e7\u00e3o do Tr\u00e1fego Aquavi\u00e1rio), programa que ir\u00e1 supervisionar a circula\u00e7\u00e3o de navios dentro do complexo mar\u00edtimo.<\/p>&nbsp;&nbsp;\n<p>A amplia\u00e7\u00e3o dos sistemas de Tecnologia da Informa\u00e7\u00e3o (TI), o aprimoramento do desempenho operacional e a necessidade de manter o equil\u00edbrio econ\u00f4mico-financeiro da empresa tamb\u00e9m foram citados pela Autoridade Portu\u00e1ria em sua argumenta\u00e7\u00e3o \u00e0 ag\u00eancia reguladora.<\/p>&nbsp;&nbsp;\n<p>Por\u00e9m, para os empres\u00e1rios que atuam no cais santista, o aumento, que passou a vigorar em junho, foi abusivo e inoportuno. Uma das alega\u00e7\u00f5es \u00e9 o fato de que n\u00e3o h\u00e1 garantias da presta\u00e7\u00e3o de servi\u00e7os.<\/p>&nbsp;&nbsp;\n<p>Por conta disso, o presidente do CAP, Rossano Reolon, pediu \u00e0 Codesp que envie um representante na pr\u00f3xima reuni\u00e3o do \u00f3rg\u00e3o. A ideia \u00e9 que um t\u00e9cnico explique como a Autoridade Portu\u00e1ria calculou a necessidade de reajuste e quantos projetos ser\u00e3o feitos com a nova receita. Assim, ser\u00e1 poss\u00edvel identificar exatamente quais as obras ou os servi\u00e7os garantidos daqui para frente.<\/p>&nbsp;&nbsp;\n<p>\u201cO Jos\u00e9 Alfredo, como tem o conhecimento de como funciona a quest\u00e3o, nos posicionou como foi que a Antaq tomou a decis\u00e3o para aumentar as tarifas, mas a gente j\u00e1 pediu um estudo da Codesp para falar sobre as contrapartidas e trazer algu\u00e9m t\u00e9cnico para apresentar alguns pontos\u201d, afirma Reolon.TarifasAs tarifas pela utiliza\u00e7\u00e3o da infraestrutura do Porto s\u00e3o divididas em dois itens. O primeiro est\u00e1 relacionado \u00e0 movimenta\u00e7\u00e3o de cargas pelas embarca\u00e7\u00f5es, categorizando as taxas cobradas pela tonelagem ou por cont\u00eainer com carga. O segundo item destaca o espa\u00e7o utilizado por navio atracado e por per\u00edodo de perman\u00eancia no cais.J\u00e1 as tarifas pela explora\u00e7\u00e3o do pr\u00f3prio cais santista s\u00e3o cobradas dos terminais arrendados no Porto.<\/p>&nbsp;&nbsp;\n<p>Para isso, s\u00e3o estipulados valores relativos \u00e0 \u00e1rea arrendada. Essas taxas tamb\u00e9m classificam os valores das movimenta\u00e7\u00f5es por produto ocorridas dentro ou fora das regi\u00f5es arrendadas ou dos ber\u00e7os de atraca\u00e7\u00e3o.Navios de guerra fora de opera\u00e7\u00e3o comercial e barcos utilizados no tr\u00e1fego interno do Porto s\u00e3o isentos da cobran\u00e7a, segundo a Codesp. Nessa lista entram as embarca\u00e7\u00f5es que recebem visitantes no Cais da Marinha, sede da Capitania dos Portos de S\u00e3o Paulo, que fica entre os armaz\u00e9ns 27 e 29.<\/p>&nbsp;&nbsp;\n<p>Fonte: A Tribuna<\/p>\n<div class=\"infor-depois-do-conteudo\" id=\"infor-1447428717\"><a href=\"http:\/\/fortelogistica.com.br\/\"><img decoding=\"async\" src=\"data:image\/gif;base64,R0lGODlhAQABAIAAAAAAAP\/\/\/ywAAAAAAQABAAACAUwAOw==\" fifu-lazy=\"1\" fifu-data-sizes=\"auto\" fifu-data-srcset=\"https:\/\/i3.wp.com\/www.truckbrasil.com.br\/wp\/wp-content\/uploads\/2018\/11\/conselho-de-autoridade-portuaria-de-santos-questiona-reajuste-de-tarifas-da-codesp.png?ssl=1&w=75&resize=75&ssl=1 75w, https:\/\/i3.wp.com\/www.truckbrasil.com.br\/wp\/wp-content\/uploads\/2018\/11\/conselho-de-autoridade-portuaria-de-santos-questiona-reajuste-de-tarifas-da-codesp.png?ssl=1&w=100&resize=100&ssl=1 100w, https:\/\/i3.wp.com\/www.truckbrasil.com.br\/wp\/wp-content\/uploads\/2018\/11\/conselho-de-autoridade-portuaria-de-santos-questiona-reajuste-de-tarifas-da-codesp.png?ssl=1&w=150&resize=150&ssl=1 150w, https:\/\/i3.wp.com\/www.truckbrasil.com.br\/wp\/wp-content\/uploads\/2018\/11\/conselho-de-autoridade-portuaria-de-santos-questiona-reajuste-de-tarifas-da-codesp.png?ssl=1&w=240&resize=240&ssl=1 240w, https:\/\/i3.wp.com\/www.truckbrasil.com.br\/wp\/wp-content\/uploads\/2018\/11\/conselho-de-autoridade-portuaria-de-santos-questiona-reajuste-de-tarifas-da-codesp.png?ssl=1&w=320&resize=320&ssl=1 320w, https:\/\/i3.wp.com\/www.truckbrasil.com.br\/wp\/wp-content\/uploads\/2018\/11\/conselho-de-autoridade-portuaria-de-santos-questiona-reajuste-de-tarifas-da-codesp.png?ssl=1&w=500&resize=500&ssl=1 500w, https:\/\/i3.wp.com\/www.truckbrasil.com.br\/wp\/wp-content\/uploads\/2018\/11\/conselho-de-autoridade-portuaria-de-santos-questiona-reajuste-de-tarifas-da-codesp.png?ssl=1&w=640&resize=640&ssl=1 640w, https:\/\/i3.wp.com\/www.truckbrasil.com.br\/wp\/wp-content\/uploads\/2018\/11\/conselho-de-autoridade-portuaria-de-santos-questiona-reajuste-de-tarifas-da-codesp.png?ssl=1&w=800&resize=800&ssl=1 800w, https:\/\/i3.wp.com\/www.truckbrasil.com.br\/wp\/wp-content\/uploads\/2018\/11\/conselho-de-autoridade-portuaria-de-santos-questiona-reajuste-de-tarifas-da-codesp.png?ssl=1&w=1024&resize=1024&ssl=1 1024w, https:\/\/i3.wp.com\/www.truckbrasil.com.br\/wp\/wp-content\/uploads\/2018\/11\/conselho-de-autoridade-portuaria-de-santos-questiona-reajuste-de-tarifas-da-codesp.png?ssl=1&w=1280&resize=1280&ssl=1 1280w, https:\/\/i3.wp.com\/www.truckbrasil.com.br\/wp\/wp-content\/uploads\/2018\/11\/conselho-de-autoridade-portuaria-de-santos-questiona-reajuste-de-tarifas-da-codesp.png?ssl=1&w=1600&resize=1600&ssl=1 1600w\" width=\"728\" height=\"90\" fifu-data-src=\"https:\/\/i3.wp.com\/www.truckbrasil.com.br\/wp\/wp-content\/uploads\/2018\/11\/conselho-de-autoridade-portuaria-de-santos-questiona-reajuste-de-tarifas-da-codesp.png?ssl=1\" alt=\"\" title=\"ebanner_leaderboard_728x90px_forte_logistica_final\" srcset=\"https:\/\/i3.wp.com\/www.truckbrasil.com.br\/wp\/wp-content\/uploads\/2018\/11\/conselho-de-autoridade-portuaria-de-santos-questiona-reajuste-de-tarifas-da-codesp.png?ssl=1 728w, http:\/\/informativodosportos.com.br\/portal\/wp-content\/uploads\/2018\/11\/ebanner_leaderboard_728x90px_forte_logistica_final-300x37.png 300w, http:\/\/informativodosportos.com.br\/portal\/wp-content\/uploads\/2018\/11\/ebanner_leaderboard_728x90px_forte_logistica_final-335x41.png 335w, http:\/\/informativodosportos.com.br\/portal\/wp-content\/uploads\/2018\/11\/ebanner_leaderboard_728x90px_forte_logistica_final-600x74.png 600w\" sizes=\"(max-width: 728px) 100vw, 728px\"\/><\/a><\/div>\n<p><a href=\"http:\/\/informativodosportos.com.br\/portal\/2018\/11\/19\/conselho-de-autoridade-portuaria-de-santos-questiona-reajuste-de-tarifas-da-codesp\/\" target=\"_blank\" rel=\"noopener\">Mais em http:\/\/informativodosportos.com.br\/portal\/2018\/11\/19\/conselho-de-autoridade-portuaria-de-santos-questiona-reajuste-de-tarifas-da-codesp\/<\/a><\/p>\n","protected":false},"excerpt":{"rendered":"<p>O reajuste de 16,67% nas tarifas do Porto de Santos \u00e9 tema de questionamentos do&#8230;<\/p>\n","protected":false},"author":1,"featured_media":0,"comment_status":"open","ping_status":"open","sticky":false,"template":"","format":"standard","meta":{"fifu_image_url":"","fifu_image_alt":"","footnotes":""},"categories":[8702],"tags":[8846],"class_list":["post-72826","post","type-post","status-publish","format-standard","hentry","category-logistica","tag-destaquesnoticias","wpcat-8702-id"],"_links":{"self":[{"href":"https:\/\/verde-amarelo.net\/verdeamarelo\/wp-json\/wp\/v2\/posts\/72826","targetHints":{"allow":["GET"]}}],"collection":[{"href":"https:\/\/verde-amarelo.net\/verdeamarelo\/wp-json\/wp\/v2\/posts"}],"about":[{"href":"https:\/\/verde-amarelo.net\/verdeamarelo\/wp-json\/wp\/v2\/types\/post"}],"author":[{"embeddable":true,"href":"https:\/\/verde-amarelo.net\/verdeamarelo\/wp-json\/wp\/v2\/users\/1"}],"replies":[{"embeddable":true,"href":"https:\/\/verde-amarelo.net\/verdeamarelo\/wp-json\/wp\/v2\/comments?post=72826"}],"version-history":[{"count":0,"href":"https:\/\/verde-amarelo.net\/verdeamarelo\/wp-json\/wp\/v2\/posts\/72826\/revisions"}],"wp:attachment":[{"href":"https:\/\/verde-amarelo.net\/verdeamarelo\/wp-json\/wp\/v2\/media?parent=72826"}],"wp:term":[{"taxonomy":"category","embeddable":true,"href":"https:\/\/verde-amarelo.net\/verdeamarelo\/wp-json\/wp\/v2\/categories?post=72826"},{"taxonomy":"post_tag","embeddable":true,"href":"https:\/\/verde-amarelo.net\/verdeamarelo\/wp-json\/wp\/v2\/tags?post=72826"}],"curies":[{"name":"wp","href":"https:\/\/api.w.org\/{rel}","templated":true}]}}