{"id":72829,"date":"2018-11-19T13:44:08","date_gmt":"2018-11-19T15:44:08","guid":{"rendered":"https:\/\/verde-amarelo.net\/verdeamarelo\/2018\/11\/vale-mantem-negociacoes-para-expandir-mina-na-amazonia\/"},"modified":"2018-11-19T13:44:08","modified_gmt":"2018-11-19T15:44:08","slug":"vale-mantem-negociacoes-para-expandir-mina-na-amazonia","status":"publish","type":"post","link":"https:\/\/verde-amarelo.net\/verdeamarelo\/2018\/11\/vale-mantem-negociacoes-para-expandir-mina-na-amazonia\/","title":{"rendered":"Vale mant\u00e9m negocia\u00e7\u00f5es para expandir mina na Amaz\u00f4nia"},"content":{"rendered":"<p>Vale est\u00e1 em negocia\u00e7\u00f5es com autoridades brasileiras sobre a expans\u00e3o da maior mina de min\u00e9rio de ferro a c\u00e9u aberto do mundo para atender \u00e0 crescente demanda chinesa pelo produto de alta qualidade.<\/p>&nbsp;&nbsp;\n<p>A empresa com sede no Rio de Janeiro se reuniu recentemente com reguladores para discutir a expans\u00e3o de sua mina de US$ 14 bi localizada na floresta amaz\u00f4nica, e que ainda n\u00e3o atingiu a capacidade prevista. No encontro, a Vale mencionou a possibilidade de aumentar a infraestrutura de processamento de min\u00e9rio e a ferrovia pela qual a mat\u00e9ria-prima \u00e9 transportada para o porto, disse o Ibama em um email.<\/p>&nbsp;&nbsp;\n<div class=\"infor-meio-da-noticia\" id=\"infor-1000937928\"><a href=\"https:\/\/www.intermodal.com.br\/pt\/?utm_source=infodosportos%20expor\"><img decoding=\"async\" src=\"data:image\/gif;base64,R0lGODlhAQABAIAAAAAAAP\/\/\/ywAAAAAAQABAAACAUwAOw==\" fifu-lazy=\"1\" fifu-data-sizes=\"auto\" fifu-data-srcset=\"https:\/\/i3.wp.com\/www.truckbrasil.com.br\/wp\/wp-content\/uploads\/2018\/11\/vale-mantem-negociacoes-para-expandir-mina-na-amazonia.gif?ssl=1&w=75&resize=75&ssl=1 75w, https:\/\/i3.wp.com\/www.truckbrasil.com.br\/wp\/wp-content\/uploads\/2018\/11\/vale-mantem-negociacoes-para-expandir-mina-na-amazonia.gif?ssl=1&w=100&resize=100&ssl=1 100w, https:\/\/i3.wp.com\/www.truckbrasil.com.br\/wp\/wp-content\/uploads\/2018\/11\/vale-mantem-negociacoes-para-expandir-mina-na-amazonia.gif?ssl=1&w=150&resize=150&ssl=1 150w, https:\/\/i3.wp.com\/www.truckbrasil.com.br\/wp\/wp-content\/uploads\/2018\/11\/vale-mantem-negociacoes-para-expandir-mina-na-amazonia.gif?ssl=1&w=240&resize=240&ssl=1 240w, https:\/\/i3.wp.com\/www.truckbrasil.com.br\/wp\/wp-content\/uploads\/2018\/11\/vale-mantem-negociacoes-para-expandir-mina-na-amazonia.gif?ssl=1&w=320&resize=320&ssl=1 320w, https:\/\/i3.wp.com\/www.truckbrasil.com.br\/wp\/wp-content\/uploads\/2018\/11\/vale-mantem-negociacoes-para-expandir-mina-na-amazonia.gif?ssl=1&w=500&resize=500&ssl=1 500w, https:\/\/i3.wp.com\/www.truckbrasil.com.br\/wp\/wp-content\/uploads\/2018\/11\/vale-mantem-negociacoes-para-expandir-mina-na-amazonia.gif?ssl=1&w=640&resize=640&ssl=1 640w, https:\/\/i3.wp.com\/www.truckbrasil.com.br\/wp\/wp-content\/uploads\/2018\/11\/vale-mantem-negociacoes-para-expandir-mina-na-amazonia.gif?ssl=1&w=800&resize=800&ssl=1 800w, https:\/\/i3.wp.com\/www.truckbrasil.com.br\/wp\/wp-content\/uploads\/2018\/11\/vale-mantem-negociacoes-para-expandir-mina-na-amazonia.gif?ssl=1&w=1024&resize=1024&ssl=1 1024w, https:\/\/i3.wp.com\/www.truckbrasil.com.br\/wp\/wp-content\/uploads\/2018\/11\/vale-mantem-negociacoes-para-expandir-mina-na-amazonia.gif?ssl=1&w=1280&resize=1280&ssl=1 1280w, https:\/\/i3.wp.com\/www.truckbrasil.com.br\/wp\/wp-content\/uploads\/2018\/11\/vale-mantem-negociacoes-para-expandir-mina-na-amazonia.gif?ssl=1&w=1600&resize=1600&ssl=1 1600w\" width=\"175\" height=\"85\" fifu-data-src=\"https:\/\/i3.wp.com\/www.truckbrasil.com.br\/wp\/wp-content\/uploads\/2018\/11\/vale-mantem-negociacoes-para-expandir-mina-na-amazonia.gif?ssl=1\" alt=\"\" title=\"banner_175x85\"\/><\/a><\/div>\n<p>Enquanto o projeto conhecido como S11D n\u00e3o tem proje\u00e7\u00e3o de atingir sua capacidade de 90 milh\u00f5es de toneladas at\u00e9 2020, o apetite da China por min\u00e9rio de baixo custo e alta qualidade continua a crescer. A Vale est\u00e1 buscando fortalecer sua posi\u00e7\u00e3o como l\u00edder mundial na produ\u00e7\u00e3o de min\u00e9rio de melhor qualidade, ao mesmo tempo em que as sider\u00fargicas chinesas buscam melhorar a efici\u00eancia, reduzir emiss\u00f5es e cumprir restri\u00e7\u00f5es ambientais mais rigorosas<\/p>\n<p>O plano inicial da Vale era atingir a capacidade m\u00e1xima da mina e permanecer nesse patamar, mas a demanda pelo min\u00e9rio do S11D pode representar uma oferta irrecus\u00e1vel. Durante uma recente teleconfer\u00eancia sobre balan\u00e7o, o diretor executivo da Vale Fabio Schvartsman disse que a empresa estava ponderando uma expans\u00e3o que, se aprovada, teria custos \u201cm\u00ednimos\u201d e seria feita \u201cem um per\u00edodo de tempo muito curto\u201d. Schvartsman disse que a Vale poderia permitir que o mercado conhecesse seus planos em dezembro.<\/p>&nbsp;&nbsp;\n<p>A Vale declinou de fornecer coment\u00e1rios adicionais. O Ibama n\u00e3o informou quanto tempo levaria para analisar ou aprovar uma expans\u00e3o no S11D se a empresa apresentar uma solicita\u00e7\u00e3o formal.<\/p>&nbsp;&nbsp;\n<p>Considerado o maior projeto do setor, o S11D iniciou os embarques em 2017 e produziu cerca de 22 milh\u00f5es de toneladas em seu primeiro ano.<\/p>&nbsp;&nbsp;\n<p>Os pre\u00e7os do min\u00e9rio de maior qualidade, com menos impurezas, subiram acima dos pre\u00e7os de refer\u00eancia e, com o S11D aumentando a produ\u00e7\u00e3o, quase 80% das vendas da Vale agora s\u00e3o consideradas de produtos premium. A mineradora tamb\u00e9m est\u00e1 misturando min\u00e9rio de alta qualidade com material de menor qualidade como forma de aumentar a receita.<\/p>&nbsp;&nbsp;\n<p>Processo mais suave<\/p>\n<p>Enquanto o licenciamento para o S11D levou quase uma d\u00e9cada, a aprova\u00e7\u00e3o de uma expans\u00e3o deve ser mais r\u00e1pida, mesmo considerando o processo de licenciamento notoriamente \u00e1rduo do Brasil.<\/p>&nbsp;&nbsp;\n<p>\u201cA quest\u00e3o \u00e9 rever o tamanho da expans\u00e3o e os impactos\u201d, disse Alexandre Sion, especialista em licenciamento de minera\u00e7\u00e3o. \u201cUm plano menor seria obviamente mais f\u00e1cil de se completar.\u201d Os novos projetos \u00e9 que s\u00e3o muito mais complicados, disse ele.<\/p>&nbsp;&nbsp;\n<p>Fonte: Bloomberg News<\/p>\n<div class=\"infor-depois-do-conteudo\" id=\"infor-1051813738\"><a href=\"http:\/\/fortelogistica.com.br\/\"><img decoding=\"async\" src=\"data:image\/gif;base64,R0lGODlhAQABAIAAAAAAAP\/\/\/ywAAAAAAQABAAACAUwAOw==\" fifu-lazy=\"1\" fifu-data-sizes=\"auto\" fifu-data-srcset=\"https:\/\/i3.wp.com\/www.truckbrasil.com.br\/wp\/wp-content\/uploads\/2018\/11\/vale-mantem-negociacoes-para-expandir-mina-na-amazonia.png?ssl=1&w=75&resize=75&ssl=1 75w, https:\/\/i3.wp.com\/www.truckbrasil.com.br\/wp\/wp-content\/uploads\/2018\/11\/vale-mantem-negociacoes-para-expandir-mina-na-amazonia.png?ssl=1&w=100&resize=100&ssl=1 100w, https:\/\/i3.wp.com\/www.truckbrasil.com.br\/wp\/wp-content\/uploads\/2018\/11\/vale-mantem-negociacoes-para-expandir-mina-na-amazonia.png?ssl=1&w=150&resize=150&ssl=1 150w, https:\/\/i3.wp.com\/www.truckbrasil.com.br\/wp\/wp-content\/uploads\/2018\/11\/vale-mantem-negociacoes-para-expandir-mina-na-amazonia.png?ssl=1&w=240&resize=240&ssl=1 240w, https:\/\/i3.wp.com\/www.truckbrasil.com.br\/wp\/wp-content\/uploads\/2018\/11\/vale-mantem-negociacoes-para-expandir-mina-na-amazonia.png?ssl=1&w=320&resize=320&ssl=1 320w, https:\/\/i3.wp.com\/www.truckbrasil.com.br\/wp\/wp-content\/uploads\/2018\/11\/vale-mantem-negociacoes-para-expandir-mina-na-amazonia.png?ssl=1&w=500&resize=500&ssl=1 500w, https:\/\/i3.wp.com\/www.truckbrasil.com.br\/wp\/wp-content\/uploads\/2018\/11\/vale-mantem-negociacoes-para-expandir-mina-na-amazonia.png?ssl=1&w=640&resize=640&ssl=1 640w, https:\/\/i3.wp.com\/www.truckbrasil.com.br\/wp\/wp-content\/uploads\/2018\/11\/vale-mantem-negociacoes-para-expandir-mina-na-amazonia.png?ssl=1&w=800&resize=800&ssl=1 800w, https:\/\/i3.wp.com\/www.truckbrasil.com.br\/wp\/wp-content\/uploads\/2018\/11\/vale-mantem-negociacoes-para-expandir-mina-na-amazonia.png?ssl=1&w=1024&resize=1024&ssl=1 1024w, https:\/\/i3.wp.com\/www.truckbrasil.com.br\/wp\/wp-content\/uploads\/2018\/11\/vale-mantem-negociacoes-para-expandir-mina-na-amazonia.png?ssl=1&w=1280&resize=1280&ssl=1 1280w, https:\/\/i3.wp.com\/www.truckbrasil.com.br\/wp\/wp-content\/uploads\/2018\/11\/vale-mantem-negociacoes-para-expandir-mina-na-amazonia.png?ssl=1&w=1600&resize=1600&ssl=1 1600w\" width=\"728\" height=\"90\" fifu-data-src=\"https:\/\/i3.wp.com\/www.truckbrasil.com.br\/wp\/wp-content\/uploads\/2018\/11\/vale-mantem-negociacoes-para-expandir-mina-na-amazonia.png?ssl=1\" alt=\"\" title=\"ebanner_leaderboard_728x90px_forte_logistica_final\" srcset=\"https:\/\/i3.wp.com\/www.truckbrasil.com.br\/wp\/wp-content\/uploads\/2018\/11\/vale-mantem-negociacoes-para-expandir-mina-na-amazonia.png?ssl=1 728w, http:\/\/informativodosportos.com.br\/portal\/wp-content\/uploads\/2018\/11\/ebanner_leaderboard_728x90px_forte_logistica_final-300x37.png 300w, http:\/\/informativodosportos.com.br\/portal\/wp-content\/uploads\/2018\/11\/ebanner_leaderboard_728x90px_forte_logistica_final-335x41.png 335w, http:\/\/informativodosportos.com.br\/portal\/wp-content\/uploads\/2018\/11\/ebanner_leaderboard_728x90px_forte_logistica_final-600x74.png 600w\" sizes=\"(max-width: 728px) 100vw, 728px\"\/><\/a><\/div>\n<p><a href=\"http:\/\/informativodosportos.com.br\/portal\/2018\/11\/19\/vale-mantem-negociacoes-para-expandir-mina-na-amazonia\/\" target=\"_blank\" rel=\"noopener\">Mais em http:\/\/informativodosportos.com.br\/portal\/2018\/11\/19\/vale-mantem-negociacoes-para-expandir-mina-na-amazonia\/<\/a><\/p>\n","protected":false},"excerpt":{"rendered":"<p>Vale est\u00e1 em negocia\u00e7\u00f5es com autoridades brasileiras sobre a expans\u00e3o da maior mina de min\u00e9rio&#8230;<\/p>\n","protected":false},"author":1,"featured_media":0,"comment_status":"open","ping_status":"open","sticky":false,"template":"","format":"standard","meta":{"fifu_image_url":"","fifu_image_alt":"","footnotes":""},"categories":[8702],"tags":[8846],"class_list":["post-72829","post","type-post","status-publish","format-standard","hentry","category-logistica","tag-destaquesnoticias","wpcat-8702-id"],"_links":{"self":[{"href":"https:\/\/verde-amarelo.net\/verdeamarelo\/wp-json\/wp\/v2\/posts\/72829","targetHints":{"allow":["GET"]}}],"collection":[{"href":"https:\/\/verde-amarelo.net\/verdeamarelo\/wp-json\/wp\/v2\/posts"}],"about":[{"href":"https:\/\/verde-amarelo.net\/verdeamarelo\/wp-json\/wp\/v2\/types\/post"}],"author":[{"embeddable":true,"href":"https:\/\/verde-amarelo.net\/verdeamarelo\/wp-json\/wp\/v2\/users\/1"}],"replies":[{"embeddable":true,"href":"https:\/\/verde-amarelo.net\/verdeamarelo\/wp-json\/wp\/v2\/comments?post=72829"}],"version-history":[{"count":0,"href":"https:\/\/verde-amarelo.net\/verdeamarelo\/wp-json\/wp\/v2\/posts\/72829\/revisions"}],"wp:attachment":[{"href":"https:\/\/verde-amarelo.net\/verdeamarelo\/wp-json\/wp\/v2\/media?parent=72829"}],"wp:term":[{"taxonomy":"category","embeddable":true,"href":"https:\/\/verde-amarelo.net\/verdeamarelo\/wp-json\/wp\/v2\/categories?post=72829"},{"taxonomy":"post_tag","embeddable":true,"href":"https:\/\/verde-amarelo.net\/verdeamarelo\/wp-json\/wp\/v2\/tags?post=72829"}],"curies":[{"name":"wp","href":"https:\/\/api.w.org\/{rel}","templated":true}]}}