{"id":72830,"date":"2018-11-19T13:41:24","date_gmt":"2018-11-19T15:41:24","guid":{"rendered":"https:\/\/verde-amarelo.net\/verdeamarelo\/2018\/11\/gaseiro-jorge-amado-fecha-serie-construida-pelo-vard-promar-para-transpetro\/"},"modified":"2018-11-19T13:41:24","modified_gmt":"2018-11-19T15:41:24","slug":"gaseiro-jorge-amado-fecha-serie-construida-pelo-vard-promar-para-transpetro","status":"publish","type":"post","link":"https:\/\/verde-amarelo.net\/verdeamarelo\/2018\/11\/gaseiro-jorge-amado-fecha-serie-construida-pelo-vard-promar-para-transpetro\/","title":{"rendered":"Gaseiro \u2018Jorge Amado\u2019 fecha s\u00e9rie constru\u00edda pelo Vard Promar para Transpetro"},"content":{"rendered":"<p>O Vard Promar (PE) fechou a s\u00e9rie de seis gaseiros encomendada pela Transpetro. O estaleiro entregou, no final de outubro, a sexta e \u00faltima unidade prevista, batizada de\u00a0<em>Jorge Amado<\/em>,\u00a0em homenagem ao escritor baiano que morreu em 2001.\u00a0At\u00e9 o final do ano, o Vard Promar pretende entregar um PLSV (lan\u00e7ador de linhas) que est\u00e1 sendo constru\u00eddo para uma\u00a0<em>joint venture<\/em>\u00a0entre as empresas DOF e Technip.<\/p>&nbsp;&nbsp;\n<p>\u201cPara 2019, planejamos continuar fortalecendo as atividades de reparo, e intensificar ainda mais nossos esfor\u00e7os na \u00e1rea comercial, em busca de novas oportunidades de constru\u00e7\u00e3o\u201d, conta o vice-presidente s\u00eanior do Vard Promar, Guilherme Coelho.<\/p>&nbsp;&nbsp;\n<div class=\"infor-meio-da-noticia\" id=\"infor-1544291807\"><a href=\"https:\/\/www.intermodal.com.br\/pt\/?utm_source=infodosportos%20expor\"><img decoding=\"async\" src=\"data:image\/gif;base64,R0lGODlhAQABAIAAAAAAAP\/\/\/ywAAAAAAQABAAACAUwAOw==\" fifu-lazy=\"1\" fifu-data-sizes=\"auto\" fifu-data-srcset=\"https:\/\/i3.wp.com\/www.truckbrasil.com.br\/wp\/wp-content\/uploads\/2018\/11\/gaseiro-jorge-amado-fecha-serie-construida-pelo-vard-promar-para-transpetro.gif?ssl=1&w=75&resize=75&ssl=1 75w, https:\/\/i3.wp.com\/www.truckbrasil.com.br\/wp\/wp-content\/uploads\/2018\/11\/gaseiro-jorge-amado-fecha-serie-construida-pelo-vard-promar-para-transpetro.gif?ssl=1&w=100&resize=100&ssl=1 100w, https:\/\/i3.wp.com\/www.truckbrasil.com.br\/wp\/wp-content\/uploads\/2018\/11\/gaseiro-jorge-amado-fecha-serie-construida-pelo-vard-promar-para-transpetro.gif?ssl=1&w=150&resize=150&ssl=1 150w, https:\/\/i3.wp.com\/www.truckbrasil.com.br\/wp\/wp-content\/uploads\/2018\/11\/gaseiro-jorge-amado-fecha-serie-construida-pelo-vard-promar-para-transpetro.gif?ssl=1&w=240&resize=240&ssl=1 240w, https:\/\/i3.wp.com\/www.truckbrasil.com.br\/wp\/wp-content\/uploads\/2018\/11\/gaseiro-jorge-amado-fecha-serie-construida-pelo-vard-promar-para-transpetro.gif?ssl=1&w=320&resize=320&ssl=1 320w, https:\/\/i3.wp.com\/www.truckbrasil.com.br\/wp\/wp-content\/uploads\/2018\/11\/gaseiro-jorge-amado-fecha-serie-construida-pelo-vard-promar-para-transpetro.gif?ssl=1&w=500&resize=500&ssl=1 500w, https:\/\/i3.wp.com\/www.truckbrasil.com.br\/wp\/wp-content\/uploads\/2018\/11\/gaseiro-jorge-amado-fecha-serie-construida-pelo-vard-promar-para-transpetro.gif?ssl=1&w=640&resize=640&ssl=1 640w, https:\/\/i3.wp.com\/www.truckbrasil.com.br\/wp\/wp-content\/uploads\/2018\/11\/gaseiro-jorge-amado-fecha-serie-construida-pelo-vard-promar-para-transpetro.gif?ssl=1&w=800&resize=800&ssl=1 800w, https:\/\/i3.wp.com\/www.truckbrasil.com.br\/wp\/wp-content\/uploads\/2018\/11\/gaseiro-jorge-amado-fecha-serie-construida-pelo-vard-promar-para-transpetro.gif?ssl=1&w=1024&resize=1024&ssl=1 1024w, https:\/\/i3.wp.com\/www.truckbrasil.com.br\/wp\/wp-content\/uploads\/2018\/11\/gaseiro-jorge-amado-fecha-serie-construida-pelo-vard-promar-para-transpetro.gif?ssl=1&w=1280&resize=1280&ssl=1 1280w, https:\/\/i3.wp.com\/www.truckbrasil.com.br\/wp\/wp-content\/uploads\/2018\/11\/gaseiro-jorge-amado-fecha-serie-construida-pelo-vard-promar-para-transpetro.gif?ssl=1&w=1600&resize=1600&ssl=1 1600w\" width=\"175\" height=\"85\" fifu-data-src=\"https:\/\/i3.wp.com\/www.truckbrasil.com.br\/wp\/wp-content\/uploads\/2018\/11\/gaseiro-jorge-amado-fecha-serie-construida-pelo-vard-promar-para-transpetro.gif?ssl=1\" alt=\"\" title=\"banner_175x85\"\/><\/a><\/div>\n<p>A empresa tamb\u00e9m est\u00e1 entre os finalistas da concorr\u00eancia para constru\u00e7\u00e3o de quatro corvetas para a Marinha brasileira, cujo resultado est\u00e1 previsto para ser conhecido at\u00e9 mar\u00e7o de 2019.\u00a0Recentemente, o Vard Promar tamb\u00e9m\u00a0<a href=\"https:\/\/www.portosenavios.com.br\/noticias\/ind-naval-e-offshore\/vard-promar-exporta-pier-flutuante-para-operacao-em-porto-da-jamaica\" target=\"_blank\" rel=\"noopener noreferrer\">entregou um p\u00eder flutuante<\/a>\u00a0para a empresa norueguesa Seawalk. A embarca\u00e7\u00e3o\u00a0<em>Seawalk Port Royal<\/em>, tamb\u00e9m entregue em outubro, vai operar no Porto de Kingston, na Jamaica.<\/p>&nbsp;&nbsp;\n<div class=\"infor-depois-do-conteudo\" id=\"infor-696396704\"><a href=\"http:\/\/fortelogistica.com.br\/\"><img decoding=\"async\" src=\"data:image\/gif;base64,R0lGODlhAQABAIAAAAAAAP\/\/\/ywAAAAAAQABAAACAUwAOw==\" fifu-lazy=\"1\" fifu-data-sizes=\"auto\" fifu-data-srcset=\"https:\/\/i3.wp.com\/www.truckbrasil.com.br\/wp\/wp-content\/uploads\/2018\/11\/gaseiro-jorge-amado-fecha-serie-construida-pelo-vard-promar-para-transpetro.png?ssl=1&w=75&resize=75&ssl=1 75w, https:\/\/i3.wp.com\/www.truckbrasil.com.br\/wp\/wp-content\/uploads\/2018\/11\/gaseiro-jorge-amado-fecha-serie-construida-pelo-vard-promar-para-transpetro.png?ssl=1&w=100&resize=100&ssl=1 100w, https:\/\/i3.wp.com\/www.truckbrasil.com.br\/wp\/wp-content\/uploads\/2018\/11\/gaseiro-jorge-amado-fecha-serie-construida-pelo-vard-promar-para-transpetro.png?ssl=1&w=150&resize=150&ssl=1 150w, https:\/\/i3.wp.com\/www.truckbrasil.com.br\/wp\/wp-content\/uploads\/2018\/11\/gaseiro-jorge-amado-fecha-serie-construida-pelo-vard-promar-para-transpetro.png?ssl=1&w=240&resize=240&ssl=1 240w, https:\/\/i3.wp.com\/www.truckbrasil.com.br\/wp\/wp-content\/uploads\/2018\/11\/gaseiro-jorge-amado-fecha-serie-construida-pelo-vard-promar-para-transpetro.png?ssl=1&w=320&resize=320&ssl=1 320w, https:\/\/i3.wp.com\/www.truckbrasil.com.br\/wp\/wp-content\/uploads\/2018\/11\/gaseiro-jorge-amado-fecha-serie-construida-pelo-vard-promar-para-transpetro.png?ssl=1&w=500&resize=500&ssl=1 500w, https:\/\/i3.wp.com\/www.truckbrasil.com.br\/wp\/wp-content\/uploads\/2018\/11\/gaseiro-jorge-amado-fecha-serie-construida-pelo-vard-promar-para-transpetro.png?ssl=1&w=640&resize=640&ssl=1 640w, https:\/\/i3.wp.com\/www.truckbrasil.com.br\/wp\/wp-content\/uploads\/2018\/11\/gaseiro-jorge-amado-fecha-serie-construida-pelo-vard-promar-para-transpetro.png?ssl=1&w=800&resize=800&ssl=1 800w, https:\/\/i3.wp.com\/www.truckbrasil.com.br\/wp\/wp-content\/uploads\/2018\/11\/gaseiro-jorge-amado-fecha-serie-construida-pelo-vard-promar-para-transpetro.png?ssl=1&w=1024&resize=1024&ssl=1 1024w, https:\/\/i3.wp.com\/www.truckbrasil.com.br\/wp\/wp-content\/uploads\/2018\/11\/gaseiro-jorge-amado-fecha-serie-construida-pelo-vard-promar-para-transpetro.png?ssl=1&w=1280&resize=1280&ssl=1 1280w, https:\/\/i3.wp.com\/www.truckbrasil.com.br\/wp\/wp-content\/uploads\/2018\/11\/gaseiro-jorge-amado-fecha-serie-construida-pelo-vard-promar-para-transpetro.png?ssl=1&w=1600&resize=1600&ssl=1 1600w\" width=\"728\" height=\"90\" fifu-data-src=\"https:\/\/i3.wp.com\/www.truckbrasil.com.br\/wp\/wp-content\/uploads\/2018\/11\/gaseiro-jorge-amado-fecha-serie-construida-pelo-vard-promar-para-transpetro.png?ssl=1\" alt=\"\" title=\"ebanner_leaderboard_728x90px_forte_logistica_final\" srcset=\"https:\/\/i3.wp.com\/www.truckbrasil.com.br\/wp\/wp-content\/uploads\/2018\/11\/gaseiro-jorge-amado-fecha-serie-construida-pelo-vard-promar-para-transpetro.png?ssl=1 728w, http:\/\/informativodosportos.com.br\/portal\/wp-content\/uploads\/2018\/11\/ebanner_leaderboard_728x90px_forte_logistica_final-300x37.png 300w, http:\/\/informativodosportos.com.br\/portal\/wp-content\/uploads\/2018\/11\/ebanner_leaderboard_728x90px_forte_logistica_final-335x41.png 335w, http:\/\/informativodosportos.com.br\/portal\/wp-content\/uploads\/2018\/11\/ebanner_leaderboard_728x90px_forte_logistica_final-600x74.png 600w\" sizes=\"(max-width: 728px) 100vw, 728px\"\/><\/a><\/div>\n<p><a href=\"http:\/\/informativodosportos.com.br\/portal\/2018\/11\/19\/gaseiro-jorge-amado-fecha-serie-construida-pelo-vard-promar-para-transpetro\/\" target=\"_blank\" rel=\"noopener\">Mais em http:\/\/informativodosportos.com.br\/portal\/2018\/11\/19\/gaseiro-jorge-amado-fecha-serie-construida-pelo-vard-promar-para-transpetro\/<\/a><\/p>\n","protected":false},"excerpt":{"rendered":"<p>O Vard Promar (PE) fechou a s\u00e9rie de seis gaseiros encomendada pela Transpetro. O estaleiro&#8230;<\/p>\n","protected":false},"author":1,"featured_media":0,"comment_status":"open","ping_status":"open","sticky":false,"template":"","format":"standard","meta":{"fifu_image_url":"","fifu_image_alt":"","footnotes":""},"categories":[8702],"tags":[8846],"class_list":["post-72830","post","type-post","status-publish","format-standard","hentry","category-logistica","tag-destaquesnoticias","wpcat-8702-id"],"_links":{"self":[{"href":"https:\/\/verde-amarelo.net\/verdeamarelo\/wp-json\/wp\/v2\/posts\/72830","targetHints":{"allow":["GET"]}}],"collection":[{"href":"https:\/\/verde-amarelo.net\/verdeamarelo\/wp-json\/wp\/v2\/posts"}],"about":[{"href":"https:\/\/verde-amarelo.net\/verdeamarelo\/wp-json\/wp\/v2\/types\/post"}],"author":[{"embeddable":true,"href":"https:\/\/verde-amarelo.net\/verdeamarelo\/wp-json\/wp\/v2\/users\/1"}],"replies":[{"embeddable":true,"href":"https:\/\/verde-amarelo.net\/verdeamarelo\/wp-json\/wp\/v2\/comments?post=72830"}],"version-history":[{"count":0,"href":"https:\/\/verde-amarelo.net\/verdeamarelo\/wp-json\/wp\/v2\/posts\/72830\/revisions"}],"wp:attachment":[{"href":"https:\/\/verde-amarelo.net\/verdeamarelo\/wp-json\/wp\/v2\/media?parent=72830"}],"wp:term":[{"taxonomy":"category","embeddable":true,"href":"https:\/\/verde-amarelo.net\/verdeamarelo\/wp-json\/wp\/v2\/categories?post=72830"},{"taxonomy":"post_tag","embeddable":true,"href":"https:\/\/verde-amarelo.net\/verdeamarelo\/wp-json\/wp\/v2\/tags?post=72830"}],"curies":[{"name":"wp","href":"https:\/\/api.w.org\/{rel}","templated":true}]}}