{"id":72831,"date":"2018-11-19T13:39:29","date_gmt":"2018-11-19T15:39:29","guid":{"rendered":"https:\/\/verde-amarelo.net\/verdeamarelo\/2018\/11\/setor-naval-reage-e-cresce-55-no-ultimo-ano-diz-firjan\/"},"modified":"2018-11-19T13:39:29","modified_gmt":"2018-11-19T15:39:29","slug":"setor-naval-reage-e-cresce-55-no-ultimo-ano-diz-firjan","status":"publish","type":"post","link":"https:\/\/verde-amarelo.net\/verdeamarelo\/2018\/11\/setor-naval-reage-e-cresce-55-no-ultimo-ano-diz-firjan\/","title":{"rendered":"Setor naval reage e cresce 55% no \u00faltimo ano, diz Firjan"},"content":{"rendered":"<p>O Panorama Naval no Rio de Janeiro 2018, elaborado pela Federa\u00e7\u00e3o das Ind\u00fastrias do Estado do Rio de Janeiro (Firjan), aponta sinais de melhora no setor em Niter\u00f3i. Dados da Secretaria municipal de Fazenda contidos no documento, feito em parceria com entidades e empresas do mercado, mostram que houve um crescimento de 55% no faturamento declarado em 2017 em rela\u00e7\u00e3o ao ano anterior, saltando de R$ 301,8 milh\u00f5es em 2016 para R$ 467,2 milh\u00f5es no ano passado.<\/p>&nbsp;&nbsp;\n<p>O montante ainda \u00e9 inferior ao declarado em 2013 (R$ 562,7 milh\u00f5es), ano em que os reflexos da crise econ\u00f4mica se acentuaram, provocando o encerramento de contratos e o fechamento de estaleiros. O decl\u00ednio nos anos seguintes s\u00f3 foi interrompido em 2017. De acordo com o presidente da Firjan Leste Fluminense, Luiz C\u00e9sio Caetano, a performance pode se manter est\u00e1vel se o foco da ind\u00fastria for ampliado para o setor de petr\u00f3leo e g\u00e1s.<\/p>&nbsp;&nbsp;\n<div class=\"infor-meio-da-noticia\" id=\"infor-242083350\"><a href=\"https:\/\/www.intermodal.com.br\/pt\/?utm_source=infodosportos%20expor\"><img decoding=\"async\" src=\"data:image\/gif;base64,R0lGODlhAQABAIAAAAAAAP\/\/\/ywAAAAAAQABAAACAUwAOw==\" fifu-lazy=\"1\" fifu-data-sizes=\"auto\" fifu-data-srcset=\"https:\/\/i3.wp.com\/www.truckbrasil.com.br\/wp\/wp-content\/uploads\/2018\/11\/setor-naval-reage-e-cresce-55-no-ultimo-ano-diz-firjan.gif?ssl=1&w=75&resize=75&ssl=1 75w, https:\/\/i3.wp.com\/www.truckbrasil.com.br\/wp\/wp-content\/uploads\/2018\/11\/setor-naval-reage-e-cresce-55-no-ultimo-ano-diz-firjan.gif?ssl=1&w=100&resize=100&ssl=1 100w, https:\/\/i3.wp.com\/www.truckbrasil.com.br\/wp\/wp-content\/uploads\/2018\/11\/setor-naval-reage-e-cresce-55-no-ultimo-ano-diz-firjan.gif?ssl=1&w=150&resize=150&ssl=1 150w, https:\/\/i3.wp.com\/www.truckbrasil.com.br\/wp\/wp-content\/uploads\/2018\/11\/setor-naval-reage-e-cresce-55-no-ultimo-ano-diz-firjan.gif?ssl=1&w=240&resize=240&ssl=1 240w, https:\/\/i3.wp.com\/www.truckbrasil.com.br\/wp\/wp-content\/uploads\/2018\/11\/setor-naval-reage-e-cresce-55-no-ultimo-ano-diz-firjan.gif?ssl=1&w=320&resize=320&ssl=1 320w, https:\/\/i3.wp.com\/www.truckbrasil.com.br\/wp\/wp-content\/uploads\/2018\/11\/setor-naval-reage-e-cresce-55-no-ultimo-ano-diz-firjan.gif?ssl=1&w=500&resize=500&ssl=1 500w, https:\/\/i3.wp.com\/www.truckbrasil.com.br\/wp\/wp-content\/uploads\/2018\/11\/setor-naval-reage-e-cresce-55-no-ultimo-ano-diz-firjan.gif?ssl=1&w=640&resize=640&ssl=1 640w, https:\/\/i3.wp.com\/www.truckbrasil.com.br\/wp\/wp-content\/uploads\/2018\/11\/setor-naval-reage-e-cresce-55-no-ultimo-ano-diz-firjan.gif?ssl=1&w=800&resize=800&ssl=1 800w, https:\/\/i3.wp.com\/www.truckbrasil.com.br\/wp\/wp-content\/uploads\/2018\/11\/setor-naval-reage-e-cresce-55-no-ultimo-ano-diz-firjan.gif?ssl=1&w=1024&resize=1024&ssl=1 1024w, https:\/\/i3.wp.com\/www.truckbrasil.com.br\/wp\/wp-content\/uploads\/2018\/11\/setor-naval-reage-e-cresce-55-no-ultimo-ano-diz-firjan.gif?ssl=1&w=1280&resize=1280&ssl=1 1280w, https:\/\/i3.wp.com\/www.truckbrasil.com.br\/wp\/wp-content\/uploads\/2018\/11\/setor-naval-reage-e-cresce-55-no-ultimo-ano-diz-firjan.gif?ssl=1&w=1600&resize=1600&ssl=1 1600w\" width=\"175\" height=\"85\" fifu-data-src=\"https:\/\/i3.wp.com\/www.truckbrasil.com.br\/wp\/wp-content\/uploads\/2018\/11\/setor-naval-reage-e-cresce-55-no-ultimo-ano-diz-firjan.gif?ssl=1\" alt=\"\" title=\"banner_175x85\"\/><\/a><\/div>\n<p>\u2014 A ind\u00fastria ligada apenas \u00e0 constru\u00e7\u00e3o naval n\u00e3o existe mais em Niter\u00f3i. Os dois maiores estaleiros da cidade j\u00e1 n\u00e3o constroem. O Mau\u00e1 s\u00f3 faz reparos, assim como o Brasa, que ainda d\u00e1 apoio offshore. Em 2017, por exemplo, a Petrobras fechou contratos de manuten\u00e7\u00e3o de R$ 2 bilh\u00f5es para as bacias de Campos e Santos, mas nada veio para Niter\u00f3i. Falta competitividade devido ao alto de custo de produ\u00e7\u00e3o, impostos, combust\u00edvel, sal\u00e1rios e encargos. \u00c9 uma regi\u00e3o que tem uma estrutura naval boa, mas ainda pouco competitiva \u2014 argumenta.<\/p>&nbsp;&nbsp;\n<p>A declara\u00e7\u00e3o de Caetano \u00e9 atestada quando os n\u00fameros do faturamento do ano passado s\u00e3o destrinchados: as atividades de constru\u00e7\u00f5es de embarca\u00e7\u00f5es de grande porte representam 2% do total. J\u00e1 a manuten\u00e7\u00e3o e repara\u00e7\u00e3o de embarca\u00e7\u00f5es correspondem a 82%, uma m\u00e9dia mensal de R$ 37 milh\u00f5es, segundo o estudo. As outras atividades s\u00e3o administra\u00e7\u00e3o da infraestrutura portu\u00e1ria (2%); e opera\u00e7\u00f5es de terminais (10%); 4% representam agenciamento mar\u00edtimo, servi\u00e7os de praticagem e aux\u00edlio de transportes aquavi\u00e1rios.<\/p>&nbsp;&nbsp;\n<p>O estudo destaca ainda que h\u00e1 um potencial de desenvolvimento para os pr\u00f3ximos anos em Niter\u00f3i, tendo em vista que as novas rodadas de leil\u00f5es do pr\u00e9-sal v\u00e3o retomar um ciclo de produ\u00e7\u00e3o e desenvolvimento que afetar\u00e1 diretamente a ind\u00fastria niteroiense.<\/p>&nbsp;&nbsp;\n<p>\u2014 Niter\u00f3i pode aproveitar o know-how que ainda tem e direcion\u00e1-lo para o segmento de \u00f3leo e g\u00e1s, investir na constru\u00e7\u00f5es de tanques, de tubula\u00e7\u00f5es, reparo de embarca\u00e7\u00f5es e plataformas. Estamos elaborando sugest\u00f5es que ser\u00e3o encaminhadas aos governos do estado e federal para impulsionar isso. H\u00e1 expectativa de mudan\u00e7as para o ano que vem, e esse documento mostrar\u00e1 nossos gargalos \u2014 diz Caetano, sem dar detalhes.<\/p>&nbsp;&nbsp;\n<p>Analisando as movimenta\u00e7\u00f5es no emprego formal em Niter\u00f3i no ano passado, a partir do Cadastro Geral de Empregados e Desempregados, do Minist\u00e9rio do Trabalho, o estudo da Firjan mostra a not\u00f3ria import\u00e2ncia do munic\u00edpio para o setor: 11,5% de todos os empregados da ind\u00fastria naval estavam em Niter\u00f3i, deixando a cidade atr\u00e1s apenas de Maca\u00e9 e da capital.<\/p>&nbsp;&nbsp;\n<p>Para o presidente do Sindicato dos Metal\u00fargicos de Niter\u00f3i e Itabora\u00ed, Edson Rocha, o acordo firmado entre a Petrobras e a chinesa CNODC, uma subsidi\u00e1ria da petroleira CNPC, para concluir a refinaria do Comperj, \u00e9 uma esperan\u00e7a para a abertura de mais vagas, j\u00e1 que a estatal tamb\u00e9m anunciou planos para concluir a constru\u00e7\u00e3o da UPGN, a unidade de processamento de g\u00e1s, cujas obras devem gerar 1.300 vagas ao longo do pr\u00f3ximo ano.<\/p>&nbsp;&nbsp;\n<p>\u2014 Quem, no momento, demanda a ind\u00fastria naval \u00e9 a \u00e1rea de \u00f3leo e g\u00e1s. O governo, atrav\u00e9s da Petrobras, precisa focar nisso aqui na regi\u00e3o. Claro que diminuir impostos (conforme consta no programa de incentivo da prefeitura) dar\u00e1 mais competitividade, mas n\u00e3o \u00e9 s\u00f3 isso. Na China, por exemplo, o governo subsidia a ind\u00fastria naval porque ela gera muito emprego, e o governo recolhe atrav\u00e9s disso. Em Niter\u00f3i j\u00e1 constru\u00edmos v\u00e1rias plataformas, navios, e isso precisa ser retomado \u2014 avalia Rocha.<\/p>&nbsp;&nbsp;\n<p>Fonte: O Globo<\/p>\n<div class=\"infor-depois-do-conteudo\" id=\"infor-1859657419\"><a href=\"http:\/\/fortelogistica.com.br\/\"><img decoding=\"async\" src=\"data:image\/gif;base64,R0lGODlhAQABAIAAAAAAAP\/\/\/ywAAAAAAQABAAACAUwAOw==\" fifu-lazy=\"1\" fifu-data-sizes=\"auto\" fifu-data-srcset=\"https:\/\/i3.wp.com\/www.truckbrasil.com.br\/wp\/wp-content\/uploads\/2018\/11\/setor-naval-reage-e-cresce-55-no-ultimo-ano-diz-firjan.png?ssl=1&w=75&resize=75&ssl=1 75w, https:\/\/i3.wp.com\/www.truckbrasil.com.br\/wp\/wp-content\/uploads\/2018\/11\/setor-naval-reage-e-cresce-55-no-ultimo-ano-diz-firjan.png?ssl=1&w=100&resize=100&ssl=1 100w, https:\/\/i3.wp.com\/www.truckbrasil.com.br\/wp\/wp-content\/uploads\/2018\/11\/setor-naval-reage-e-cresce-55-no-ultimo-ano-diz-firjan.png?ssl=1&w=150&resize=150&ssl=1 150w, https:\/\/i3.wp.com\/www.truckbrasil.com.br\/wp\/wp-content\/uploads\/2018\/11\/setor-naval-reage-e-cresce-55-no-ultimo-ano-diz-firjan.png?ssl=1&w=240&resize=240&ssl=1 240w, https:\/\/i3.wp.com\/www.truckbrasil.com.br\/wp\/wp-content\/uploads\/2018\/11\/setor-naval-reage-e-cresce-55-no-ultimo-ano-diz-firjan.png?ssl=1&w=320&resize=320&ssl=1 320w, https:\/\/i3.wp.com\/www.truckbrasil.com.br\/wp\/wp-content\/uploads\/2018\/11\/setor-naval-reage-e-cresce-55-no-ultimo-ano-diz-firjan.png?ssl=1&w=500&resize=500&ssl=1 500w, https:\/\/i3.wp.com\/www.truckbrasil.com.br\/wp\/wp-content\/uploads\/2018\/11\/setor-naval-reage-e-cresce-55-no-ultimo-ano-diz-firjan.png?ssl=1&w=640&resize=640&ssl=1 640w, https:\/\/i3.wp.com\/www.truckbrasil.com.br\/wp\/wp-content\/uploads\/2018\/11\/setor-naval-reage-e-cresce-55-no-ultimo-ano-diz-firjan.png?ssl=1&w=800&resize=800&ssl=1 800w, https:\/\/i3.wp.com\/www.truckbrasil.com.br\/wp\/wp-content\/uploads\/2018\/11\/setor-naval-reage-e-cresce-55-no-ultimo-ano-diz-firjan.png?ssl=1&w=1024&resize=1024&ssl=1 1024w, https:\/\/i3.wp.com\/www.truckbrasil.com.br\/wp\/wp-content\/uploads\/2018\/11\/setor-naval-reage-e-cresce-55-no-ultimo-ano-diz-firjan.png?ssl=1&w=1280&resize=1280&ssl=1 1280w, https:\/\/i3.wp.com\/www.truckbrasil.com.br\/wp\/wp-content\/uploads\/2018\/11\/setor-naval-reage-e-cresce-55-no-ultimo-ano-diz-firjan.png?ssl=1&w=1600&resize=1600&ssl=1 1600w\" width=\"728\" height=\"90\" fifu-data-src=\"https:\/\/i3.wp.com\/www.truckbrasil.com.br\/wp\/wp-content\/uploads\/2018\/11\/setor-naval-reage-e-cresce-55-no-ultimo-ano-diz-firjan.png?ssl=1\" alt=\"\" title=\"ebanner_leaderboard_728x90px_forte_logistica_final\" srcset=\"https:\/\/i3.wp.com\/www.truckbrasil.com.br\/wp\/wp-content\/uploads\/2018\/11\/setor-naval-reage-e-cresce-55-no-ultimo-ano-diz-firjan.png?ssl=1 728w, http:\/\/informativodosportos.com.br\/portal\/wp-content\/uploads\/2018\/11\/ebanner_leaderboard_728x90px_forte_logistica_final-300x37.png 300w, http:\/\/informativodosportos.com.br\/portal\/wp-content\/uploads\/2018\/11\/ebanner_leaderboard_728x90px_forte_logistica_final-335x41.png 335w, http:\/\/informativodosportos.com.br\/portal\/wp-content\/uploads\/2018\/11\/ebanner_leaderboard_728x90px_forte_logistica_final-600x74.png 600w\" sizes=\"(max-width: 728px) 100vw, 728px\"\/><\/a><\/div>\n<p><a href=\"http:\/\/informativodosportos.com.br\/portal\/2018\/11\/19\/setor-naval-reage-e-cresce-55-no-ultimo-ano-diz-firjan\/\" target=\"_blank\" rel=\"noopener\">Mais em http:\/\/informativodosportos.com.br\/portal\/2018\/11\/19\/setor-naval-reage-e-cresce-55-no-ultimo-ano-diz-firjan\/<\/a><\/p>\n","protected":false},"excerpt":{"rendered":"<p>O Panorama Naval no Rio de Janeiro 2018, elaborado pela Federa\u00e7\u00e3o das Ind\u00fastrias do Estado&#8230;<\/p>\n","protected":false},"author":1,"featured_media":0,"comment_status":"open","ping_status":"open","sticky":false,"template":"","format":"standard","meta":{"fifu_image_url":"","fifu_image_alt":"","footnotes":""},"categories":[8702],"tags":[8846],"class_list":["post-72831","post","type-post","status-publish","format-standard","hentry","category-logistica","tag-destaquesnoticias","wpcat-8702-id"],"_links":{"self":[{"href":"https:\/\/verde-amarelo.net\/verdeamarelo\/wp-json\/wp\/v2\/posts\/72831","targetHints":{"allow":["GET"]}}],"collection":[{"href":"https:\/\/verde-amarelo.net\/verdeamarelo\/wp-json\/wp\/v2\/posts"}],"about":[{"href":"https:\/\/verde-amarelo.net\/verdeamarelo\/wp-json\/wp\/v2\/types\/post"}],"author":[{"embeddable":true,"href":"https:\/\/verde-amarelo.net\/verdeamarelo\/wp-json\/wp\/v2\/users\/1"}],"replies":[{"embeddable":true,"href":"https:\/\/verde-amarelo.net\/verdeamarelo\/wp-json\/wp\/v2\/comments?post=72831"}],"version-history":[{"count":0,"href":"https:\/\/verde-amarelo.net\/verdeamarelo\/wp-json\/wp\/v2\/posts\/72831\/revisions"}],"wp:attachment":[{"href":"https:\/\/verde-amarelo.net\/verdeamarelo\/wp-json\/wp\/v2\/media?parent=72831"}],"wp:term":[{"taxonomy":"category","embeddable":true,"href":"https:\/\/verde-amarelo.net\/verdeamarelo\/wp-json\/wp\/v2\/categories?post=72831"},{"taxonomy":"post_tag","embeddable":true,"href":"https:\/\/verde-amarelo.net\/verdeamarelo\/wp-json\/wp\/v2\/tags?post=72831"}],"curies":[{"name":"wp","href":"https:\/\/api.w.org\/{rel}","templated":true}]}}