{"id":72835,"date":"2018-11-19T13:00:00","date_gmt":"2018-11-19T15:00:00","guid":{"rendered":"https:\/\/verde-amarelo.net\/verdeamarelo\/2018\/11\/nissan-nissan-e-enel-x-assinam-mou-para-promover-mobilidade-eletrica-no-brasil\/"},"modified":"2018-11-19T13:00:00","modified_gmt":"2018-11-19T15:00:00","slug":"nissan-nissan-e-enel-x-assinam-mou-para-promover-mobilidade-eletrica-no-brasil","status":"publish","type":"post","link":"https:\/\/verde-amarelo.net\/verdeamarelo\/2018\/11\/nissan-nissan-e-enel-x-assinam-mou-para-promover-mobilidade-eletrica-no-brasil\/","title":{"rendered":"Nissan: Nissan e Enel X assinam MoU para promover mobilidade el\u00e9trica no Brasil"},"content":{"rendered":"<div><img decoding=\"async\" src=\"data:image\/gif;base64,R0lGODlhAQABAIAAAAAAAP\/\/\/ywAAAAAAQABAAACAUwAOw==\" fifu-lazy=\"1\" fifu-data-sizes=\"auto\" fifu-data-srcset=\"https:\/\/i2.wp.com\/www.truckbrasil.com.br\/wp\/wp-content\/uploads\/2018\/11\/nissan-nissan-e-enel-x-assinam-mou-para-promover-mobilidade-eletrica-no-brasil.jpg?ssl=1&w=75&resize=75&ssl=1 75w, https:\/\/i2.wp.com\/www.truckbrasil.com.br\/wp\/wp-content\/uploads\/2018\/11\/nissan-nissan-e-enel-x-assinam-mou-para-promover-mobilidade-eletrica-no-brasil.jpg?ssl=1&w=100&resize=100&ssl=1 100w, https:\/\/i2.wp.com\/www.truckbrasil.com.br\/wp\/wp-content\/uploads\/2018\/11\/nissan-nissan-e-enel-x-assinam-mou-para-promover-mobilidade-eletrica-no-brasil.jpg?ssl=1&w=150&resize=150&ssl=1 150w, https:\/\/i2.wp.com\/www.truckbrasil.com.br\/wp\/wp-content\/uploads\/2018\/11\/nissan-nissan-e-enel-x-assinam-mou-para-promover-mobilidade-eletrica-no-brasil.jpg?ssl=1&w=240&resize=240&ssl=1 240w, https:\/\/i2.wp.com\/www.truckbrasil.com.br\/wp\/wp-content\/uploads\/2018\/11\/nissan-nissan-e-enel-x-assinam-mou-para-promover-mobilidade-eletrica-no-brasil.jpg?ssl=1&w=320&resize=320&ssl=1 320w, https:\/\/i2.wp.com\/www.truckbrasil.com.br\/wp\/wp-content\/uploads\/2018\/11\/nissan-nissan-e-enel-x-assinam-mou-para-promover-mobilidade-eletrica-no-brasil.jpg?ssl=1&w=500&resize=500&ssl=1 500w, https:\/\/i2.wp.com\/www.truckbrasil.com.br\/wp\/wp-content\/uploads\/2018\/11\/nissan-nissan-e-enel-x-assinam-mou-para-promover-mobilidade-eletrica-no-brasil.jpg?ssl=1&w=640&resize=640&ssl=1 640w, https:\/\/i2.wp.com\/www.truckbrasil.com.br\/wp\/wp-content\/uploads\/2018\/11\/nissan-nissan-e-enel-x-assinam-mou-para-promover-mobilidade-eletrica-no-brasil.jpg?ssl=1&w=800&resize=800&ssl=1 800w, https:\/\/i2.wp.com\/www.truckbrasil.com.br\/wp\/wp-content\/uploads\/2018\/11\/nissan-nissan-e-enel-x-assinam-mou-para-promover-mobilidade-eletrica-no-brasil.jpg?ssl=1&w=1024&resize=1024&ssl=1 1024w, https:\/\/i2.wp.com\/www.truckbrasil.com.br\/wp\/wp-content\/uploads\/2018\/11\/nissan-nissan-e-enel-x-assinam-mou-para-promover-mobilidade-eletrica-no-brasil.jpg?ssl=1&w=1280&resize=1280&ssl=1 1280w, https:\/\/i2.wp.com\/www.truckbrasil.com.br\/wp\/wp-content\/uploads\/2018\/11\/nissan-nissan-e-enel-x-assinam-mou-para-promover-mobilidade-eletrica-no-brasil.jpg?ssl=1&w=1600&resize=1600&ssl=1 1600w\" fifu-data-src=\"https:\/\/i2.wp.com\/www.truckbrasil.com.br\/wp\/wp-content\/uploads\/2018\/11\/nissan-nissan-e-enel-x-assinam-mou-para-promover-mobilidade-eletrica-no-brasil.jpg?ssl=1\" class=\"ff-og-image-inserted\"\/><\/div>\n<p><strong>S\u00c3O PAULO, Brasil<\/strong> \u2013 A Nissan e a Enel X assinaram um memorando de entendimento (MoU) no Sal\u00e3o Internacional do Autom\u00f3vel de S\u00e3o Paulo para promover conjuntamente atividades para o desenvolvimento de solu\u00e7\u00f5es de mobilidade el\u00e9trica no Brasil. O memorando foi assinado por Marco Silva, presidente da Nissan do Brasil, Pedro Bentancourt, diretor de Rela\u00e7\u00f5es Governamentais da Nissan do Brasil, Simone Tripepi, respons\u00e1vel da Enel X na Am\u00e9rica do Sul, e Nestor Benito, respons\u00e1vel da Enel X no Brasil.<\/p>&nbsp;&nbsp;\n<p>&#8220;A Nissan est\u00e1 apresentando no Sal\u00e3o do Autom\u00f3vel de S\u00e3o Paulo sua vis\u00e3o <em>Nissan Intelligent Mobility<\/em>, que busca transformar a maneira na qual os ve\u00edculos s\u00e3o conduzidos, impulsionados e integrados na sociedade. Acreditamos que a eletrifica\u00e7\u00e3o chegou ao Brasil e a Nissan vai estar na dianteira, com produtos e servi\u00e7os que atendam aos anseios dos consumidores. Neste sentido, precisamos de parceiros que acreditam como n\u00f3s no potencial do pa\u00eds&#8221;, comenta Marco Silva, presidente da Nissan do Brasil.<\/p>&nbsp;&nbsp;\n<p>As duas empresas participaram do Sal\u00e3o Internacional do Autom\u00f3vel de S\u00e3o Paulo apresentando suas solu\u00e7\u00f5es inovadoras de mobilidade el\u00e9trica. A Nissan mostrou pela primeira vez na Am\u00e9rica Latina o novo Nissan LEAF, o carro el\u00e9trico mais vendido no mundo, que usa uma tecnologia que permite &#8220;devolver&#8221; energia \u00e0 rede ou alimentar outros dispositivos com o suporte de um carregador embutido. O modelo 100% el\u00e9trico j\u00e1 possui um site de pr\u00e9-venda no Brasil: <a href=\"https:\/\/loja.nissan.com.br\" target=\"_blank\" rel=\"noopener\">https:\/\/loja.nissan.com.br<\/a>. No Nissan Intelligent Mobility Immersive Experience Lounge, o novo Nissan LEAF \u00e9 conectado a um carregador CC de 10 kW usando a tecnologia Vehicle-to-Grid (V2G), fornecida pela Enel X. A tecnologia Vehicle-to-Grid (V2G) permite carregamento bidirecional, que transforma o carro em uma bateria sobre rodas, pois permite que o carro seja carregado e devolva energia \u00e0 rede, se necess\u00e1rio.<\/p>&nbsp;&nbsp;\n<p># # #<\/p>\n","protected":false},"excerpt":{"rendered":"<p>S\u00c3O PAULO, Brasil \u2013 A Nissan e a Enel X assinaram um memorando de entendimento&#8230;<\/p>\n","protected":false},"author":1,"featured_media":0,"comment_status":"open","ping_status":"open","sticky":false,"template":"","format":"standard","meta":{"fifu_image_url":"","fifu_image_alt":"","footnotes":""},"categories":[8699],"tags":[5364],"class_list":["post-72835","post","type-post","status-publish","format-standard","hentry","category-geralcarros","tag-nissan","wpcat-8699-id"],"_links":{"self":[{"href":"https:\/\/verde-amarelo.net\/verdeamarelo\/wp-json\/wp\/v2\/posts\/72835","targetHints":{"allow":["GET"]}}],"collection":[{"href":"https:\/\/verde-amarelo.net\/verdeamarelo\/wp-json\/wp\/v2\/posts"}],"about":[{"href":"https:\/\/verde-amarelo.net\/verdeamarelo\/wp-json\/wp\/v2\/types\/post"}],"author":[{"embeddable":true,"href":"https:\/\/verde-amarelo.net\/verdeamarelo\/wp-json\/wp\/v2\/users\/1"}],"replies":[{"embeddable":true,"href":"https:\/\/verde-amarelo.net\/verdeamarelo\/wp-json\/wp\/v2\/comments?post=72835"}],"version-history":[{"count":0,"href":"https:\/\/verde-amarelo.net\/verdeamarelo\/wp-json\/wp\/v2\/posts\/72835\/revisions"}],"wp:attachment":[{"href":"https:\/\/verde-amarelo.net\/verdeamarelo\/wp-json\/wp\/v2\/media?parent=72835"}],"wp:term":[{"taxonomy":"category","embeddable":true,"href":"https:\/\/verde-amarelo.net\/verdeamarelo\/wp-json\/wp\/v2\/categories?post=72835"},{"taxonomy":"post_tag","embeddable":true,"href":"https:\/\/verde-amarelo.net\/verdeamarelo\/wp-json\/wp\/v2\/tags?post=72835"}],"curies":[{"name":"wp","href":"https:\/\/api.w.org\/{rel}","templated":true}]}}