{"id":72904,"date":"2018-09-20T14:58:38","date_gmt":"2018-09-20T17:58:38","guid":{"rendered":"https:\/\/verde-amarelo.net\/verdeamarelo\/2018\/09\/ford-cria-superproducao-animada-para-homenagear-os-caminhoneiros\/"},"modified":"2018-09-20T14:58:38","modified_gmt":"2018-09-20T17:58:38","slug":"ford-cria-superproducao-animada-para-homenagear-os-caminhoneiros","status":"publish","type":"post","link":"https:\/\/verde-amarelo.net\/verdeamarelo\/2018\/09\/ford-cria-superproducao-animada-para-homenagear-os-caminhoneiros\/","title":{"rendered":"Ford cria superprodu\u00e7\u00e3o animada para homenagear os caminhoneiros"},"content":{"rendered":"<div><img decoding=\"async\" src=\"data:image\/gif;base64,R0lGODlhAQABAIAAAAAAAP\/\/\/ywAAAAAAQABAAACAUwAOw==\" fifu-lazy=\"1\" fifu-data-sizes=\"auto\" fifu-data-srcset=\"https:\/\/i2.wp.com\/www.truckbrasil.com.br\/wp\/wp-content\/uploads\/2018\/11\/ford-cria-superproducao-animada-para-homenagear-os-caminhoneiros.jpg?ssl=1&w=75&resize=75&ssl=1 75w, https:\/\/i2.wp.com\/www.truckbrasil.com.br\/wp\/wp-content\/uploads\/2018\/11\/ford-cria-superproducao-animada-para-homenagear-os-caminhoneiros.jpg?ssl=1&w=100&resize=100&ssl=1 100w, https:\/\/i2.wp.com\/www.truckbrasil.com.br\/wp\/wp-content\/uploads\/2018\/11\/ford-cria-superproducao-animada-para-homenagear-os-caminhoneiros.jpg?ssl=1&w=150&resize=150&ssl=1 150w, https:\/\/i2.wp.com\/www.truckbrasil.com.br\/wp\/wp-content\/uploads\/2018\/11\/ford-cria-superproducao-animada-para-homenagear-os-caminhoneiros.jpg?ssl=1&w=240&resize=240&ssl=1 240w, https:\/\/i2.wp.com\/www.truckbrasil.com.br\/wp\/wp-content\/uploads\/2018\/11\/ford-cria-superproducao-animada-para-homenagear-os-caminhoneiros.jpg?ssl=1&w=320&resize=320&ssl=1 320w, https:\/\/i2.wp.com\/www.truckbrasil.com.br\/wp\/wp-content\/uploads\/2018\/11\/ford-cria-superproducao-animada-para-homenagear-os-caminhoneiros.jpg?ssl=1&w=500&resize=500&ssl=1 500w, https:\/\/i2.wp.com\/www.truckbrasil.com.br\/wp\/wp-content\/uploads\/2018\/11\/ford-cria-superproducao-animada-para-homenagear-os-caminhoneiros.jpg?ssl=1&w=640&resize=640&ssl=1 640w, https:\/\/i2.wp.com\/www.truckbrasil.com.br\/wp\/wp-content\/uploads\/2018\/11\/ford-cria-superproducao-animada-para-homenagear-os-caminhoneiros.jpg?ssl=1&w=800&resize=800&ssl=1 800w, https:\/\/i2.wp.com\/www.truckbrasil.com.br\/wp\/wp-content\/uploads\/2018\/11\/ford-cria-superproducao-animada-para-homenagear-os-caminhoneiros.jpg?ssl=1&w=1024&resize=1024&ssl=1 1024w, https:\/\/i2.wp.com\/www.truckbrasil.com.br\/wp\/wp-content\/uploads\/2018\/11\/ford-cria-superproducao-animada-para-homenagear-os-caminhoneiros.jpg?ssl=1&w=1280&resize=1280&ssl=1 1280w, https:\/\/i2.wp.com\/www.truckbrasil.com.br\/wp\/wp-content\/uploads\/2018\/11\/ford-cria-superproducao-animada-para-homenagear-os-caminhoneiros.jpg?ssl=1&w=1600&resize=1600&ssl=1 1600w\" fifu-data-src=\"https:\/\/i2.wp.com\/www.truckbrasil.com.br\/wp\/wp-content\/uploads\/2018\/11\/ford-cria-superproducao-animada-para-homenagear-os-caminhoneiros.jpg?ssl=1\" class=\"ff-og-image-inserted\"\/><\/div>\n<p>A Ford Caminh\u00f5es criou um v\u00eddeo especial de anima\u00e7\u00e3o para homenagear os caminhoneiros, que promete encantar tamb\u00e9m quem n\u00e3o \u00e9 do ramo. A superprodu\u00e7\u00e3o usa t\u00e9cnicas refinadas de roteiro e imagens para mostrar a import\u00e2ncia do caminhoneiro na vida das pessoas, de um jeito humano e emocionante.<\/p>&nbsp;&nbsp;\n<p>Intitulada \u201cEngrenagens\u201d, a anima\u00e7\u00e3o com 3 minutos de dura\u00e7\u00e3o usa v\u00e1rios efeitos visuais e faz parte da nova estrat\u00e9gia de comunica\u00e7\u00e3o da Ford Caminh\u00f5es, com foco nos valores institucionais da marca. Ela foi criada pela GTB e produzida pelo premiado Zombie Studio especialmente para as m\u00eddias sociais, que s\u00e3o cada vez mais usadas pelos caminhoneiros na sua rotina de viagens.<\/p>&nbsp;&nbsp;\n<p>Em meio \u00e0s engrenagens de um motor, os personagens da hist\u00f3ria recebem encomendas muito especiais em diferentes fases da vida. A alian\u00e7a de casamento para os noivos, a luz na escurid\u00e3o para a menina poder estudar, a chuteira para o menino que sonha ser jogador de futebol, o aparelho de som que faz o casal idoso reviver a juventude ou o tablet que permite ao pai se conectar com a filha. No final, se descobre que tudo isso est\u00e1 sendo transportado dentro de um caminh\u00e3o e surge a mensagem: \u201cMais que cargas. Levamos hist\u00f3rias\u201d. \u201cEssa anima\u00e7\u00e3o \u00e9 uma homenagem da Ford ao caminhoneiro e uma forma de destacar a import\u00e2ncia do seu trabalho, lembrando que ele entrega muito mais que mercadorias: ele carrega o progresso, os sonhos e o futuro de todas as pessoas\u201d, diz Oswaldo Ramos, diretor de Vendas, Marketing e Servi\u00e7os da Ford Caminh\u00f5es.<\/p>&nbsp;&nbsp;\n<p>Segundo ele, as campanhas do setor normalmente s\u00e3o focadas nas caracter\u00edsticas e equipamentos dos ve\u00edculos e a Ford buscou inovar, mostrando que para a marca o protagonista \u00e9 o caminhoneiro. \u201c\u00c9 preciso valorizar a profiss\u00e3o, incentivar o orgulho de ser caminhoneiro e lembrar como o seu trabalho afeta a vida de todo o pa\u00eds, at\u00e9 mesmo em pequenas situa\u00e7\u00f5es di\u00e1rias\u201d, completa.<\/p>&nbsp;&nbsp;\n","protected":false},"excerpt":{"rendered":"<p>A Ford Caminh\u00f5es criou um v\u00eddeo especial de anima\u00e7\u00e3o para homenagear os caminhoneiros, que promete&#8230;<\/p>\n","protected":false},"author":1,"featured_media":0,"comment_status":"open","ping_status":"open","sticky":false,"template":"","format":"standard","meta":{"fifu_image_url":"","fifu_image_alt":"","footnotes":""},"categories":[727],"tags":[9134],"class_list":["post-72904","post","type-post","status-publish","format-standard","hentry","category-noticias","tag-caminhoesenrenagenslogisticavideos","wpcat-727-id"],"_links":{"self":[{"href":"https:\/\/verde-amarelo.net\/verdeamarelo\/wp-json\/wp\/v2\/posts\/72904","targetHints":{"allow":["GET"]}}],"collection":[{"href":"https:\/\/verde-amarelo.net\/verdeamarelo\/wp-json\/wp\/v2\/posts"}],"about":[{"href":"https:\/\/verde-amarelo.net\/verdeamarelo\/wp-json\/wp\/v2\/types\/post"}],"author":[{"embeddable":true,"href":"https:\/\/verde-amarelo.net\/verdeamarelo\/wp-json\/wp\/v2\/users\/1"}],"replies":[{"embeddable":true,"href":"https:\/\/verde-amarelo.net\/verdeamarelo\/wp-json\/wp\/v2\/comments?post=72904"}],"version-history":[{"count":0,"href":"https:\/\/verde-amarelo.net\/verdeamarelo\/wp-json\/wp\/v2\/posts\/72904\/revisions"}],"wp:attachment":[{"href":"https:\/\/verde-amarelo.net\/verdeamarelo\/wp-json\/wp\/v2\/media?parent=72904"}],"wp:term":[{"taxonomy":"category","embeddable":true,"href":"https:\/\/verde-amarelo.net\/verdeamarelo\/wp-json\/wp\/v2\/categories?post=72904"},{"taxonomy":"post_tag","embeddable":true,"href":"https:\/\/verde-amarelo.net\/verdeamarelo\/wp-json\/wp\/v2\/tags?post=72904"}],"curies":[{"name":"wp","href":"https:\/\/api.w.org\/{rel}","templated":true}]}}