{"id":72973,"date":"2018-09-14T23:55:07","date_gmt":"2018-09-15T02:55:07","guid":{"rendered":"https:\/\/verde-amarelo.net\/verdeamarelo\/2018\/09\/giaffone-fechou-os-treinos-livres-com-segundo-melhor-tempo-do-dia-na-argentina\/"},"modified":"2018-09-14T23:55:07","modified_gmt":"2018-09-15T02:55:07","slug":"giaffone-fechou-os-treinos-livres-com-segundo-melhor-tempo-do-dia-na-argentina","status":"publish","type":"post","link":"https:\/\/verde-amarelo.net\/verdeamarelo\/2018\/09\/giaffone-fechou-os-treinos-livres-com-segundo-melhor-tempo-do-dia-na-argentina\/","title":{"rendered":"Giaffone fechou os treinos livres com segundo melhor tempo do dia na Argentina"},"content":{"rendered":"<p><a href=\"http:\/\/www.rmmotors.com.br\/truck\/wp-content\/uploads\/2018\/09\/130918_rm_ct_2-1.jpg\" rel=\"lightbox[4565]\" title=\"Giaffone fechou os treinos livres com segundo melhor tempo do dia na Argentina\"><img decoding=\"async\" src=\"data:image\/gif;base64,R0lGODlhAQABAIAAAAAAAP\/\/\/ywAAAAAAQABAAACAUwAOw==\" fifu-lazy=\"1\" fifu-data-sizes=\"auto\" fifu-data-srcset=\"https:\/\/i0.wp.com\/www.truckbrasil.com.br\/wp\/wp-content\/uploads\/2018\/11\/giaffone-fechou-os-treinos-livres-com-segundo-melhor-tempo-do-dia-na-argentina.jpg?ssl=1&w=75&resize=75&ssl=1 75w, https:\/\/i0.wp.com\/www.truckbrasil.com.br\/wp\/wp-content\/uploads\/2018\/11\/giaffone-fechou-os-treinos-livres-com-segundo-melhor-tempo-do-dia-na-argentina.jpg?ssl=1&w=100&resize=100&ssl=1 100w, https:\/\/i0.wp.com\/www.truckbrasil.com.br\/wp\/wp-content\/uploads\/2018\/11\/giaffone-fechou-os-treinos-livres-com-segundo-melhor-tempo-do-dia-na-argentina.jpg?ssl=1&w=150&resize=150&ssl=1 150w, https:\/\/i0.wp.com\/www.truckbrasil.com.br\/wp\/wp-content\/uploads\/2018\/11\/giaffone-fechou-os-treinos-livres-com-segundo-melhor-tempo-do-dia-na-argentina.jpg?ssl=1&w=240&resize=240&ssl=1 240w, https:\/\/i0.wp.com\/www.truckbrasil.com.br\/wp\/wp-content\/uploads\/2018\/11\/giaffone-fechou-os-treinos-livres-com-segundo-melhor-tempo-do-dia-na-argentina.jpg?ssl=1&w=320&resize=320&ssl=1 320w, https:\/\/i0.wp.com\/www.truckbrasil.com.br\/wp\/wp-content\/uploads\/2018\/11\/giaffone-fechou-os-treinos-livres-com-segundo-melhor-tempo-do-dia-na-argentina.jpg?ssl=1&w=500&resize=500&ssl=1 500w, https:\/\/i0.wp.com\/www.truckbrasil.com.br\/wp\/wp-content\/uploads\/2018\/11\/giaffone-fechou-os-treinos-livres-com-segundo-melhor-tempo-do-dia-na-argentina.jpg?ssl=1&w=640&resize=640&ssl=1 640w, https:\/\/i0.wp.com\/www.truckbrasil.com.br\/wp\/wp-content\/uploads\/2018\/11\/giaffone-fechou-os-treinos-livres-com-segundo-melhor-tempo-do-dia-na-argentina.jpg?ssl=1&w=800&resize=800&ssl=1 800w, https:\/\/i0.wp.com\/www.truckbrasil.com.br\/wp\/wp-content\/uploads\/2018\/11\/giaffone-fechou-os-treinos-livres-com-segundo-melhor-tempo-do-dia-na-argentina.jpg?ssl=1&w=1024&resize=1024&ssl=1 1024w, https:\/\/i0.wp.com\/www.truckbrasil.com.br\/wp\/wp-content\/uploads\/2018\/11\/giaffone-fechou-os-treinos-livres-com-segundo-melhor-tempo-do-dia-na-argentina.jpg?ssl=1&w=1280&resize=1280&ssl=1 1280w, https:\/\/i0.wp.com\/www.truckbrasil.com.br\/wp\/wp-content\/uploads\/2018\/11\/giaffone-fechou-os-treinos-livres-com-segundo-melhor-tempo-do-dia-na-argentina.jpg?ssl=1&w=1600&resize=1600&ssl=1 1600w\" fifu-data-src=\"https:\/\/i0.wp.com\/www.truckbrasil.com.br\/wp\/wp-content\/uploads\/2018\/11\/giaffone-fechou-os-treinos-livres-com-segundo-melhor-tempo-do-dia-na-argentina.jpg?ssl=1\" alt=\"RM Motors Sports\" width=\"450\" height=\"299\" class=\"aligncenter size-medium wp-image-4567\" srcset=\"https:\/\/i0.wp.com\/www.truckbrasil.com.br\/wp\/wp-content\/uploads\/2018\/11\/giaffone-fechou-os-treinos-livres-com-segundo-melhor-tempo-do-dia-na-argentina.jpg?ssl=1 450w, http:\/\/www.rmmotors.com.br\/truck\/wp-content\/uploads\/2018\/09\/130918_rm_ct_2-1-768x511.jpg 768w, http:\/\/www.rmmotors.com.br\/truck\/wp-content\/uploads\/2018\/09\/130918_rm_ct_2-1-600x399.jpg 600w, http:\/\/www.rmmotors.com.br\/truck\/wp-content\/uploads\/2018\/09\/130918_rm_ct_2-1.jpg 800w\" sizes=\"(max-width: 450px) 100vw, 450px\"\/><\/a>\u201cN\u00e3o esperava andar t\u00e3o perto do Cirino nesta sexta-feira por conta do restritor de pot\u00eancia. Tivemos um probleminha mec\u00e2nico que j\u00e1 foi resolvido e n\u00e3o nos atrapalhou no cumprimento do cronograma do dia\u201d, conta Felipe Giaffone que, mesmo do alto de suas sete temporadas na F\u00f3rmula Indy e mais de dez andando de caminh\u00e3o, teve dificuldades com seu Bruto no Aut\u00f3dromo Juan y Oscar G\u00e1lvez.<\/p>&nbsp;&nbsp;\n<p><span id=\"more-4565\"\/><a href=\"http:\/\/www.rmmotors.com.br\/truck\/wp-content\/uploads\/2018\/09\/130918_rm_ct_1-1.jpg\" rel=\"lightbox[4565]\" title=\"Giaffone fechou os treinos livres com segundo melhor tempo do dia na Argentina\"><img decoding=\"async\" src=\"data:image\/gif;base64,R0lGODlhAQABAIAAAAAAAP\/\/\/ywAAAAAAQABAAACAUwAOw==\" fifu-lazy=\"1\" fifu-data-sizes=\"auto\" fifu-data-srcset=\"https:\/\/i2.wp.com\/www.truckbrasil.com.br\/wp\/wp-content\/uploads\/2018\/11\/giaffone-fechou-os-treinos-livres-com-segundo-melhor-tempo-do-dia-na-argentina-1.jpg?ssl=1&w=75&resize=75&ssl=1 75w, https:\/\/i2.wp.com\/www.truckbrasil.com.br\/wp\/wp-content\/uploads\/2018\/11\/giaffone-fechou-os-treinos-livres-com-segundo-melhor-tempo-do-dia-na-argentina-1.jpg?ssl=1&w=100&resize=100&ssl=1 100w, https:\/\/i2.wp.com\/www.truckbrasil.com.br\/wp\/wp-content\/uploads\/2018\/11\/giaffone-fechou-os-treinos-livres-com-segundo-melhor-tempo-do-dia-na-argentina-1.jpg?ssl=1&w=150&resize=150&ssl=1 150w, https:\/\/i2.wp.com\/www.truckbrasil.com.br\/wp\/wp-content\/uploads\/2018\/11\/giaffone-fechou-os-treinos-livres-com-segundo-melhor-tempo-do-dia-na-argentina-1.jpg?ssl=1&w=240&resize=240&ssl=1 240w, https:\/\/i2.wp.com\/www.truckbrasil.com.br\/wp\/wp-content\/uploads\/2018\/11\/giaffone-fechou-os-treinos-livres-com-segundo-melhor-tempo-do-dia-na-argentina-1.jpg?ssl=1&w=320&resize=320&ssl=1 320w, https:\/\/i2.wp.com\/www.truckbrasil.com.br\/wp\/wp-content\/uploads\/2018\/11\/giaffone-fechou-os-treinos-livres-com-segundo-melhor-tempo-do-dia-na-argentina-1.jpg?ssl=1&w=500&resize=500&ssl=1 500w, https:\/\/i2.wp.com\/www.truckbrasil.com.br\/wp\/wp-content\/uploads\/2018\/11\/giaffone-fechou-os-treinos-livres-com-segundo-melhor-tempo-do-dia-na-argentina-1.jpg?ssl=1&w=640&resize=640&ssl=1 640w, https:\/\/i2.wp.com\/www.truckbrasil.com.br\/wp\/wp-content\/uploads\/2018\/11\/giaffone-fechou-os-treinos-livres-com-segundo-melhor-tempo-do-dia-na-argentina-1.jpg?ssl=1&w=800&resize=800&ssl=1 800w, https:\/\/i2.wp.com\/www.truckbrasil.com.br\/wp\/wp-content\/uploads\/2018\/11\/giaffone-fechou-os-treinos-livres-com-segundo-melhor-tempo-do-dia-na-argentina-1.jpg?ssl=1&w=1024&resize=1024&ssl=1 1024w, https:\/\/i2.wp.com\/www.truckbrasil.com.br\/wp\/wp-content\/uploads\/2018\/11\/giaffone-fechou-os-treinos-livres-com-segundo-melhor-tempo-do-dia-na-argentina-1.jpg?ssl=1&w=1280&resize=1280&ssl=1 1280w, https:\/\/i2.wp.com\/www.truckbrasil.com.br\/wp\/wp-content\/uploads\/2018\/11\/giaffone-fechou-os-treinos-livres-com-segundo-melhor-tempo-do-dia-na-argentina-1.jpg?ssl=1&w=1600&resize=1600&ssl=1 1600w\" fifu-data-src=\"https:\/\/i2.wp.com\/www.truckbrasil.com.br\/wp\/wp-content\/uploads\/2018\/11\/giaffone-fechou-os-treinos-livres-com-segundo-melhor-tempo-do-dia-na-argentina-1.jpg?ssl=1\" alt=\"RM Motors\" width=\"450\" height=\"299\" class=\"aligncenter size-medium wp-image-4568\" srcset=\"https:\/\/i2.wp.com\/www.truckbrasil.com.br\/wp\/wp-content\/uploads\/2018\/11\/giaffone-fechou-os-treinos-livres-com-segundo-melhor-tempo-do-dia-na-argentina-1.jpg?ssl=1 450w, http:\/\/www.rmmotors.com.br\/truck\/wp-content\/uploads\/2018\/09\/130918_rm_ct_1-1-768x511.jpg 768w, http:\/\/www.rmmotors.com.br\/truck\/wp-content\/uploads\/2018\/09\/130918_rm_ct_1-1-600x399.jpg 600w, http:\/\/www.rmmotors.com.br\/truck\/wp-content\/uploads\/2018\/09\/130918_rm_ct_1-1.jpg 800w\" sizes=\"(max-width: 450px) 100vw, 450px\"\/><\/a><\/p>\n<p>\u201cEu rodei mais de duas vezes, esta pista \u00e9 bem dif\u00edcil e \u00e9 complicado acertar tanto o freio quanto o ponto de freada certo\u201d, completou.<\/p>&nbsp;&nbsp;\n<p>A sexta-feira marcou um interc\u00e2mbio interessante entre os pilotos da Copa Truck e Top Race, que dividem o asfalto do Aut\u00f3dromo Juan y Oscar Galvez, em Buenos Aires, neste fim de semana.<\/p>&nbsp;&nbsp;\n<p><a href=\"http:\/\/www.rmmotors.com.br\/truck\/wp-content\/uploads\/2018\/09\/130918_rm_ct_5.jpg\" rel=\"lightbox[4565]\" title=\"Giaffone fechou os treinos livres com segundo melhor tempo do dia na Argentina\"><img decoding=\"async\" src=\"data:image\/gif;base64,R0lGODlhAQABAIAAAAAAAP\/\/\/ywAAAAAAQABAAACAUwAOw==\" fifu-lazy=\"1\" fifu-data-sizes=\"auto\" fifu-data-srcset=\"https:\/\/i2.wp.com\/www.truckbrasil.com.br\/wp\/wp-content\/uploads\/2018\/11\/giaffone-fechou-os-treinos-livres-com-segundo-melhor-tempo-do-dia-na-argentina-2.jpg?ssl=1&w=75&resize=75&ssl=1 75w, https:\/\/i2.wp.com\/www.truckbrasil.com.br\/wp\/wp-content\/uploads\/2018\/11\/giaffone-fechou-os-treinos-livres-com-segundo-melhor-tempo-do-dia-na-argentina-2.jpg?ssl=1&w=100&resize=100&ssl=1 100w, https:\/\/i2.wp.com\/www.truckbrasil.com.br\/wp\/wp-content\/uploads\/2018\/11\/giaffone-fechou-os-treinos-livres-com-segundo-melhor-tempo-do-dia-na-argentina-2.jpg?ssl=1&w=150&resize=150&ssl=1 150w, https:\/\/i2.wp.com\/www.truckbrasil.com.br\/wp\/wp-content\/uploads\/2018\/11\/giaffone-fechou-os-treinos-livres-com-segundo-melhor-tempo-do-dia-na-argentina-2.jpg?ssl=1&w=240&resize=240&ssl=1 240w, https:\/\/i2.wp.com\/www.truckbrasil.com.br\/wp\/wp-content\/uploads\/2018\/11\/giaffone-fechou-os-treinos-livres-com-segundo-melhor-tempo-do-dia-na-argentina-2.jpg?ssl=1&w=320&resize=320&ssl=1 320w, https:\/\/i2.wp.com\/www.truckbrasil.com.br\/wp\/wp-content\/uploads\/2018\/11\/giaffone-fechou-os-treinos-livres-com-segundo-melhor-tempo-do-dia-na-argentina-2.jpg?ssl=1&w=500&resize=500&ssl=1 500w, https:\/\/i2.wp.com\/www.truckbrasil.com.br\/wp\/wp-content\/uploads\/2018\/11\/giaffone-fechou-os-treinos-livres-com-segundo-melhor-tempo-do-dia-na-argentina-2.jpg?ssl=1&w=640&resize=640&ssl=1 640w, https:\/\/i2.wp.com\/www.truckbrasil.com.br\/wp\/wp-content\/uploads\/2018\/11\/giaffone-fechou-os-treinos-livres-com-segundo-melhor-tempo-do-dia-na-argentina-2.jpg?ssl=1&w=800&resize=800&ssl=1 800w, https:\/\/i2.wp.com\/www.truckbrasil.com.br\/wp\/wp-content\/uploads\/2018\/11\/giaffone-fechou-os-treinos-livres-com-segundo-melhor-tempo-do-dia-na-argentina-2.jpg?ssl=1&w=1024&resize=1024&ssl=1 1024w, https:\/\/i2.wp.com\/www.truckbrasil.com.br\/wp\/wp-content\/uploads\/2018\/11\/giaffone-fechou-os-treinos-livres-com-segundo-melhor-tempo-do-dia-na-argentina-2.jpg?ssl=1&w=1280&resize=1280&ssl=1 1280w, https:\/\/i2.wp.com\/www.truckbrasil.com.br\/wp\/wp-content\/uploads\/2018\/11\/giaffone-fechou-os-treinos-livres-com-segundo-melhor-tempo-do-dia-na-argentina-2.jpg?ssl=1&w=1600&resize=1600&ssl=1 1600w\" fifu-data-src=\"https:\/\/i2.wp.com\/www.truckbrasil.com.br\/wp\/wp-content\/uploads\/2018\/11\/giaffone-fechou-os-treinos-livres-com-segundo-melhor-tempo-do-dia-na-argentina-2.jpg?ssl=1\" alt=\"RM Motors\" width=\"450\" height=\"299\" class=\"aligncenter size-medium wp-image-4569\" srcset=\"https:\/\/i2.wp.com\/www.truckbrasil.com.br\/wp\/wp-content\/uploads\/2018\/11\/giaffone-fechou-os-treinos-livres-com-segundo-melhor-tempo-do-dia-na-argentina-2.jpg?ssl=1 450w, http:\/\/www.rmmotors.com.br\/truck\/wp-content\/uploads\/2018\/09\/130918_rm_ct_5-768x511.jpg 768w, http:\/\/www.rmmotors.com.br\/truck\/wp-content\/uploads\/2018\/09\/130918_rm_ct_5-600x399.jpg 600w, http:\/\/www.rmmotors.com.br\/truck\/wp-content\/uploads\/2018\/09\/130918_rm_ct_5.jpg 800w\" sizes=\"(max-width: 450px) 100vw, 450px\"\/><\/a><\/p>\n<p>As duas categorias fizeram um desafio de velocidade na reta dos boxes com Felipe Giaffone representando a Copa Truck e Diego Ciantini em nome da Top Race. \u201c\u00c9 muito legal esse tipo de intera\u00e7\u00e3o entre duas categorias t\u00e3o boas quanto a Top Race e a Copa Truck. A aten\u00e7\u00e3o que estamos recebendo \u00e9 incr\u00edvel. Este primeiro dia foi muito legal e o fim de semana promete ser empolgante\u201d, resume Giaffone.<\/p>&nbsp;&nbsp;\n<p><a href=\"http:\/\/www.rmmotors.com.br\/truck\/wp-content\/uploads\/2018\/09\/130918_rm_ct_4-1.jpg\" rel=\"lightbox[4565]\" title=\"Giaffone fechou os treinos livres com segundo melhor tempo do dia na Argentina\"><img decoding=\"async\" src=\"data:image\/gif;base64,R0lGODlhAQABAIAAAAAAAP\/\/\/ywAAAAAAQABAAACAUwAOw==\" fifu-lazy=\"1\" fifu-data-sizes=\"auto\" fifu-data-srcset=\"https:\/\/i2.wp.com\/www.truckbrasil.com.br\/wp\/wp-content\/uploads\/2018\/11\/giaffone-fechou-os-treinos-livres-com-segundo-melhor-tempo-do-dia-na-argentina-3.jpg?ssl=1&w=75&resize=75&ssl=1 75w, https:\/\/i2.wp.com\/www.truckbrasil.com.br\/wp\/wp-content\/uploads\/2018\/11\/giaffone-fechou-os-treinos-livres-com-segundo-melhor-tempo-do-dia-na-argentina-3.jpg?ssl=1&w=100&resize=100&ssl=1 100w, https:\/\/i2.wp.com\/www.truckbrasil.com.br\/wp\/wp-content\/uploads\/2018\/11\/giaffone-fechou-os-treinos-livres-com-segundo-melhor-tempo-do-dia-na-argentina-3.jpg?ssl=1&w=150&resize=150&ssl=1 150w, https:\/\/i2.wp.com\/www.truckbrasil.com.br\/wp\/wp-content\/uploads\/2018\/11\/giaffone-fechou-os-treinos-livres-com-segundo-melhor-tempo-do-dia-na-argentina-3.jpg?ssl=1&w=240&resize=240&ssl=1 240w, https:\/\/i2.wp.com\/www.truckbrasil.com.br\/wp\/wp-content\/uploads\/2018\/11\/giaffone-fechou-os-treinos-livres-com-segundo-melhor-tempo-do-dia-na-argentina-3.jpg?ssl=1&w=320&resize=320&ssl=1 320w, https:\/\/i2.wp.com\/www.truckbrasil.com.br\/wp\/wp-content\/uploads\/2018\/11\/giaffone-fechou-os-treinos-livres-com-segundo-melhor-tempo-do-dia-na-argentina-3.jpg?ssl=1&w=500&resize=500&ssl=1 500w, https:\/\/i2.wp.com\/www.truckbrasil.com.br\/wp\/wp-content\/uploads\/2018\/11\/giaffone-fechou-os-treinos-livres-com-segundo-melhor-tempo-do-dia-na-argentina-3.jpg?ssl=1&w=640&resize=640&ssl=1 640w, https:\/\/i2.wp.com\/www.truckbrasil.com.br\/wp\/wp-content\/uploads\/2018\/11\/giaffone-fechou-os-treinos-livres-com-segundo-melhor-tempo-do-dia-na-argentina-3.jpg?ssl=1&w=800&resize=800&ssl=1 800w, https:\/\/i2.wp.com\/www.truckbrasil.com.br\/wp\/wp-content\/uploads\/2018\/11\/giaffone-fechou-os-treinos-livres-com-segundo-melhor-tempo-do-dia-na-argentina-3.jpg?ssl=1&w=1024&resize=1024&ssl=1 1024w, https:\/\/i2.wp.com\/www.truckbrasil.com.br\/wp\/wp-content\/uploads\/2018\/11\/giaffone-fechou-os-treinos-livres-com-segundo-melhor-tempo-do-dia-na-argentina-3.jpg?ssl=1&w=1280&resize=1280&ssl=1 1280w, https:\/\/i2.wp.com\/www.truckbrasil.com.br\/wp\/wp-content\/uploads\/2018\/11\/giaffone-fechou-os-treinos-livres-com-segundo-melhor-tempo-do-dia-na-argentina-3.jpg?ssl=1&w=1600&resize=1600&ssl=1 1600w\" fifu-data-src=\"https:\/\/i2.wp.com\/www.truckbrasil.com.br\/wp\/wp-content\/uploads\/2018\/11\/giaffone-fechou-os-treinos-livres-com-segundo-melhor-tempo-do-dia-na-argentina-3.jpg?ssl=1\" alt=\"RM Motors\" width=\"450\" height=\"299\" class=\"aligncenter size-medium wp-image-4570\" srcset=\"https:\/\/i2.wp.com\/www.truckbrasil.com.br\/wp\/wp-content\/uploads\/2018\/11\/giaffone-fechou-os-treinos-livres-com-segundo-melhor-tempo-do-dia-na-argentina-3.jpg?ssl=1 450w, http:\/\/www.rmmotors.com.br\/truck\/wp-content\/uploads\/2018\/09\/130918_rm_ct_4-1-768x510.jpg 768w, http:\/\/www.rmmotors.com.br\/truck\/wp-content\/uploads\/2018\/09\/130918_rm_ct_4-1-600x398.jpg 600w, http:\/\/www.rmmotors.com.br\/truck\/wp-content\/uploads\/2018\/09\/130918_rm_ct_4-1.jpg 800w\" sizes=\"(max-width: 450px) 100vw, 450px\"\/><\/a><\/p>\n<p>Neste s\u00e1bado os caminh\u00f5es voltam \u00e0 pista para o terceiro treino livre \u00e0s 13h20, enquanto a tomada de tempos est\u00e1 marcada para as 17h (de Bras\u00edlia). Confira os tempos combinados da sexta-feira:<\/p>\n<p>1\u00ba \u2013 Wellington Cirino, Mercedes-Benz, 1min37s189<br \/>2\u00ba \u2013 Felipe Giaffone, Volks, 1min37s285<br \/>3\u00ba \u2013 Roberval Andrade, Scania, 1min37s596<br \/>4\u00ba \u2013 Danilo Dirani, Mercedes-Benz, 1min37s739<br \/>5\u00ba \u2013 Beto Monteiro, Iveco, 1min38s322<br \/>6\u00ba \u2013 Leandro Totti, Mercedes-Benz, 1min38s895<br \/>7\u00ba \u2013 Andre Marques, Mercedes-Benz, 1min38s922<br \/>8\u00ba \u2013 Regis Boessio, Volvo, 1min39s001<br \/>9\u00ba \u2013 Giuliano Losacco, Iveco, 1min39s020<br \/>10\u00ba \u2013 Witold Ramasauskas, MAN, 1min39s274<br \/>11 \u00ba \u2013 Pedro Paulo Fernandes, Mercedes-Benz, 1min39s290<br \/>12\u00ba \u2013 Adalberto Jardim, Ford, 1min39s867<br \/>13\u00ba \u2013 Renato Martins, MAN, 1min40s051<br \/>14\u00ba \u2013 Rogerio Castro, Volks, 1min40s754<br \/>15\u00ba \u2013 Luiz Lopes, Iveco, 1min41s394<br \/>16\u00ba \u2013 Duda Bana, Volvo, 1min41s651<br \/>17\u00ba \u2013 Debora Rodrigues, Volks, 1min42s246<br \/>18\u00ba \u2013 Rodrigo Belinati, Volks, 1min43s494<br \/>19\u00ba \u2013 F\u00e1bio Foga\u00e7a, Ford, 2min12s816<\/p>\n<p><strong>Programa\u00e7\u00e3o do fim de semana:<\/strong><\/p>\n<p>S\u00e1bado, 15 de setembro<br \/>13h20 \u2013 14h20: Treino Livre 3<br \/>17h00 \u2013 18h00: Classifica\u00e7\u00e3o.<\/p>&nbsp;&nbsp;\n<p>Domingo, 16 de setembro<br \/>9h30 \u2013 9h45: Warm Up<br \/>10h50 \u2013 11h20: Desafio dos Brutos e Desfile dos Pilotos<br \/>13h19: Largada da corrida 1<br \/>13h55: Largada da corrida 2.<\/p>&nbsp;&nbsp;\n<hr\/>\n<p><em>Texto: Bruno Vicaria (MTb 45.934)<br \/>imprensa@copatruck.com.br<br \/>11. 97147.0835<\/em><\/p>\n","protected":false},"excerpt":{"rendered":"<p>\u201cN\u00e3o esperava andar t\u00e3o perto do Cirino nesta sexta-feira por conta do restritor de pot\u00eancia&#8230;.<\/p>\n","protected":false},"author":1,"featured_media":0,"comment_status":"open","ping_status":"open","sticky":false,"template":"","format":"standard","meta":{"fifu_image_url":"","fifu_image_alt":"","footnotes":""},"categories":[8700],"tags":[58],"class_list":["post-72973","post","type-post","status-publish","format-standard","hentry","category-velocidade","tag-noticias","wpcat-8700-id"],"_links":{"self":[{"href":"https:\/\/verde-amarelo.net\/verdeamarelo\/wp-json\/wp\/v2\/posts\/72973","targetHints":{"allow":["GET"]}}],"collection":[{"href":"https:\/\/verde-amarelo.net\/verdeamarelo\/wp-json\/wp\/v2\/posts"}],"about":[{"href":"https:\/\/verde-amarelo.net\/verdeamarelo\/wp-json\/wp\/v2\/types\/post"}],"author":[{"embeddable":true,"href":"https:\/\/verde-amarelo.net\/verdeamarelo\/wp-json\/wp\/v2\/users\/1"}],"replies":[{"embeddable":true,"href":"https:\/\/verde-amarelo.net\/verdeamarelo\/wp-json\/wp\/v2\/comments?post=72973"}],"version-history":[{"count":0,"href":"https:\/\/verde-amarelo.net\/verdeamarelo\/wp-json\/wp\/v2\/posts\/72973\/revisions"}],"wp:attachment":[{"href":"https:\/\/verde-amarelo.net\/verdeamarelo\/wp-json\/wp\/v2\/media?parent=72973"}],"wp:term":[{"taxonomy":"category","embeddable":true,"href":"https:\/\/verde-amarelo.net\/verdeamarelo\/wp-json\/wp\/v2\/categories?post=72973"},{"taxonomy":"post_tag","embeddable":true,"href":"https:\/\/verde-amarelo.net\/verdeamarelo\/wp-json\/wp\/v2\/tags?post=72973"}],"curies":[{"name":"wp","href":"https:\/\/api.w.org\/{rel}","templated":true}]}}