{"id":73103,"date":"2018-12-06T20:18:21","date_gmt":"2018-12-06T22:18:21","guid":{"rendered":"https:\/\/verde-amarelo.net\/verdeamarelo\/2018\/12\/jornalistas-testam-o-audi-e-tron-em-abu-dhabi\/"},"modified":"2018-12-06T20:18:21","modified_gmt":"2018-12-06T22:18:21","slug":"jornalistas-testam-o-audi-e-tron-em-abu-dhabi","status":"publish","type":"post","link":"https:\/\/verde-amarelo.net\/verdeamarelo\/2018\/12\/jornalistas-testam-o-audi-e-tron-em-abu-dhabi\/","title":{"rendered":"Jornalistas testam o Audi e-tron em Abu Dhabi"},"content":{"rendered":"<div><img decoding=\"async\" src=\"data:image\/gif;base64,R0lGODlhAQABAIAAAAAAAP\/\/\/ywAAAAAAQABAAACAUwAOw==\" fifu-lazy=\"1\" fifu-data-sizes=\"auto\" fifu-data-srcset=\"https:\/\/i0.wp.com\/www.truckbrasil.com.br\/wp\/wp-content\/uploads\/2018\/12\/jornalistas-testam-o-audi-e-tron-em-abu-dhabi.jpg?ssl=1&w=75&resize=75&ssl=1 75w, https:\/\/i0.wp.com\/www.truckbrasil.com.br\/wp\/wp-content\/uploads\/2018\/12\/jornalistas-testam-o-audi-e-tron-em-abu-dhabi.jpg?ssl=1&w=100&resize=100&ssl=1 100w, https:\/\/i0.wp.com\/www.truckbrasil.com.br\/wp\/wp-content\/uploads\/2018\/12\/jornalistas-testam-o-audi-e-tron-em-abu-dhabi.jpg?ssl=1&w=150&resize=150&ssl=1 150w, https:\/\/i0.wp.com\/www.truckbrasil.com.br\/wp\/wp-content\/uploads\/2018\/12\/jornalistas-testam-o-audi-e-tron-em-abu-dhabi.jpg?ssl=1&w=240&resize=240&ssl=1 240w, https:\/\/i0.wp.com\/www.truckbrasil.com.br\/wp\/wp-content\/uploads\/2018\/12\/jornalistas-testam-o-audi-e-tron-em-abu-dhabi.jpg?ssl=1&w=320&resize=320&ssl=1 320w, https:\/\/i0.wp.com\/www.truckbrasil.com.br\/wp\/wp-content\/uploads\/2018\/12\/jornalistas-testam-o-audi-e-tron-em-abu-dhabi.jpg?ssl=1&w=500&resize=500&ssl=1 500w, https:\/\/i0.wp.com\/www.truckbrasil.com.br\/wp\/wp-content\/uploads\/2018\/12\/jornalistas-testam-o-audi-e-tron-em-abu-dhabi.jpg?ssl=1&w=640&resize=640&ssl=1 640w, https:\/\/i0.wp.com\/www.truckbrasil.com.br\/wp\/wp-content\/uploads\/2018\/12\/jornalistas-testam-o-audi-e-tron-em-abu-dhabi.jpg?ssl=1&w=800&resize=800&ssl=1 800w, https:\/\/i0.wp.com\/www.truckbrasil.com.br\/wp\/wp-content\/uploads\/2018\/12\/jornalistas-testam-o-audi-e-tron-em-abu-dhabi.jpg?ssl=1&w=1024&resize=1024&ssl=1 1024w, https:\/\/i0.wp.com\/www.truckbrasil.com.br\/wp\/wp-content\/uploads\/2018\/12\/jornalistas-testam-o-audi-e-tron-em-abu-dhabi.jpg?ssl=1&w=1280&resize=1280&ssl=1 1280w, https:\/\/i0.wp.com\/www.truckbrasil.com.br\/wp\/wp-content\/uploads\/2018\/12\/jornalistas-testam-o-audi-e-tron-em-abu-dhabi.jpg?ssl=1&w=1600&resize=1600&ssl=1 1600w\" fifu-data-src=\"https:\/\/i0.wp.com\/www.truckbrasil.com.br\/wp\/wp-content\/uploads\/2018\/12\/jornalistas-testam-o-audi-e-tron-em-abu-dhabi.jpg?ssl=1\" class=\"ff-og-image-inserted\"\/><\/div>\n<div readability=\"32\">\n<p>\u00b7 Imprensa internacional dirige pela primeira vez o SUV el\u00e9trico em estradas p\u00fablicas<\/p>\n<\/div>\n<div readability=\"127\">\n<p>\u00b7 Rota de teste come\u00e7a em comunidade urbana sustent\u00e1vel e com baixas emiss\u00f5es de carbono<\/p>\n<p>\u00b7 Percursos urbanos e off-road demonstram a versatilidade do Audi e-tron<\/p>\n<p>A Audi apresentou em setembro o seu primeiro modelo de produ\u00e7\u00e3o em s\u00e9rie totalmente el\u00e9trico, o e-tron. Em Abu Dhabi, capital dos Emirados \u00c1rabes Unidos, alguns jornalistas estar\u00e3o \u00e0 frente do volante do Audi e-tron para testar o novo SUV em diversos cen\u00e1rios pela primeira vez. A rota de teste come\u00e7a na cidade de Masdar &#8211; uma das comunidades urbanas mais sustent\u00e1veis do mundo &#8211; e os leva at\u00e9 a segunda montanha mais alta do pa\u00eds.<\/p>&nbsp;&nbsp;\n<p>Efici\u00eancia, performance e tranquilidade: o Audi e-tron exemplifica a experi\u00eancia de dire\u00e7\u00e3o de uma nova era. Combina os requisitos di\u00e1rios de um carro e o conforto de um utilit\u00e1rio a um sistema de dire\u00e7\u00e3o livre de emiss\u00f5es, oferecendo ao mesmo tempo a experi\u00eancia premium que \u00e9 esperada da marca e destaques inovadores adicionais. O ve\u00edculo sai da linha de produ\u00e7\u00e3o da Audi Bruxelas, a primeira do mundo no segmento premium com certifica\u00e7\u00e3o de CO? neutro. O empreendimento inovador da planta belga \u00e9 o resultado de tr\u00eas iniciativas: eletricidade verde, fornecimento de calor ecol\u00f3gico e projetos de compensa\u00e7\u00e3o clim\u00e1tica.<\/p>&nbsp;&nbsp;\n<p>Masdar, ponto de partida dos test-drives do Audi e-tron, \u00e9 um modelo para as cidades do futuro. Baseada nos tr\u00eas pilares da sustentabilidade social, econ\u00f4mica e ambiental, o local \u00e9 pioneiro no desenvolvimento urbano sustent\u00e1vel ao incubar solu\u00e7\u00f5es do mundo real em energia, efici\u00eancia h\u00eddrica, gest\u00e3o de res\u00edduos e mobilidade. Localizada pr\u00f3xima ao Aeroporto Internacional de Abu Dhabi, a comunidade de baixo carbono \u00e9 formada por um bairro residencial de r\u00e1pido crescimento, cluster de tecnologia limpa e zona franca, que abriga mais de 590 empresas de pequeno a m\u00e9dio porte, empresas multinacionais e de setor p\u00fablico, al\u00e9m de ser a cidade sede da matriz da Ag\u00eancia Internacional de Energia Renov\u00e1vel (IRENA).<\/p>&nbsp;&nbsp;\n<p>Yousef Baselaib, diretor executivo de mercado imobili\u00e1rio sustent\u00e1vel de Masdar, afirma: \u201cparte do nosso mandato para Masdar \u00e9 ajudar a concretizar as metas de sustentabilidade de Abu Dhabi e dos Emirados \u00c1rabes Unidos e dar suporte \u00e0 implementa\u00e7\u00e3o dos Objetivos de Desenvolvimento Sustent\u00e1vel das Na\u00e7\u00f5es Unidas. A cidade \u00e9 um ponto focal desses esfor\u00e7os\u201d.<\/p>&nbsp;&nbsp;\n<p>\u201cPor mais de uma d\u00e9cada, temos apresentado tecnologias limpas inovadoras, al\u00e9m de colaborar com o governo, com a academia e com parceiros da ind\u00fastria para trazer novas ideias \u00e0 vida. H\u00e1 uma sinergia \u00f3bvia entre o test-drive do Audi e-tron, nosso investimento pr\u00f3prio para ajudar a comercializar solu\u00e7\u00f5es futuras de mobilidade em Masdar e o comprometimento amplo de Abu Dhabi para oferecer uma plataforma global de colabora\u00e7\u00e3o por meio de iniciativas como a Semana de Sustentabilidade de Abu Dhabi\u201d, declara Baselaib.<\/p>&nbsp;&nbsp;\n<p>O conceito geral inteligente do Audi e-tron compreende principalmente a produ\u00e7\u00e3o sustent\u00e1vel e os sistemas de dire\u00e7\u00e3o de carbono neutro e de recarga confi\u00e1vel. \u201cEm Masdar, o futuro da mobilidade encontra as cidades do futuro \u2013 livre de emiss\u00f5es, ecol\u00f3gica e sustent\u00e1vel. Esse \u00e9 o ponto inicial perfeito para o evento do Audi e-tron\u201d, diz Peter Oberndorfer, chefe de comunica\u00e7\u00e3o de produto e tecnologia.<\/p>&nbsp;&nbsp;\n<p>Nas rodovias e em serras de curvas fechadas, os jornalistas v\u00e3o dirigir para Jebel Hafeet, a segunda montanha mais alta dos Emirados \u00c1rabes Unidos. L\u00e1, o Audi e-tron ir\u00e1 demonstrar seu sistema inovador de recupera\u00e7\u00e3o. Em m\u00e9dia, em mais de 90% de toda a desacelera\u00e7\u00e3o, os motores el\u00e9tricos operam como geradores e convertem a energia cin\u00e9tica do SUV em energia el\u00e9trica. Dessa forma, o sistema contribui com at\u00e9 30% da autonomia. Ele opera de maneira inteligente com o controle de freio integrado eletro-hidraulicamente. A Audi \u00e9 a primeira montadora do mundo a usar essa tecnologia em um modelo de produ\u00e7\u00e3o em s\u00e9rie el\u00e9trico. Dependendo da situa\u00e7\u00e3o de condu\u00e7\u00e3o, o sistema de controle de frenagem decide se utiliza o motor el\u00e9trico, o freio de roda ou uma combina\u00e7\u00e3o dos dois para a desacelera\u00e7\u00e3o \u2013 isso ocorre separadamente para cada eixo.<\/p>&nbsp;&nbsp;\n<p>Parte da rota de test-drive acontecer\u00e1 em pistas de cascalho ou de areia do deserto. Nessas superf\u00edcies inst\u00e1veis, o Audi e?tron demonstra sua excelente din\u00e2mica e tra\u00e7\u00e3o. Tudo isso gra\u00e7as \u00e0 nova gera\u00e7\u00e3o da tecnologia quattro \u2013 sistema Audi de tra\u00e7\u00e3o integral. O processo garante regula\u00e7\u00f5es permanentes e vari\u00e1veis da distribui\u00e7\u00e3o de torque ideal entre os dois eixos em fra\u00e7\u00f5es de segundo. Ao mesmo tempo, ele \u00e9 inteligentemente conectado aos in\u00fameros sistemas de chassi, al\u00e9m de todo o controle de estabiliza\u00e7\u00e3o eletr\u00f4nica de quatro etapas \u2013 que pode tamb\u00e9m ser desligado completamente \u2013 e o sistema padr\u00e3o do Audi drive select. Al\u00e9m das caracter\u00edsticas de dire\u00e7\u00e3o, ele tamb\u00e9m afeta a suspen\u00e7\u00e3o a ar de f\u00e1brica.<\/p>&nbsp;&nbsp;\n<p>Em um terreno off-road, a dist\u00e2ncia entre o solo e o Audi e-tron \u00e9 aumentada em 50 mil\u00edmetros com o toque de um bot\u00e3o, enquanto em uma estrada o ve\u00edculo \u00e9 rebaixado em at\u00e9 26 mil\u00edmetros. Al\u00e9m disso, a unidade de controle central de chassi controla individualmente os amortecedores de cada roda em intervalos de milissegundos \u2013 de acordo com a condi\u00e7\u00e3o da pista, o estilo de dire\u00e7\u00e3o e o modo escolhido no Audi drive select. Seja em percursos descontra\u00eddos, curvas din\u00e2micas ou aventuras off-road, com a sua vasta gama que vai do conforto de condu\u00e7\u00e3o suave ao manuseio esportivo e est\u00e1vel, o Audi e-tron \u00e9 genu\u00edno.<\/p>&nbsp;&nbsp;\n<\/div>\n","protected":false},"excerpt":{"rendered":"<p>\u00b7 Imprensa internacional dirige pela primeira vez o SUV el\u00e9trico em estradas p\u00fablicas \u00b7 Rota&#8230;<\/p>\n","protected":false},"author":1,"featured_media":0,"comment_status":"open","ping_status":"open","sticky":false,"template":"","format":"standard","meta":{"fifu_image_url":"","fifu_image_alt":"","footnotes":""},"categories":[727],"tags":[1589],"class_list":["post-73103","post","type-post","status-publish","format-standard","hentry","category-noticias","tag-veiculos","wpcat-727-id"],"_links":{"self":[{"href":"https:\/\/verde-amarelo.net\/verdeamarelo\/wp-json\/wp\/v2\/posts\/73103","targetHints":{"allow":["GET"]}}],"collection":[{"href":"https:\/\/verde-amarelo.net\/verdeamarelo\/wp-json\/wp\/v2\/posts"}],"about":[{"href":"https:\/\/verde-amarelo.net\/verdeamarelo\/wp-json\/wp\/v2\/types\/post"}],"author":[{"embeddable":true,"href":"https:\/\/verde-amarelo.net\/verdeamarelo\/wp-json\/wp\/v2\/users\/1"}],"replies":[{"embeddable":true,"href":"https:\/\/verde-amarelo.net\/verdeamarelo\/wp-json\/wp\/v2\/comments?post=73103"}],"version-history":[{"count":0,"href":"https:\/\/verde-amarelo.net\/verdeamarelo\/wp-json\/wp\/v2\/posts\/73103\/revisions"}],"wp:attachment":[{"href":"https:\/\/verde-amarelo.net\/verdeamarelo\/wp-json\/wp\/v2\/media?parent=73103"}],"wp:term":[{"taxonomy":"category","embeddable":true,"href":"https:\/\/verde-amarelo.net\/verdeamarelo\/wp-json\/wp\/v2\/categories?post=73103"},{"taxonomy":"post_tag","embeddable":true,"href":"https:\/\/verde-amarelo.net\/verdeamarelo\/wp-json\/wp\/v2\/tags?post=73103"}],"curies":[{"name":"wp","href":"https:\/\/api.w.org\/{rel}","templated":true}]}}