{"id":73104,"date":"2018-12-06T20:16:00","date_gmt":"2018-12-06T22:16:00","guid":{"rendered":"https:\/\/verde-amarelo.net\/verdeamarelo\/2018\/12\/carros-da-stock-car-invadem-a-madrugada-paulistana-pelas-ruas-do-centro\/"},"modified":"2018-12-06T20:16:00","modified_gmt":"2018-12-06T22:16:00","slug":"carros-da-stock-car-invadem-a-madrugada-paulistana-pelas-ruas-do-centro","status":"publish","type":"post","link":"https:\/\/verde-amarelo.net\/verdeamarelo\/2018\/12\/carros-da-stock-car-invadem-a-madrugada-paulistana-pelas-ruas-do-centro\/","title":{"rendered":"Carros da Stock Car invadem a madrugada paulistana pelas ruas do Centro"},"content":{"rendered":"<div><img decoding=\"async\" src=\"data:image\/gif;base64,R0lGODlhAQABAIAAAAAAAP\/\/\/ywAAAAAAQABAAACAUwAOw==\" fifu-lazy=\"1\" fifu-data-sizes=\"auto\" fifu-data-srcset=\"https:\/\/i1.wp.com\/www.truckbrasil.com.br\/wp\/wp-content\/uploads\/2018\/12\/carros-da-stock-car-invadem-a-madrugada-paulistana-pelas-ruas-do-centro.jpg?ssl=1&w=75&resize=75&ssl=1 75w, https:\/\/i1.wp.com\/www.truckbrasil.com.br\/wp\/wp-content\/uploads\/2018\/12\/carros-da-stock-car-invadem-a-madrugada-paulistana-pelas-ruas-do-centro.jpg?ssl=1&w=100&resize=100&ssl=1 100w, https:\/\/i1.wp.com\/www.truckbrasil.com.br\/wp\/wp-content\/uploads\/2018\/12\/carros-da-stock-car-invadem-a-madrugada-paulistana-pelas-ruas-do-centro.jpg?ssl=1&w=150&resize=150&ssl=1 150w, https:\/\/i1.wp.com\/www.truckbrasil.com.br\/wp\/wp-content\/uploads\/2018\/12\/carros-da-stock-car-invadem-a-madrugada-paulistana-pelas-ruas-do-centro.jpg?ssl=1&w=240&resize=240&ssl=1 240w, https:\/\/i1.wp.com\/www.truckbrasil.com.br\/wp\/wp-content\/uploads\/2018\/12\/carros-da-stock-car-invadem-a-madrugada-paulistana-pelas-ruas-do-centro.jpg?ssl=1&w=320&resize=320&ssl=1 320w, https:\/\/i1.wp.com\/www.truckbrasil.com.br\/wp\/wp-content\/uploads\/2018\/12\/carros-da-stock-car-invadem-a-madrugada-paulistana-pelas-ruas-do-centro.jpg?ssl=1&w=500&resize=500&ssl=1 500w, https:\/\/i1.wp.com\/www.truckbrasil.com.br\/wp\/wp-content\/uploads\/2018\/12\/carros-da-stock-car-invadem-a-madrugada-paulistana-pelas-ruas-do-centro.jpg?ssl=1&w=640&resize=640&ssl=1 640w, https:\/\/i1.wp.com\/www.truckbrasil.com.br\/wp\/wp-content\/uploads\/2018\/12\/carros-da-stock-car-invadem-a-madrugada-paulistana-pelas-ruas-do-centro.jpg?ssl=1&w=800&resize=800&ssl=1 800w, https:\/\/i1.wp.com\/www.truckbrasil.com.br\/wp\/wp-content\/uploads\/2018\/12\/carros-da-stock-car-invadem-a-madrugada-paulistana-pelas-ruas-do-centro.jpg?ssl=1&w=1024&resize=1024&ssl=1 1024w, https:\/\/i1.wp.com\/www.truckbrasil.com.br\/wp\/wp-content\/uploads\/2018\/12\/carros-da-stock-car-invadem-a-madrugada-paulistana-pelas-ruas-do-centro.jpg?ssl=1&w=1280&resize=1280&ssl=1 1280w, https:\/\/i1.wp.com\/www.truckbrasil.com.br\/wp\/wp-content\/uploads\/2018\/12\/carros-da-stock-car-invadem-a-madrugada-paulistana-pelas-ruas-do-centro.jpg?ssl=1&w=1600&resize=1600&ssl=1 1600w\" fifu-data-src=\"https:\/\/i1.wp.com\/www.truckbrasil.com.br\/wp\/wp-content\/uploads\/2018\/12\/carros-da-stock-car-invadem-a-madrugada-paulistana-pelas-ruas-do-centro.jpg?ssl=1\" class=\"ff-og-image-inserted\"\/><\/div>\n<div readability=\"35\">\n<p>Daniel Serra e Felipe Fraga, postulantes ao t\u00edtulo, levaram o ronco dos motores V8 noite adentro na regi\u00e3o central de S\u00e3o Paulo; grande final acontece neste domingo<\/p>\n<\/div>\n<div readability=\"75\">\n<p>A Hero Super Final, corrida final e que define o campe\u00e3o de 2018 da Stock Car, ser\u00e1 realizada neste domingo (9) \u00e0s 11 horas da manh\u00e3 em Interlagos \u2013 e os ingressos ainda est\u00e3o \u00e0 venda. Para esquentar a disputa pelo t\u00edtulo entre Daniel Serra e Felipe Fraga, a categoria fez uma a\u00e7\u00e3o promocional com os carros dos dois pilotos invadindo o centro de S\u00e3o Paulo durante a madrugada nesta semana.<\/p>&nbsp;&nbsp;\n<p>As m\u00e1quinas passaram pelo Teatro Municipal, Viaduto do Ch\u00e1 e outros pontos tradicionais do centro da capital paulista. A decis\u00e3o da Stock Car ser\u00e1 realizada com uma prova \u00fanica de 40 minutos de dura\u00e7\u00e3o mais uma volta. Piloto da Eurofarma RC, Serra soma 297 pontos contra 272 de Fraga, da Cimed Chevrolet Racing. A final ter\u00e1 pontua\u00e7\u00e3o dobrada, premiando o vencedor com 60 pontos. Os pilotos s\u00e3o os dois \u00faltimos campe\u00f5es da Stock Car, e lutam pelo bicampeonato.<\/p>&nbsp;&nbsp;\n<p>Nessa corrida, os pilotos ter\u00e3o somente sete bot\u00f5es de ultrapassagem dispon\u00edveis, sendo que seis pilotos ainda podem receber um bot\u00e3o extra na vota\u00e7\u00e3o popular do Fan Push, que est\u00e1 dispon\u00edvel no site da categoria. No pit-stop obrigat\u00f3rio da corrida, os pilotos precisam trocar no m\u00ednimo dois pneus e realizar o abastecimento.<\/p>&nbsp;&nbsp;\n<p>O treino classificat\u00f3rio da Stock Car ser\u00e1 neste s\u00e1bado (8) ao meio-dia, com transmiss\u00e3o ao vivo do SporTV, que tamb\u00e9m exibe a prova no domingo \u00e0s 11 horas. A corrida final tamb\u00e9m ser\u00e1 transmitida ao vivo pela TV Globo e pelo SporTV2.<\/p>&nbsp;&nbsp;\n<p>Confira as possibilidades de t\u00edtulo para os dois pilotos em Interlagos:<\/p>\n<p>POSSIBILIDADES: SERRA CAMPE\u00c3O<br \/>Se Fraga&#8230; | Serra s\u00f3 precisa de&#8230;<br \/>Vencer (332 pontos) | 4\u00ba lugar (335 pontos)<br \/>2\u00ba lugar (324) | 6\u00ba lugar (327)<br \/>3\u00ba lugar (316) | 8\u00ba (319)<br \/>4\u00ba lugar (310) | 10\u00ba (311)<br \/>5\u00ba lugar (306) | 11\u00ba (307)<br \/>6\u00ba lugar (302) | 13\u00ba (303)<br \/>7\u00ba lugar (298) | 15\u00ba (299)<br \/>8\u00ba ou pior (294)| campe\u00e3o (297)<\/p>\n<p>POSSIBILIDADES: FRAGA CAMPE\u00c3O<br \/>Fraga campe\u00e3o | Serra n\u00e3o pode passar de&#8230;<br \/>Vencer (332 pontos) | 5\u00ba lugar (331)<br \/>2\u00ba lugar (324) | 7\u00ba lugar (323)<br \/>3\u00ba lugar (316) | 9\u00ba lugar (315)<br \/>4\u00ba lugar (310) | 11\u00ba (307)<br \/>5\u00ba lugar (306) | 12\u00ba (305)<br \/>6\u00ba lugar (302) | 14\u00ba (301)<br \/>7\u00ba lugar (298) | n\u00e3o pontuar (297)<\/p>\n<\/div>\n","protected":false},"excerpt":{"rendered":"<p>Daniel Serra e Felipe Fraga, postulantes ao t\u00edtulo, levaram o ronco dos motores V8 noite&#8230;<\/p>\n","protected":false},"author":1,"featured_media":0,"comment_status":"open","ping_status":"open","sticky":false,"template":"","format":"standard","meta":{"fifu_image_url":"","fifu_image_alt":"","footnotes":""},"categories":[727],"tags":[1589],"class_list":["post-73104","post","type-post","status-publish","format-standard","hentry","category-noticias","tag-veiculos","wpcat-727-id"],"_links":{"self":[{"href":"https:\/\/verde-amarelo.net\/verdeamarelo\/wp-json\/wp\/v2\/posts\/73104","targetHints":{"allow":["GET"]}}],"collection":[{"href":"https:\/\/verde-amarelo.net\/verdeamarelo\/wp-json\/wp\/v2\/posts"}],"about":[{"href":"https:\/\/verde-amarelo.net\/verdeamarelo\/wp-json\/wp\/v2\/types\/post"}],"author":[{"embeddable":true,"href":"https:\/\/verde-amarelo.net\/verdeamarelo\/wp-json\/wp\/v2\/users\/1"}],"replies":[{"embeddable":true,"href":"https:\/\/verde-amarelo.net\/verdeamarelo\/wp-json\/wp\/v2\/comments?post=73104"}],"version-history":[{"count":0,"href":"https:\/\/verde-amarelo.net\/verdeamarelo\/wp-json\/wp\/v2\/posts\/73104\/revisions"}],"wp:attachment":[{"href":"https:\/\/verde-amarelo.net\/verdeamarelo\/wp-json\/wp\/v2\/media?parent=73104"}],"wp:term":[{"taxonomy":"category","embeddable":true,"href":"https:\/\/verde-amarelo.net\/verdeamarelo\/wp-json\/wp\/v2\/categories?post=73104"},{"taxonomy":"post_tag","embeddable":true,"href":"https:\/\/verde-amarelo.net\/verdeamarelo\/wp-json\/wp\/v2\/tags?post=73104"}],"curies":[{"name":"wp","href":"https:\/\/api.w.org\/{rel}","templated":true}]}}