{"id":73117,"date":"2018-12-06T17:33:57","date_gmt":"2018-12-06T19:33:57","guid":{"rendered":"https:\/\/verde-amarelo.net\/verdeamarelo\/2018\/12\/grupo-prosegur-anuncia-a-criacao-da-prosegur-log\/"},"modified":"2018-12-06T17:33:57","modified_gmt":"2018-12-06T19:33:57","slug":"grupo-prosegur-anuncia-a-criacao-da-prosegur-log","status":"publish","type":"post","link":"https:\/\/verde-amarelo.net\/verdeamarelo\/2018\/12\/grupo-prosegur-anuncia-a-criacao-da-prosegur-log\/","title":{"rendered":"Grupo Prosegur anuncia a cria\u00e7\u00e3o da Prosegur Log"},"content":{"rendered":"<blockquote class=\"quote_content\" readability=\"31\">\n<p><span>Companhia une o conhecimento em seguran\u00e7a e alta tecnologia para oferecer uma solu\u00e7\u00e3o completa na cadeia log\u00edstica de carga de alto valor agregado<\/span><\/p>\n<\/blockquote>\n<p><a href=\"http:\/\/www.cargonews.com.br\/wp-content\/uploads\/2018\/12\/unnamed-2-1.jpg\">&#8220;alignleft size-medium wp-image-24734&#8243; src=&#8221;https:\/\/www.truckbrasil.com.br\/wp\/wp-content\/uploads\/2018\/12\/grupo-prosegur-anuncia-a-criacao-da-prosegur-log.jpg&#8221; alt=&#8221;&#8221; width=&#8221;300&#8243; height=&#8221;200&#8243; srcset=&#8221;https:\/\/www.truckbrasil.com.br\/wp\/wp-content\/uploads\/2018\/12\/grupo-prosegur-anuncia-a-criacao-da-prosegur-log.jpg 300w, http:\/\/www.cargonews.com.br\/wp-content\/uploads\/2018\/12\/unnamed-2-1-768&#215;512.jpg 768w, http:\/\/www.cargonews.com.br\/wp-content\/uploads\/2018\/12\/unnamed-2-1-1024&#215;683.jpg 1024w, http:\/\/www.cargonews.com.br\/wp-content\/uploads\/2018\/12\/unnamed-2-1.jpg 1500w&#8221; sizes=&#8221;(max-width: 300px) 100vw, 300px&#8221;\/><\/a>O Grupo Prosegur, l\u00edder em seguran\u00e7a privada no Brasil e \u00fanico do setor presente em todo territ\u00f3rio nacional, anuncia o lan\u00e7amento da Prosegur Log. A companhia inaugura um Centro Log\u00edstico no munic\u00edpio de Cajamar (SP). Com o objetivo de unir o conhecimento em seguran\u00e7a e alta tecnologia para oferecer uma solu\u00e7\u00e3o completa dedicada ao armazenamento e gest\u00e3o de produtos e mercadorias de alto valor agregado.<\/p>&nbsp;&nbsp;\n<p>O Centro Log\u00edstico, que possui dez mil metros quadrados de \u00e1rea e capacidade para receber 14.000 paletes, oferece dois tipos de servi\u00e7o: regime de Armaz\u00e9ns Gerais \u2013 quando a Prosegur Log \u00e9 respons\u00e1vel pela administra\u00e7\u00e3o da carga \u2013, e regime de Filial \u2013 quando o cliente utiliza sua pr\u00f3pria equipe para realizar a gest\u00e3o da carga e a Prosegur Log se responsabiliza pela opera\u00e7\u00e3o de seguran\u00e7a.<\/p>&nbsp;&nbsp;\n<p>\u201cEstamos sempre atentos \u00e0s necessidades dos nossos clientes, criando novas solu\u00e7\u00f5es que possam complementar a cadeia log\u00edstica e oferecer uma op\u00e7\u00e3o completa que conecte o transporte, armazenagem e distribui\u00e7\u00e3o. A Prosegur Log traz para o mercado um conceito diferente das opera\u00e7\u00f5es log\u00edsticas j\u00e1 conhecidas, pois conta com um conceito h\u00edbrido que mescla os servi\u00e7os prestados pelas bases da Prosegur voltadas para log\u00edstica de valor com a log\u00edstica focada em carga de alto valor agregado\u201d, afirma Alessandro Abrah\u00e3o, diretor-geral da Prosegur Cash.<\/p>&nbsp;&nbsp;\n<p>Dentre v\u00e1rios segmentos, a Prosegur Log atender\u00e1 os de eletroeletr\u00f4nico, telecom, farmac\u00eautico e moda &amp; luxo e pretende expandir a opera\u00e7\u00e3o para outras cidades, sempre conciliando com a necessidade do mercado. Atualmente o Grupo disponibiliza cerca de 50 caminh\u00f5es entre eles carretas, caminh\u00f5es de m\u00e9dio porte, porta-containers, rodotrens e caminh\u00e3o refrigerado. Al\u00e9m disso, inicialmente 30 profissionais altamente qualificados ir\u00e3o trabalhar no local.<\/p>&nbsp;&nbsp;\n<p>\u201cA expectativa \u00e9 de expandirmos as opera\u00e7\u00f5es para outras regi\u00f5es. Para isso, seguiremos atentos \u00e0s tend\u00eancias de mercado e buscando abrir novas frentes operacionais nas principais capitais ou cidades do Brasil, sempre apoiados pela extensa capilaridade de filiais espalhadas por todo o pa\u00eds\u201d, finaliza.<\/p>&nbsp;&nbsp;\n","protected":false},"excerpt":{"rendered":"<p>Companhia une o conhecimento em seguran\u00e7a e alta tecnologia para oferecer uma solu\u00e7\u00e3o completa na&#8230;<\/p>\n","protected":false},"author":1,"featured_media":0,"comment_status":"open","ping_status":"open","sticky":false,"template":"","format":"standard","meta":{"fifu_image_url":"","fifu_image_alt":"","footnotes":""},"categories":[8725],"tags":[9221],"class_list":["post-73117","post","type-post","status-publish","format-standard","hentry","category-geralmercado","tag-grupo-prosegurlogisticanoticias","wpcat-8725-id"],"_links":{"self":[{"href":"https:\/\/verde-amarelo.net\/verdeamarelo\/wp-json\/wp\/v2\/posts\/73117","targetHints":{"allow":["GET"]}}],"collection":[{"href":"https:\/\/verde-amarelo.net\/verdeamarelo\/wp-json\/wp\/v2\/posts"}],"about":[{"href":"https:\/\/verde-amarelo.net\/verdeamarelo\/wp-json\/wp\/v2\/types\/post"}],"author":[{"embeddable":true,"href":"https:\/\/verde-amarelo.net\/verdeamarelo\/wp-json\/wp\/v2\/users\/1"}],"replies":[{"embeddable":true,"href":"https:\/\/verde-amarelo.net\/verdeamarelo\/wp-json\/wp\/v2\/comments?post=73117"}],"version-history":[{"count":0,"href":"https:\/\/verde-amarelo.net\/verdeamarelo\/wp-json\/wp\/v2\/posts\/73117\/revisions"}],"wp:attachment":[{"href":"https:\/\/verde-amarelo.net\/verdeamarelo\/wp-json\/wp\/v2\/media?parent=73117"}],"wp:term":[{"taxonomy":"category","embeddable":true,"href":"https:\/\/verde-amarelo.net\/verdeamarelo\/wp-json\/wp\/v2\/categories?post=73117"},{"taxonomy":"post_tag","embeddable":true,"href":"https:\/\/verde-amarelo.net\/verdeamarelo\/wp-json\/wp\/v2\/tags?post=73117"}],"curies":[{"name":"wp","href":"https:\/\/api.w.org\/{rel}","templated":true}]}}