{"id":73122,"date":"2018-12-07T10:00:34","date_gmt":"2018-12-07T12:00:34","guid":{"rendered":"https:\/\/verde-amarelo.net\/verdeamarelo\/2018\/12\/parceria-entre-global-distribuicao-e-jamef-ja-dura-10-anos\/"},"modified":"2018-12-07T10:00:34","modified_gmt":"2018-12-07T12:00:34","slug":"parceria-entre-global-distribuicao-e-jamef-ja-dura-10-anos","status":"publish","type":"post","link":"https:\/\/verde-amarelo.net\/verdeamarelo\/2018\/12\/parceria-entre-global-distribuicao-e-jamef-ja-dura-10-anos\/","title":{"rendered":"Parceria entre Global Distribui\u00e7\u00e3o e Jamef j\u00e1 dura 10 anos"},"content":{"rendered":"<p><a href=\"http:\/\/www.cargonews.com.br\/wp-content\/uploads\/2018\/12\/Jamef.jpg\"><img \"wp-image-24742 alignleft&#8221; src=&#8221;https:\/\/www.truckbrasil.com.br\/wp\/wp-content\/uploads\/2018\/12\/parceria-entre-global-distribuicao-e-jamef-ja-dura-10-anos.jpg&#8221; alt=&#8221;&#8221; width=&#8221;416&#8243; height=&#8221;226&#8243; srcset=&#8221;https:\/\/www.truckbrasil.com.br\/wp\/wp-content\/uploads\/2018\/12\/parceria-entre-global-distribuicao-e-jamef-ja-dura-10-anos.jpg 300w, http:\/\/www.cargonews.com.br\/wp-content\/uploads\/2018\/12\/Jamef-768&#215;418.jpg 768w, http:\/\/www.cargonews.com.br\/wp-content\/uploads\/2018\/12\/Jamef-1024&#215;557.jpg 1024w, http:\/\/www.cargonews.com.br\/wp-content\/uploads\/2018\/12\/Jamef.jpg 1180w&#8221; sizes=&#8221;(max-width: 416px) 100vw, 416px&#8221;\/><\/a>Para a Global Distribui\u00e7\u00e3o de Bens de Consumo, agilidade na entrega e no abastecimento das lojas \u00e9 fundamental e h\u00e1 10 anos a Jamef \u00e9 sua parceira nessa empreitada.<\/p>&nbsp;&nbsp;\n<p>Desde o in\u00edcio da presta\u00e7\u00e3o de servi\u00e7o, a Jamef sempre ofereceu solu\u00e7\u00f5es que atendessem a necessidade da Global e durante o fortalecimento da parceria, foi aprimorando e automatizando processos para atend\u00ea-los com ainda mais excel\u00eancia e dar cada vez mais velocidade para o seu neg\u00f3cio.<\/p>&nbsp;&nbsp;\n<p>Sediada em Portal da Serra (RS), Rodovia BR 116, a Global est\u00e1 em um ponto estrat\u00e9gico na regi\u00e3o do Sul do pa\u00eds, o que contribui muito para a libera\u00e7\u00e3o de seus materiais que viajam com a Jamef muitos quil\u00f4metros at\u00e9 chegar a outros estados da regi\u00e3o Sul, Sudeste e Nordeste do Brasil, sempre com o compromisso de abastecer com agilidade diversos players do setor econ\u00f4mico.<\/p>&nbsp;&nbsp;\n<p>A maioria das suas entregas s\u00e3o realizadas em shoppings, o que torna o trabalho ainda mais desafiador, pois em alguns estabelecimentos, existem restri\u00e7\u00f5es de dias e hor\u00e1rios e para suprir as lojas, a Jamef contribui com muita seriedade e comprometimento.<\/p>&nbsp;&nbsp;\n<p>A Jamef se compromete em fazer todo e qualquer comunicado durante a opera\u00e7\u00e3o dentro do menor tempo poss\u00edvel a respeito de alguma eventual diverg\u00eancia (antes mesmo da loja) e isso torna o processo muito mais \u00e1gil para a Global. Al\u00e9m disso, outro benef\u00edcio que o cliente destaca na manuten\u00e7\u00e3o do contrato, \u00e9 que frequentemente a encomenda \u00e9 entregue com alguma anteced\u00eancia nos estabelecimentos. Dessa forma, o ponto de vendas abastecido consegue atender o consumidor com maior agilidade e prontid\u00e3o, elevando seu faturamento.<\/p>&nbsp;&nbsp;\n<p>A Global Distribui\u00e7\u00e3o de 00 \u00e9 uma grande organiza\u00e7\u00e3o do grupo Herval, possui 59 anos de hist\u00f3ria com know-how voltado para o com\u00e9rcio varejista com lojas f\u00edsicas em mais de 80 cidades do Rio Grande do Sul, 02 em Santa Catarina e soma atualmente 4 mil colaboradores, todos profissionais dedicados, comprometidos e especializados em atendimento multicanal. Com seus valores alinhados aos da Jamef, a parceira foi constru\u00edda com base no respeito e confian\u00e7a, fatores primordiais para manter firme essa uni\u00e3o por 10 anos. Para Andre Roberti, auxiliar de log\u00edstica, manter a parceria de sucesso com tanta transpar\u00eancia \u00e9 uma tranquilidade. \u201cPoder confiar que o servi\u00e7o contratado ser\u00e1 realizado com destreza \u00e9 poder dedicar-se a novos clientes, novos desafios\u201d.<\/p>&nbsp;&nbsp;\n<p>\u201cA nossa filial sente-se honrada em fazer parte dessa hist\u00f3ria. A Global \u00e9 um importante cliente para n\u00f3s e empenhamos toda nossa expertise para oferecer a melhor solu\u00e7\u00e3o baseados em nossa miss\u00e3o, vis\u00e3o e valores\u201d, conclui D\u00e9bora Severo, gerente da unidade Porto Alegre\/RS da Jamef.<\/p>&nbsp;&nbsp;\n<p>Assessoria de Imprensa<\/p>\n","protected":false},"excerpt":{"rendered":"","protected":false},"author":1,"featured_media":0,"comment_status":"open","ping_status":"open","sticky":false,"template":"","format":"standard","meta":{"fifu_image_url":"","fifu_image_alt":"","footnotes":""},"categories":[8725],"tags":[9225],"class_list":["post-73122","post","type-post","status-publish","format-standard","hentry","category-geralmercado","tag-bens-de-consumologisticanoticias","wpcat-8725-id"],"_links":{"self":[{"href":"https:\/\/verde-amarelo.net\/verdeamarelo\/wp-json\/wp\/v2\/posts\/73122","targetHints":{"allow":["GET"]}}],"collection":[{"href":"https:\/\/verde-amarelo.net\/verdeamarelo\/wp-json\/wp\/v2\/posts"}],"about":[{"href":"https:\/\/verde-amarelo.net\/verdeamarelo\/wp-json\/wp\/v2\/types\/post"}],"author":[{"embeddable":true,"href":"https:\/\/verde-amarelo.net\/verdeamarelo\/wp-json\/wp\/v2\/users\/1"}],"replies":[{"embeddable":true,"href":"https:\/\/verde-amarelo.net\/verdeamarelo\/wp-json\/wp\/v2\/comments?post=73122"}],"version-history":[{"count":0,"href":"https:\/\/verde-amarelo.net\/verdeamarelo\/wp-json\/wp\/v2\/posts\/73122\/revisions"}],"wp:attachment":[{"href":"https:\/\/verde-amarelo.net\/verdeamarelo\/wp-json\/wp\/v2\/media?parent=73122"}],"wp:term":[{"taxonomy":"category","embeddable":true,"href":"https:\/\/verde-amarelo.net\/verdeamarelo\/wp-json\/wp\/v2\/categories?post=73122"},{"taxonomy":"post_tag","embeddable":true,"href":"https:\/\/verde-amarelo.net\/verdeamarelo\/wp-json\/wp\/v2\/tags?post=73122"}],"curies":[{"name":"wp","href":"https:\/\/api.w.org\/{rel}","templated":true}]}}