{"id":73123,"date":"2018-12-07T11:00:12","date_gmt":"2018-12-07T13:00:12","guid":{"rendered":"https:\/\/verde-amarelo.net\/verdeamarelo\/2018\/12\/gko-informatica-promove-evento-sobre-novas-tecnologias-para-visibilidade-de-entregas-em-sao-paulo\/"},"modified":"2018-12-07T11:00:12","modified_gmt":"2018-12-07T13:00:12","slug":"gko-informatica-promove-evento-sobre-novas-tecnologias-para-visibilidade-de-entregas-em-sao-paulo","status":"publish","type":"post","link":"https:\/\/verde-amarelo.net\/verdeamarelo\/2018\/12\/gko-informatica-promove-evento-sobre-novas-tecnologias-para-visibilidade-de-entregas-em-sao-paulo\/","title":{"rendered":"GKO Inform\u00e1tica promove evento sobre novas tecnologias para visibilidade de entregas em S\u00e3o Paulo"},"content":{"rendered":"<p>A GKO Inform\u00e1tica, que desenvolve e d\u00e1 suporte \u00e0 implanta\u00e7\u00e3o de solu\u00e7\u00f5es de base tecnol\u00f3gica na \u00e1rea de log\u00edstica e gest\u00e3o de fretes para embarcadores, vai promover um evento para apresentar as experi\u00eancias e os resultados obtidos por seus clientes com o Confirma F\u00e1cil (www.confirmafacil.com.br), solu\u00e7\u00e3o que permite dar visibilidade \u00e0s entregas na modalidade SaaS (Software as a Service) da GKO Plus, unidade de neg\u00f3cios 100% Web da GKO Inform\u00e1tica. O encontro ocorrer\u00e1 dia 12 de dezembro na sede da empresa, em S\u00e3o Paulo.<\/p>&nbsp;&nbsp;\n<p>Al\u00e9m dos cases, a equipe do Confirma F\u00e1cil apresentar\u00e1 destaques da ferramenta que t\u00eam proporcionado cada vez mais ganhos aos usu\u00e1rios, detalhando como a facilidade de comunica\u00e7\u00e3o entre todos os envolvidos nas opera\u00e7\u00f5es log\u00edsticas \u00e9 um de seus pontos fortes. Os profissionais ser\u00e3o apresentados ao trip\u00e9 da solu\u00e7\u00e3o \u2013 informa\u00e7\u00f5es corretas, transportadoras integradas e clientes bem informados \u2013 e poder\u00e3o entender de que maneira a uni\u00e3o desses tr\u00eas aspectos pode otimizar a gest\u00e3o e a visibilidade das entregas.<\/p>&nbsp;&nbsp;\n<p><a href=\"http:\/\/www.cargonews.com.br\/wp-content\/uploads\/2018\/12\/Guilherme-Borin-Confirma-F%C3%A1cil.jpg\">&#8220;alignleft size-medium wp-image-24738&#8243; src=&#8221;https:\/\/www.truckbrasil.com.br\/wp\/wp-content\/uploads\/2018\/12\/gko-informatica-promove-evento-sobre-novas-tecnologias-para-visibilidade-de-entregas-em-sao-paulo.jpg&#8221; alt=&#8221;&#8221; width=&#8221;300&#8243; height=&#8221;300&#8243; srcset=&#8221;http:\/\/www.cargonews.com.br\/wp-content\/uploads\/2018\/12\/Guilherme-Borin-Confirma-F&#xE1;cil-300&#215;300.jpg 300w, http:\/\/www.cargonews.com.br\/wp-content\/uploads\/2018\/12\/Guilherme-Borin-Confirma-F&#xE1;cil-150&#215;150.jpg 150w, http:\/\/www.cargonews.com.br\/wp-content\/uploads\/2018\/12\/Guilherme-Borin-Confirma-F&#xE1;cil-75&#215;75.jpg 75w, http:\/\/www.cargonews.com.br\/wp-content\/uploads\/2018\/12\/Guilherme-Borin-Confirma-F&#xE1;cil.jpg 640w&#8221; sizes=&#8221;(max-width: 300px) 100vw, 300px&#8221;\/><\/a>Guilherme Borin, gerente de Contas do Confirma F\u00e1cil, vai conduzir a apresenta\u00e7\u00e3o.<\/p>&nbsp;&nbsp;\n<p>AGENDA<\/p>\n<p>APRESENTA\u00c7\u00c3O DE RESULTADOS E NOVOS RECURSOS DA SOLU\u00c7\u00c3O CONFIRMA F\u00c1CIL<\/p>\n<p>Data: 12 de dezembro de 2018<\/p>\n<p>Hor\u00e1rio: das 9 \u00e0s 12 horas<\/p>\n<p>Local: Rua Carneiro da Cunha, 303 \u2013 Sa\u00fade \u2013 S\u00e3o Paulo, sede da GKO Inform\u00e1tica<\/p>\n<p>Inscreva-se gratuitamente atrav\u00e9s do e-mail eventocf@gko.com.br<\/p>\n","protected":false},"excerpt":{"rendered":"<p>A GKO Inform\u00e1tica, que desenvolve e d\u00e1 suporte \u00e0 implanta\u00e7\u00e3o de solu\u00e7\u00f5es de base tecnol\u00f3gica&#8230;<\/p>\n","protected":false},"author":1,"featured_media":0,"comment_status":"open","ping_status":"open","sticky":false,"template":"","format":"standard","meta":{"fifu_image_url":"","fifu_image_alt":"","footnotes":""},"categories":[8702],"tags":[9226],"class_list":["post-73123","post","type-post","status-publish","format-standard","hentry","category-logistica","tag-eventogko-informaticalogistica","wpcat-8702-id"],"_links":{"self":[{"href":"https:\/\/verde-amarelo.net\/verdeamarelo\/wp-json\/wp\/v2\/posts\/73123","targetHints":{"allow":["GET"]}}],"collection":[{"href":"https:\/\/verde-amarelo.net\/verdeamarelo\/wp-json\/wp\/v2\/posts"}],"about":[{"href":"https:\/\/verde-amarelo.net\/verdeamarelo\/wp-json\/wp\/v2\/types\/post"}],"author":[{"embeddable":true,"href":"https:\/\/verde-amarelo.net\/verdeamarelo\/wp-json\/wp\/v2\/users\/1"}],"replies":[{"embeddable":true,"href":"https:\/\/verde-amarelo.net\/verdeamarelo\/wp-json\/wp\/v2\/comments?post=73123"}],"version-history":[{"count":0,"href":"https:\/\/verde-amarelo.net\/verdeamarelo\/wp-json\/wp\/v2\/posts\/73123\/revisions"}],"wp:attachment":[{"href":"https:\/\/verde-amarelo.net\/verdeamarelo\/wp-json\/wp\/v2\/media?parent=73123"}],"wp:term":[{"taxonomy":"category","embeddable":true,"href":"https:\/\/verde-amarelo.net\/verdeamarelo\/wp-json\/wp\/v2\/categories?post=73123"},{"taxonomy":"post_tag","embeddable":true,"href":"https:\/\/verde-amarelo.net\/verdeamarelo\/wp-json\/wp\/v2\/tags?post=73123"}],"curies":[{"name":"wp","href":"https:\/\/api.w.org\/{rel}","templated":true}]}}