{"id":73124,"date":"2018-12-07T20:03:07","date_gmt":"2018-12-07T22:03:07","guid":{"rendered":"https:\/\/verde-amarelo.net\/verdeamarelo\/2018\/12\/furgao-sprinter-lidera-as-vendas-da-categoria-no-mercado-brasileiro-em-novembro\/"},"modified":"2018-12-07T20:03:07","modified_gmt":"2018-12-07T22:03:07","slug":"furgao-sprinter-lidera-as-vendas-da-categoria-no-mercado-brasileiro-em-novembro","status":"publish","type":"post","link":"https:\/\/verde-amarelo.net\/verdeamarelo\/2018\/12\/furgao-sprinter-lidera-as-vendas-da-categoria-no-mercado-brasileiro-em-novembro\/","title":{"rendered":"Furg\u00e3o Sprinter lidera as vendas da categoria no mercado brasileiro em novembro"},"content":{"rendered":"<div><img decoding=\"async\" src=\"data:image\/gif;base64,R0lGODlhAQABAIAAAAAAAP\/\/\/ywAAAAAAQABAAACAUwAOw==\" fifu-lazy=\"1\" fifu-data-sizes=\"auto\" fifu-data-srcset=\"https:\/\/i3.wp.com\/www.truckbrasil.com.br\/wp\/wp-content\/uploads\/2018\/12\/furgao-sprinter-lidera-as-vendas-da-categoria-no-mercado-brasileiro-em-novembro.jpg?ssl=1&w=75&resize=75&ssl=1 75w, https:\/\/i3.wp.com\/www.truckbrasil.com.br\/wp\/wp-content\/uploads\/2018\/12\/furgao-sprinter-lidera-as-vendas-da-categoria-no-mercado-brasileiro-em-novembro.jpg?ssl=1&w=100&resize=100&ssl=1 100w, https:\/\/i3.wp.com\/www.truckbrasil.com.br\/wp\/wp-content\/uploads\/2018\/12\/furgao-sprinter-lidera-as-vendas-da-categoria-no-mercado-brasileiro-em-novembro.jpg?ssl=1&w=150&resize=150&ssl=1 150w, https:\/\/i3.wp.com\/www.truckbrasil.com.br\/wp\/wp-content\/uploads\/2018\/12\/furgao-sprinter-lidera-as-vendas-da-categoria-no-mercado-brasileiro-em-novembro.jpg?ssl=1&w=240&resize=240&ssl=1 240w, https:\/\/i3.wp.com\/www.truckbrasil.com.br\/wp\/wp-content\/uploads\/2018\/12\/furgao-sprinter-lidera-as-vendas-da-categoria-no-mercado-brasileiro-em-novembro.jpg?ssl=1&w=320&resize=320&ssl=1 320w, https:\/\/i3.wp.com\/www.truckbrasil.com.br\/wp\/wp-content\/uploads\/2018\/12\/furgao-sprinter-lidera-as-vendas-da-categoria-no-mercado-brasileiro-em-novembro.jpg?ssl=1&w=500&resize=500&ssl=1 500w, https:\/\/i3.wp.com\/www.truckbrasil.com.br\/wp\/wp-content\/uploads\/2018\/12\/furgao-sprinter-lidera-as-vendas-da-categoria-no-mercado-brasileiro-em-novembro.jpg?ssl=1&w=640&resize=640&ssl=1 640w, https:\/\/i3.wp.com\/www.truckbrasil.com.br\/wp\/wp-content\/uploads\/2018\/12\/furgao-sprinter-lidera-as-vendas-da-categoria-no-mercado-brasileiro-em-novembro.jpg?ssl=1&w=800&resize=800&ssl=1 800w, https:\/\/i3.wp.com\/www.truckbrasil.com.br\/wp\/wp-content\/uploads\/2018\/12\/furgao-sprinter-lidera-as-vendas-da-categoria-no-mercado-brasileiro-em-novembro.jpg?ssl=1&w=1024&resize=1024&ssl=1 1024w, https:\/\/i3.wp.com\/www.truckbrasil.com.br\/wp\/wp-content\/uploads\/2018\/12\/furgao-sprinter-lidera-as-vendas-da-categoria-no-mercado-brasileiro-em-novembro.jpg?ssl=1&w=1280&resize=1280&ssl=1 1280w, https:\/\/i3.wp.com\/www.truckbrasil.com.br\/wp\/wp-content\/uploads\/2018\/12\/furgao-sprinter-lidera-as-vendas-da-categoria-no-mercado-brasileiro-em-novembro.jpg?ssl=1&w=1600&resize=1600&ssl=1 1600w\" fifu-data-src=\"https:\/\/i3.wp.com\/www.truckbrasil.com.br\/wp\/wp-content\/uploads\/2018\/12\/furgao-sprinter-lidera-as-vendas-da-categoria-no-mercado-brasileiro-em-novembro.jpg?ssl=1\" class=\"ff-og-image-inserted\"\/><\/div>\n<div readability=\"34\">\n<p>\u00b7 476 unidades de furg\u00f5es foram emplacadas em novembro, colocando a Mercedes-Benz na lideran\u00e7a com quase 40% de participa\u00e7\u00e3o<\/p>\n<\/div>\n<div readability=\"131\">\n<p>\u00b7 Vendas de furg\u00f5es Sprinter crescem 60% este ano, puxadas pela distribui\u00e7\u00e3o urbana, e-commerce e aplica\u00e7\u00e3o ambul\u00e2ncia<\/p>\n<p>\u00b7 Mercedes-Benz liderou as vendas de comerciais leves Sprinter em novembro, com emplacamento de 940 unidades<\/p>\n<p>Com a Linha Sprinter, a Mercedes-Benz foi a marca que mais vendeu furg\u00f5es no mercado brasileiro em novembro, no segmento de ve\u00edculos comerciais leves entre 3,5 a 5 t de PBT (Large Vans). Foram 476 unidades emplacadas no m\u00eas, o que colocou a marca na lideran\u00e7a, com quase 40% de participa\u00e7\u00e3o no total comercializado.<\/p>&nbsp;&nbsp;\n<p>\u201cAs vendas de furg\u00f5es Sprinter cresceram 60% este ano, no acumulado at\u00e9 novembro, com 3.455 unidades emplacadas, frente a 2.165 unidades do mesmo per\u00edodo de 2017\u201d, informa Jefferson Ferrarez, diretor de Vendas e Marketing Vans da Mercedes-Benz do Brasil. \u201cEsse expressivo crescimento de venda vem sendo puxado por atividades como distribui\u00e7\u00e3o urbana, e-commerce e aplica\u00e7\u00e3o ambul\u00e2ncia\u201d.<\/p>&nbsp;&nbsp;\n<p>De acordo com o executivo, o crescimento de vendas da Linha Sprinter tamb\u00e9m \u00e9 significativo nas demais categorias. \u201cCom 891 unidades emplacadas at\u00e9 novembro, a linha de chassis com cabina alcan\u00e7a um crescimento de vendas de aproximadamente 20%, tamb\u00e9m motivado por demandas da distribui\u00e7\u00e3o urbana e do e-commerce\u201d, ressalta Jefferson Ferrarez. \u201cJ\u00e1 em vans de passageiros, esse crescimento \u00e9 de 17%, com 3.000 unidades emplacadas, atendendo principalmente ao transporte executivo e turismo\u201d.<\/p>&nbsp;&nbsp;\n<p>Mercedes-Benz mant\u00e9m lideran\u00e7a<\/p>\n<p>As vendas totais da Linha Sprinter cresceram 34% no acumulado de janeiro a novembro deste ano. Nesse per\u00edodo, foram emplacadas 7.347 unidades no Pa\u00eds, frente a 5.482 unidades de 2017. Assim, a Mercedes-Benz permanece na lideran\u00e7a em Large Vans, com mais de 36% de participa\u00e7\u00e3o de mercado. Os estados de S\u00e3o Paulo, Paran\u00e1, Minas Gerais, Rio de Janeiro e Rio Grande do Sul seguem sendo os maiores compradores da linha Sprinter no Brasil em 2018.<\/p>&nbsp;&nbsp;\n<p>Com 60 vers\u00f5es \u00e0 escolha dos clientes, a linha Sprinter \u00e9 formada pelos modelos 313 CDI Street (Peso Bruto Total &#8211; PBT de 3,50 t), 415 CDI (PBT de 3,88 t) e 515 CDI (PBT de 5 t). Eles s\u00e3o indicados para empresas de transporte, profissionais aut\u00f4nomos e empreendedores.<\/p>&nbsp;&nbsp;\n<p>A Linha Sprinter se consolidou no Pa\u00eds como refer\u00eancia em qualidade, tecnologia, seguran\u00e7a, conforto, agilidade e excelente custo operacional. Al\u00e9m disso, tamb\u00e9m \u00e9 reconhecida por sua \u00f3tima rela\u00e7\u00e3o custo\/benef\u00edcio e valor de revenda. Com isso, os clientes t\u00eam \u00e0 disposi\u00e7\u00e3o um portf\u00f3lio de produtos com diversas vers\u00f5es para atender uma ampla diversidade de aplica\u00e7\u00f5es de transporte de cargas e de passageiros, o que refor\u00e7a a imagem da Sprinter como o ve\u00edculo mais desejado da categoria.<\/p>&nbsp;&nbsp;\n<p>A Mercedes-Benz e sua Rede de Concession\u00e1rios oferecem atendimento customizado aos clientes de comerciais leves, focado em um p\u00fablico-alvo cada vez mais exigente e profissional. Nesse sentido, a Rede conta hoje com o Van Center (estrutura totalmente dedicada para os modelos Sprinter e Vito, atualmente com sete pontos de atendimento: tr\u00eas no Rio de Janeiro, dois em Belo Horizonte, um em S\u00e3o Paulo e um em Curitiba) e Centros Especializados, al\u00e9m da comercializa\u00e7\u00e3o dessas linhas de produtos em todos os concession\u00e1rios de ve\u00edculos comerciais no Pa\u00eds.<\/p>&nbsp;&nbsp;\n<p>Por meio da Rede de Concession\u00e1rios, os clientes t\u00eam acesso a um amplo portf\u00f3lio de pe\u00e7as e servi\u00e7os, entre eles, os Planos de Manuten\u00e7\u00e3o do Mercedes-Benz Service Care, a Revis\u00e3o Declarada com Pre\u00e7o Fixo, o Mercedes Service 24 Horas, tr\u00eas linhas de pe\u00e7as (genu\u00ednas, remanufaturadas e Alliance), op\u00e7\u00f5es atrativas de financiamento oferecidas pelo Banco Mercedes-Benz e os planos do Cons\u00f3rcio Mercedes-Benz.<\/p>&nbsp;&nbsp;\n<\/div>\n","protected":false},"excerpt":{"rendered":"<p>\u00b7 476 unidades de furg\u00f5es foram emplacadas em novembro, colocando a Mercedes-Benz na lideran\u00e7a com&#8230;<\/p>\n","protected":false},"author":1,"featured_media":0,"comment_status":"open","ping_status":"open","sticky":false,"template":"","format":"standard","meta":{"fifu_image_url":"","fifu_image_alt":"","footnotes":""},"categories":[727],"tags":[1589],"class_list":["post-73124","post","type-post","status-publish","format-standard","hentry","category-noticias","tag-veiculos","wpcat-727-id"],"_links":{"self":[{"href":"https:\/\/verde-amarelo.net\/verdeamarelo\/wp-json\/wp\/v2\/posts\/73124","targetHints":{"allow":["GET"]}}],"collection":[{"href":"https:\/\/verde-amarelo.net\/verdeamarelo\/wp-json\/wp\/v2\/posts"}],"about":[{"href":"https:\/\/verde-amarelo.net\/verdeamarelo\/wp-json\/wp\/v2\/types\/post"}],"author":[{"embeddable":true,"href":"https:\/\/verde-amarelo.net\/verdeamarelo\/wp-json\/wp\/v2\/users\/1"}],"replies":[{"embeddable":true,"href":"https:\/\/verde-amarelo.net\/verdeamarelo\/wp-json\/wp\/v2\/comments?post=73124"}],"version-history":[{"count":0,"href":"https:\/\/verde-amarelo.net\/verdeamarelo\/wp-json\/wp\/v2\/posts\/73124\/revisions"}],"wp:attachment":[{"href":"https:\/\/verde-amarelo.net\/verdeamarelo\/wp-json\/wp\/v2\/media?parent=73124"}],"wp:term":[{"taxonomy":"category","embeddable":true,"href":"https:\/\/verde-amarelo.net\/verdeamarelo\/wp-json\/wp\/v2\/categories?post=73124"},{"taxonomy":"post_tag","embeddable":true,"href":"https:\/\/verde-amarelo.net\/verdeamarelo\/wp-json\/wp\/v2\/tags?post=73124"}],"curies":[{"name":"wp","href":"https:\/\/api.w.org\/{rel}","templated":true}]}}