{"id":73127,"date":"2018-12-07T15:26:13","date_gmt":"2018-12-07T17:26:13","guid":{"rendered":"https:\/\/verde-amarelo.net\/verdeamarelo\/2018\/12\/pge-decreta-ferroeste-dependente-do-estado\/"},"modified":"2018-12-07T15:26:13","modified_gmt":"2018-12-07T17:26:13","slug":"pge-decreta-ferroeste-dependente-do-estado","status":"publish","type":"post","link":"https:\/\/verde-amarelo.net\/verdeamarelo\/2018\/12\/pge-decreta-ferroeste-dependente-do-estado\/","title":{"rendered":"PGE decreta Ferroeste dependente do Estado"},"content":{"rendered":"<div><img decoding=\"async\" src=\"data:image\/gif;base64,R0lGODlhAQABAIAAAAAAAP\/\/\/ywAAAAAAQABAAACAUwAOw==\" fifu-lazy=\"1\" fifu-data-sizes=\"auto\" fifu-data-srcset=\"https:\/\/i2.wp.com\/www.truckbrasil.com.br\/wp\/wp-content\/uploads\/2018\/12\/pge-decreta-ferroeste-dependente-do-estado.jpg?ssl=1&w=75&resize=75&ssl=1 75w, https:\/\/i2.wp.com\/www.truckbrasil.com.br\/wp\/wp-content\/uploads\/2018\/12\/pge-decreta-ferroeste-dependente-do-estado.jpg?ssl=1&w=100&resize=100&ssl=1 100w, https:\/\/i2.wp.com\/www.truckbrasil.com.br\/wp\/wp-content\/uploads\/2018\/12\/pge-decreta-ferroeste-dependente-do-estado.jpg?ssl=1&w=150&resize=150&ssl=1 150w, https:\/\/i2.wp.com\/www.truckbrasil.com.br\/wp\/wp-content\/uploads\/2018\/12\/pge-decreta-ferroeste-dependente-do-estado.jpg?ssl=1&w=240&resize=240&ssl=1 240w, https:\/\/i2.wp.com\/www.truckbrasil.com.br\/wp\/wp-content\/uploads\/2018\/12\/pge-decreta-ferroeste-dependente-do-estado.jpg?ssl=1&w=320&resize=320&ssl=1 320w, https:\/\/i2.wp.com\/www.truckbrasil.com.br\/wp\/wp-content\/uploads\/2018\/12\/pge-decreta-ferroeste-dependente-do-estado.jpg?ssl=1&w=500&resize=500&ssl=1 500w, https:\/\/i2.wp.com\/www.truckbrasil.com.br\/wp\/wp-content\/uploads\/2018\/12\/pge-decreta-ferroeste-dependente-do-estado.jpg?ssl=1&w=640&resize=640&ssl=1 640w, https:\/\/i2.wp.com\/www.truckbrasil.com.br\/wp\/wp-content\/uploads\/2018\/12\/pge-decreta-ferroeste-dependente-do-estado.jpg?ssl=1&w=800&resize=800&ssl=1 800w, https:\/\/i2.wp.com\/www.truckbrasil.com.br\/wp\/wp-content\/uploads\/2018\/12\/pge-decreta-ferroeste-dependente-do-estado.jpg?ssl=1&w=1024&resize=1024&ssl=1 1024w, https:\/\/i2.wp.com\/www.truckbrasil.com.br\/wp\/wp-content\/uploads\/2018\/12\/pge-decreta-ferroeste-dependente-do-estado.jpg?ssl=1&w=1280&resize=1280&ssl=1 1280w, https:\/\/i2.wp.com\/www.truckbrasil.com.br\/wp\/wp-content\/uploads\/2018\/12\/pge-decreta-ferroeste-dependente-do-estado.jpg?ssl=1&w=1600&resize=1600&ssl=1 1600w\" fifu-data-src=\"https:\/\/i2.wp.com\/www.truckbrasil.com.br\/wp\/wp-content\/uploads\/2018\/12\/pge-decreta-ferroeste-dependente-do-estado.jpg?ssl=1\" class=\"ff-og-image-inserted\"\/><\/div>\n<p>Curitiba \u2013 Diante das limita\u00e7\u00f5es or\u00e7ament\u00e1rias e que geram as dificuldades para injetar recursos na estrutura, a Ferroeste \u2013 empresa de capital misto, mas que est\u00e1 em mais de 99,78% nas m\u00e3os do Estado do Paran\u00e1 \u2013 tem encontrado dificuldades em fazer investimentos para expans\u00e3o de transporte e amplia\u00e7\u00e3o da estrutura e aumentar assim a capacidade de escoamento. Desta forma, ap\u00f3s uma longa negocia\u00e7\u00e3o com a PGE (Procuradoria-Geral do<br \/>Estado), a ferrovia acaba de ser decretada dependente do Estado.<br \/>Na teoria, segundo o presidente Ricardo Soares Martins, isso pode soar negativo, \u201cmas na pr\u00e1tica ser\u00e1 extremamente positivo e vantajoso\u201d.<br \/>O decreto, que ainda n\u00e3o foi apresentado aos conselheiros, entra em vigor a partir de 1\u00ba de janeiro de 2019 e, assim, o Estado passa a operar como uma esp\u00e9cie de s\u00f3cio que poder\u00e1 injetar recursos.<br \/>E se os recursos vierem em 2019, na ordem de R$ 4 milh\u00f5es a R$ 5 milh\u00f5es, j\u00e1 ser\u00e1 poss\u00edvel saltar de um escoamento de 800 mil toneladas no trecho de 250 quil\u00f4metros entre Cascavel e Guarapuava para 1,6 milh\u00e3o de toneladas, ou seja, vai dobrar a produ\u00e7\u00e3o j\u00e1 no pr\u00f3ximo ano.<br \/>A ideia \u00e9 de que os investimentos gradativos \u2013 hoje limitados e sem capacidade de operacionaliza\u00e7\u00e3o pela ferrovia por si s\u00f3 \u2013 poder\u00e3o elevar nos pr\u00f3ximos anos o transporte para 5 milh\u00f5es de toneladas por ano, e isso com investimentos que nem cheguem a R$ 19 milh\u00f5es.<br \/>A capacidade de transporte pelos trilhos \u00e9 hoje de 10 milh\u00f5es de toneladas por ano, mas nem 10% disso \u00e9 transportado justamente pela falta de infraestrutura e investimentos adequados. \u201cCom essa condi\u00e7\u00e3o [de dependente do Estado], tenho a convic\u00e7\u00e3o de que em um ou dois anos muda a vida da Ferroeste. Novos investimentos representam um novo g\u00e1s\u201d, considera o presidente.<br \/>Essa tamb\u00e9m se apresenta como uma forma de n\u00e3o depender \u00fanica e exclusivamente da economia mista, que hoje det\u00e9m apenas 0,28% da estrutura, com cerca de 40 pessoas que n\u00e3o teriam ampla capacidade de inje\u00e7\u00e3o de recursos para fazer frente \u00e0s melhorias necess\u00e1rias.<\/p>&nbsp;&nbsp;\n<p>Fonte: O Paran\u00e1<br \/>Data: 06\/12\/2018<\/p>\n","protected":false},"excerpt":{"rendered":"<p>Curitiba \u2013 Diante das limita\u00e7\u00f5es or\u00e7ament\u00e1rias e que geram as dificuldades para injetar recursos na&#8230;<\/p>\n","protected":false},"author":1,"featured_media":0,"comment_status":"open","ping_status":"open","sticky":false,"template":"","format":"standard","meta":{"fifu_image_url":"","fifu_image_alt":"","footnotes":""},"categories":[8702],"tags":[8975],"class_list":["post-73127","post","type-post","status-publish","format-standard","hentry","category-logistica","tag-noticias-de-mercado","wpcat-8702-id"],"_links":{"self":[{"href":"https:\/\/verde-amarelo.net\/verdeamarelo\/wp-json\/wp\/v2\/posts\/73127","targetHints":{"allow":["GET"]}}],"collection":[{"href":"https:\/\/verde-amarelo.net\/verdeamarelo\/wp-json\/wp\/v2\/posts"}],"about":[{"href":"https:\/\/verde-amarelo.net\/verdeamarelo\/wp-json\/wp\/v2\/types\/post"}],"author":[{"embeddable":true,"href":"https:\/\/verde-amarelo.net\/verdeamarelo\/wp-json\/wp\/v2\/users\/1"}],"replies":[{"embeddable":true,"href":"https:\/\/verde-amarelo.net\/verdeamarelo\/wp-json\/wp\/v2\/comments?post=73127"}],"version-history":[{"count":0,"href":"https:\/\/verde-amarelo.net\/verdeamarelo\/wp-json\/wp\/v2\/posts\/73127\/revisions"}],"wp:attachment":[{"href":"https:\/\/verde-amarelo.net\/verdeamarelo\/wp-json\/wp\/v2\/media?parent=73127"}],"wp:term":[{"taxonomy":"category","embeddable":true,"href":"https:\/\/verde-amarelo.net\/verdeamarelo\/wp-json\/wp\/v2\/categories?post=73127"},{"taxonomy":"post_tag","embeddable":true,"href":"https:\/\/verde-amarelo.net\/verdeamarelo\/wp-json\/wp\/v2\/tags?post=73127"}],"curies":[{"name":"wp","href":"https:\/\/api.w.org\/{rel}","templated":true}]}}