{"id":73129,"date":"2018-12-07T20:32:04","date_gmt":"2018-12-07T22:32:04","guid":{"rendered":"https:\/\/verde-amarelo.net\/verdeamarelo\/2018\/12\/actros-e-axor-correspondem-a-23-das-vendas-totais-de-extrapesados-no-mercado-brasileiro\/"},"modified":"2018-12-07T20:32:04","modified_gmt":"2018-12-07T22:32:04","slug":"actros-e-axor-correspondem-a-23-das-vendas-totais-de-extrapesados-no-mercado-brasileiro","status":"publish","type":"post","link":"https:\/\/verde-amarelo.net\/verdeamarelo\/2018\/12\/actros-e-axor-correspondem-a-23-das-vendas-totais-de-extrapesados-no-mercado-brasileiro\/","title":{"rendered":"Actros e Axor correspondem a 23% das vendas totais de extrapesados no mercado brasileiro"},"content":{"rendered":"<div><img decoding=\"async\" src=\"data:image\/gif;base64,R0lGODlhAQABAIAAAAAAAP\/\/\/ywAAAAAAQABAAACAUwAOw==\" fifu-lazy=\"1\" fifu-data-sizes=\"auto\" fifu-data-srcset=\"https:\/\/i1.wp.com\/www.truckbrasil.com.br\/wp\/wp-content\/uploads\/2018\/12\/actros-e-axor-correspondem-a-23-das-vendas-totais-de-extrapesados-no-mercado-brasileiro.jpg?ssl=1&w=75&resize=75&ssl=1 75w, https:\/\/i1.wp.com\/www.truckbrasil.com.br\/wp\/wp-content\/uploads\/2018\/12\/actros-e-axor-correspondem-a-23-das-vendas-totais-de-extrapesados-no-mercado-brasileiro.jpg?ssl=1&w=100&resize=100&ssl=1 100w, https:\/\/i1.wp.com\/www.truckbrasil.com.br\/wp\/wp-content\/uploads\/2018\/12\/actros-e-axor-correspondem-a-23-das-vendas-totais-de-extrapesados-no-mercado-brasileiro.jpg?ssl=1&w=150&resize=150&ssl=1 150w, https:\/\/i1.wp.com\/www.truckbrasil.com.br\/wp\/wp-content\/uploads\/2018\/12\/actros-e-axor-correspondem-a-23-das-vendas-totais-de-extrapesados-no-mercado-brasileiro.jpg?ssl=1&w=240&resize=240&ssl=1 240w, https:\/\/i1.wp.com\/www.truckbrasil.com.br\/wp\/wp-content\/uploads\/2018\/12\/actros-e-axor-correspondem-a-23-das-vendas-totais-de-extrapesados-no-mercado-brasileiro.jpg?ssl=1&w=320&resize=320&ssl=1 320w, https:\/\/i1.wp.com\/www.truckbrasil.com.br\/wp\/wp-content\/uploads\/2018\/12\/actros-e-axor-correspondem-a-23-das-vendas-totais-de-extrapesados-no-mercado-brasileiro.jpg?ssl=1&w=500&resize=500&ssl=1 500w, https:\/\/i1.wp.com\/www.truckbrasil.com.br\/wp\/wp-content\/uploads\/2018\/12\/actros-e-axor-correspondem-a-23-das-vendas-totais-de-extrapesados-no-mercado-brasileiro.jpg?ssl=1&w=640&resize=640&ssl=1 640w, https:\/\/i1.wp.com\/www.truckbrasil.com.br\/wp\/wp-content\/uploads\/2018\/12\/actros-e-axor-correspondem-a-23-das-vendas-totais-de-extrapesados-no-mercado-brasileiro.jpg?ssl=1&w=800&resize=800&ssl=1 800w, https:\/\/i1.wp.com\/www.truckbrasil.com.br\/wp\/wp-content\/uploads\/2018\/12\/actros-e-axor-correspondem-a-23-das-vendas-totais-de-extrapesados-no-mercado-brasileiro.jpg?ssl=1&w=1024&resize=1024&ssl=1 1024w, https:\/\/i1.wp.com\/www.truckbrasil.com.br\/wp\/wp-content\/uploads\/2018\/12\/actros-e-axor-correspondem-a-23-das-vendas-totais-de-extrapesados-no-mercado-brasileiro.jpg?ssl=1&w=1280&resize=1280&ssl=1 1280w, https:\/\/i1.wp.com\/www.truckbrasil.com.br\/wp\/wp-content\/uploads\/2018\/12\/actros-e-axor-correspondem-a-23-das-vendas-totais-de-extrapesados-no-mercado-brasileiro.jpg?ssl=1&w=1600&resize=1600&ssl=1 1600w\" fifu-data-src=\"https:\/\/i1.wp.com\/www.truckbrasil.com.br\/wp\/wp-content\/uploads\/2018\/12\/actros-e-axor-correspondem-a-23-das-vendas-totais-de-extrapesados-no-mercado-brasileiro.jpg?ssl=1\" class=\"ff-og-image-inserted\"\/><\/div>\n<div readability=\"36\">\n<p>\u00b7 Renova\u00e7\u00f5es de frota no agroneg\u00f3cio, transporte de combust\u00edveis, log\u00edstica, minera\u00e7\u00e3o e varejo puxam as vendas de extrapesados este ano<\/p>\n<\/div>\n<div readability=\"108\">\n<p>\u00b7 Volume de 7.744 extrapesados Actros e Axor emplacados at\u00e9 novembro, representam 43% das vendas totais de caminh\u00f5es da marca no Pa\u00eds<\/p>\n<p>\u00b7 Mercedes-Benz lidera o segmento de caminh\u00f5es, com 27,8% de participa\u00e7\u00e3o de mercado e 17.966 unidades emplacadas<\/p>\n<p>A Mercedes-Benz emplacou 7.744 caminh\u00f5es extrapesados das linhas Actros e Axor no Brasil em 2018, considerando o volume acumulado entre os meses de janeiro a novembro. S\u00e3o 4.094 unidades do Actros (216% de crescimento nas vendas em rela\u00e7\u00e3o ao mesmo per\u00edodo do ano passado) e 3.650 unidades do Axor (73% a mais).<\/p>&nbsp;&nbsp;\n<p>\u201cJuntos, o Actros e o Axor correspondem por 23% das vendas totais de extrapesados no Brasil em 2018, levando em conta todas as marcas\u201d, diz Roberto Leoncini, vice-presidente de Vendas e Marketing Caminh\u00f5es e \u00d4nibus da Mercedes-Benz do Brasil. \u201cEsse volume de emplacamentos tamb\u00e9m representa 43% das vendas de todos os caminh\u00f5es da nossa marca no Pa\u00eds, dos leves aos extrapesados, que chegou a 17.966 unidades at\u00e9 novembro\u201d.<\/p>&nbsp;&nbsp;\n<p>De acordo com o executivo, as vendas de extrapesados est\u00e3o sendo puxadas pelas renova\u00e7\u00f5es de frotas nos setores do agroneg\u00f3cio, como transporte de gr\u00e3os e de cana-de-a\u00e7\u00facar, al\u00e9m da log\u00edstica, transporte de combust\u00edveis, minera\u00e7\u00e3o e varejo.<\/p>&nbsp;&nbsp;\n<p>\u201cA venda de extrapesados \u00e9 a que mais reflete o aquecimento da atividade econ\u00f4mica no Pa\u00eds\u201d, ressalta Leoncini. \u201cPor isso, o expressivo crescimento de participa\u00e7\u00e3o do Actros e do Axor no mercado brasileiro aumenta nossa confian\u00e7a na retomada do desenvolvimento, gerando oportunidades para todos\u201d.<\/p>&nbsp;&nbsp;\n<p>Lideran\u00e7a nas vendas de caminh\u00f5es, com clientes renovando frotas<\/p>\n<p>A Mercedes-Benz lidera as vendas de caminh\u00f5es no Brasil este ano. No acumulado de janeiro a novembro, foram emplacadas 17.966 unidades, com a marca chegando a 27,8% de market share. O volume de vendas de 2018, at\u00e9 novembro, \u00e9 51% superior ao mesmo per\u00edodo de 2017, quando foram emplacados 11.883 caminh\u00f5es Mercedes-Benz no Pa\u00eds.<\/p>&nbsp;&nbsp;\n<p>Al\u00e9m do agroneg\u00f3cio, log\u00edstica, transporte de combust\u00edveis, minera\u00e7\u00e3o e varejo, outras atividades v\u00eam impulsionando as vendas de caminh\u00f5es no ano, como transporte de bebidas e produtos frigorificados, principalmente nos segmentos de leves e m\u00e9dios.<\/p>&nbsp;&nbsp;\n<p>Nesse contexto, em 2018, grandes empresas do transporte de cargas renovaram suas frotas com caminh\u00f5es Mercedes-Benz. Entre elas: Ambev (228 Actros e Atego para distribui\u00e7\u00e3o de bebidas), Transpanorama (222 caminh\u00f5es Axor e Atego para presta\u00e7\u00e3o de servi\u00e7os ao Correios), Ouro Verde (140 Axor para produ\u00e7\u00e3o de cana-de-a\u00e7\u00facar e etanol) e Braspress (57 caminh\u00f5es Mercedes-Benz, sendo 7 Axor 2041; 40 Axor 1933 e 10 Atego 1419), al\u00e9m de 250 caminh\u00f5es para o segmento cegonheiro (200 Axor e 50 Actros).<\/p>&nbsp;&nbsp;\n<\/div>\n","protected":false},"excerpt":{"rendered":"<p>\u00b7 Renova\u00e7\u00f5es de frota no agroneg\u00f3cio, transporte de combust\u00edveis, log\u00edstica, minera\u00e7\u00e3o e varejo puxam as&#8230;<\/p>\n","protected":false},"author":1,"featured_media":0,"comment_status":"open","ping_status":"open","sticky":false,"template":"","format":"standard","meta":{"fifu_image_url":"","fifu_image_alt":"","footnotes":""},"categories":[727],"tags":[1589],"class_list":["post-73129","post","type-post","status-publish","format-standard","hentry","category-noticias","tag-veiculos","wpcat-727-id"],"_links":{"self":[{"href":"https:\/\/verde-amarelo.net\/verdeamarelo\/wp-json\/wp\/v2\/posts\/73129","targetHints":{"allow":["GET"]}}],"collection":[{"href":"https:\/\/verde-amarelo.net\/verdeamarelo\/wp-json\/wp\/v2\/posts"}],"about":[{"href":"https:\/\/verde-amarelo.net\/verdeamarelo\/wp-json\/wp\/v2\/types\/post"}],"author":[{"embeddable":true,"href":"https:\/\/verde-amarelo.net\/verdeamarelo\/wp-json\/wp\/v2\/users\/1"}],"replies":[{"embeddable":true,"href":"https:\/\/verde-amarelo.net\/verdeamarelo\/wp-json\/wp\/v2\/comments?post=73129"}],"version-history":[{"count":0,"href":"https:\/\/verde-amarelo.net\/verdeamarelo\/wp-json\/wp\/v2\/posts\/73129\/revisions"}],"wp:attachment":[{"href":"https:\/\/verde-amarelo.net\/verdeamarelo\/wp-json\/wp\/v2\/media?parent=73129"}],"wp:term":[{"taxonomy":"category","embeddable":true,"href":"https:\/\/verde-amarelo.net\/verdeamarelo\/wp-json\/wp\/v2\/categories?post=73129"},{"taxonomy":"post_tag","embeddable":true,"href":"https:\/\/verde-amarelo.net\/verdeamarelo\/wp-json\/wp\/v2\/tags?post=73129"}],"curies":[{"name":"wp","href":"https:\/\/api.w.org\/{rel}","templated":true}]}}