{"id":73130,"date":"2018-12-07T16:55:21","date_gmt":"2018-12-07T18:55:21","guid":{"rendered":"https:\/\/verde-amarelo.net\/verdeamarelo\/2018\/12\/guarulhos-lanca-15-onibus-iluminados-para-o-natal\/"},"modified":"2018-12-07T16:55:21","modified_gmt":"2018-12-07T18:55:21","slug":"guarulhos-lanca-15-onibus-iluminados-para-o-natal","status":"publish","type":"post","link":"https:\/\/verde-amarelo.net\/verdeamarelo\/2018\/12\/guarulhos-lanca-15-onibus-iluminados-para-o-natal\/","title":{"rendered":"Guarulhos lan\u00e7a 15 \u00f4nibus iluminados para o Natal"},"content":{"rendered":"<header>\n<\/header>\n<div class=\"itemBody\" readability=\"39.5\">\n<div class=\"itemIntroText\" readability=\"39\">\n<p>Neste s\u00e1bado, 8 de dezembro, acontece o lan\u00e7amento oficial dos \u00f4nibus iluminados que v\u00e3o circular pelas ruas de Guarulhos para deix\u00e1-las regadas com o esp\u00edrito natalino. Em parceria com a Prefeitura da cidade, a Guarupass produziu a decora\u00e7\u00e3o tem\u00e1tica de 15 \u00f4nibus da frota, dois deles articulados.<\/p>&nbsp;&nbsp;\n<\/div>\n<div class=\"itemFullText\" readability=\"40\">\n<p>O evento acontece a partir das 20h em frente ao Bosque Maia e tamb\u00e9m integra as comemora\u00e7\u00f5es do anivers\u00e1rio de 458 anos de Guarulhos. Para celebrar a data e o in\u00edcio da circula\u00e7\u00e3o dos \u00f4nibus, estar\u00e3o presentes na ocasi\u00e3o o o prefeito Guti, o diretor executivo da Guarupass, M\u00e1rcio Pacheco, e o secret\u00e1rio de Transporte e Mobilidade Urbana, Giuliano Locanto.<\/p>&nbsp;&nbsp;\n<\/div>\n<p align=\"center\"><a title=\"SEO LINK SEGS\" target=\"_blank\" rel=\"SEGS noopener\" href=\"https:\/\/www.segs.com.br\/component\/chronoforms5\/?chronoform=seo-link\"><img decoding=\"async\" src=\"data:image\/gif;base64,R0lGODlhAQABAIAAAAAAAP\/\/\/ywAAAAAAQABAAACAUwAOw==\" fifu-lazy=\"1\" fifu-data-sizes=\"auto\" fifu-data-srcset=\"https:\/\/i3.wp.com\/www.truckbrasil.com.br\/wp\/wp-content\/uploads\/2018\/12\/guarulhos-lanca-15-onibus-iluminados-para-o-natal.jpg?ssl=1&w=75&resize=75&ssl=1 75w, https:\/\/i3.wp.com\/www.truckbrasil.com.br\/wp\/wp-content\/uploads\/2018\/12\/guarulhos-lanca-15-onibus-iluminados-para-o-natal.jpg?ssl=1&w=100&resize=100&ssl=1 100w, https:\/\/i3.wp.com\/www.truckbrasil.com.br\/wp\/wp-content\/uploads\/2018\/12\/guarulhos-lanca-15-onibus-iluminados-para-o-natal.jpg?ssl=1&w=150&resize=150&ssl=1 150w, https:\/\/i3.wp.com\/www.truckbrasil.com.br\/wp\/wp-content\/uploads\/2018\/12\/guarulhos-lanca-15-onibus-iluminados-para-o-natal.jpg?ssl=1&w=240&resize=240&ssl=1 240w, https:\/\/i3.wp.com\/www.truckbrasil.com.br\/wp\/wp-content\/uploads\/2018\/12\/guarulhos-lanca-15-onibus-iluminados-para-o-natal.jpg?ssl=1&w=320&resize=320&ssl=1 320w, https:\/\/i3.wp.com\/www.truckbrasil.com.br\/wp\/wp-content\/uploads\/2018\/12\/guarulhos-lanca-15-onibus-iluminados-para-o-natal.jpg?ssl=1&w=500&resize=500&ssl=1 500w, https:\/\/i3.wp.com\/www.truckbrasil.com.br\/wp\/wp-content\/uploads\/2018\/12\/guarulhos-lanca-15-onibus-iluminados-para-o-natal.jpg?ssl=1&w=640&resize=640&ssl=1 640w, https:\/\/i3.wp.com\/www.truckbrasil.com.br\/wp\/wp-content\/uploads\/2018\/12\/guarulhos-lanca-15-onibus-iluminados-para-o-natal.jpg?ssl=1&w=800&resize=800&ssl=1 800w, https:\/\/i3.wp.com\/www.truckbrasil.com.br\/wp\/wp-content\/uploads\/2018\/12\/guarulhos-lanca-15-onibus-iluminados-para-o-natal.jpg?ssl=1&w=1024&resize=1024&ssl=1 1024w, https:\/\/i3.wp.com\/www.truckbrasil.com.br\/wp\/wp-content\/uploads\/2018\/12\/guarulhos-lanca-15-onibus-iluminados-para-o-natal.jpg?ssl=1&w=1280&resize=1280&ssl=1 1280w, https:\/\/i3.wp.com\/www.truckbrasil.com.br\/wp\/wp-content\/uploads\/2018\/12\/guarulhos-lanca-15-onibus-iluminados-para-o-natal.jpg?ssl=1&w=1600&resize=1600&ssl=1 1600w\" title=\"Publicidade Aqui\" fifu-data-src=\"https:\/\/i3.wp.com\/www.truckbrasil.com.br\/wp\/wp-content\/uploads\/2018\/12\/guarulhos-lanca-15-onibus-iluminados-para-o-natal.jpg?ssl=1\" alt=\"Publicidade\" width=\"900\" height=\"100\" class=\"lazy-loaded\"\/><\/a><\/p>\n<\/div>\n<p>Compartilhar:: <br \/><span>Participe do GRUPO SEGS &#8211; PORTAL NACIONAL no FACEBOOK&#8230;:<span class=\"Apple-converted-space\">\u00a0<\/span><\/span><a title=\"GRUPO SEGS \" target=\"_blank\" rel=\"alternate noopener\" href=\"https:\/\/www.facebook.com\/groups\/portalnacional\/\"><span>https:\/\/www.facebook.com\/groups\/portalnacional\/<\/span><\/a><\/p>\n<p align=\"center\"><img decoding=\"async\" src=\"data:image\/gif;base64,R0lGODlhAQABAIAAAAAAAP\/\/\/ywAAAAAAQABAAACAUwAOw==\" fifu-lazy=\"1\" fifu-data-sizes=\"auto\" fifu-data-srcset=\"https:\/\/i2.wp.com\/www.truckbrasil.com.br\/wp\/wp-content\/uploads\/2018\/12\/guarulhos-lanca-15-onibus-iluminados-para-o-natal.png?ssl=1&w=75&resize=75&ssl=1 75w, https:\/\/i2.wp.com\/www.truckbrasil.com.br\/wp\/wp-content\/uploads\/2018\/12\/guarulhos-lanca-15-onibus-iluminados-para-o-natal.png?ssl=1&w=100&resize=100&ssl=1 100w, https:\/\/i2.wp.com\/www.truckbrasil.com.br\/wp\/wp-content\/uploads\/2018\/12\/guarulhos-lanca-15-onibus-iluminados-para-o-natal.png?ssl=1&w=150&resize=150&ssl=1 150w, https:\/\/i2.wp.com\/www.truckbrasil.com.br\/wp\/wp-content\/uploads\/2018\/12\/guarulhos-lanca-15-onibus-iluminados-para-o-natal.png?ssl=1&w=240&resize=240&ssl=1 240w, https:\/\/i2.wp.com\/www.truckbrasil.com.br\/wp\/wp-content\/uploads\/2018\/12\/guarulhos-lanca-15-onibus-iluminados-para-o-natal.png?ssl=1&w=320&resize=320&ssl=1 320w, https:\/\/i2.wp.com\/www.truckbrasil.com.br\/wp\/wp-content\/uploads\/2018\/12\/guarulhos-lanca-15-onibus-iluminados-para-o-natal.png?ssl=1&w=500&resize=500&ssl=1 500w, https:\/\/i2.wp.com\/www.truckbrasil.com.br\/wp\/wp-content\/uploads\/2018\/12\/guarulhos-lanca-15-onibus-iluminados-para-o-natal.png?ssl=1&w=640&resize=640&ssl=1 640w, https:\/\/i2.wp.com\/www.truckbrasil.com.br\/wp\/wp-content\/uploads\/2018\/12\/guarulhos-lanca-15-onibus-iluminados-para-o-natal.png?ssl=1&w=800&resize=800&ssl=1 800w, https:\/\/i2.wp.com\/www.truckbrasil.com.br\/wp\/wp-content\/uploads\/2018\/12\/guarulhos-lanca-15-onibus-iluminados-para-o-natal.png?ssl=1&w=1024&resize=1024&ssl=1 1024w, https:\/\/i2.wp.com\/www.truckbrasil.com.br\/wp\/wp-content\/uploads\/2018\/12\/guarulhos-lanca-15-onibus-iluminados-para-o-natal.png?ssl=1&w=1280&resize=1280&ssl=1 1280w, https:\/\/i2.wp.com\/www.truckbrasil.com.br\/wp\/wp-content\/uploads\/2018\/12\/guarulhos-lanca-15-onibus-iluminados-para-o-natal.png?ssl=1&w=1600&resize=1600&ssl=1 1600w\" border=\"0\" fifu-data-src=\"https:\/\/i2.wp.com\/www.truckbrasil.com.br\/wp\/wp-content\/uploads\/2018\/12\/guarulhos-lanca-15-onibus-iluminados-para-o-natal.png?ssl=1\" width=\"280\" height=\"14\" alt=\"Separador\"\/><br \/><span><span>IMPORTANTE<\/span><\/span><span><span><span><strong>.:<\/strong><\/span> <span>Voce pode replicar este artigo. desde que respeite a Autoria integralmente e a Fonte&#8230;\u00a0<\/span><\/span> <span><a target=\"_blank\" href=\"https:\/\/www.segs.com.br\" rel=\"noopener\"><span>www.segs.com.br<\/span><\/a><\/span><\/span><span><span><br \/><\/span><img decoding=\"async\" src=\"data:image\/gif;base64,R0lGODlhAQABAIAAAAAAAP\/\/\/ywAAAAAAQABAAACAUwAOw==\" fifu-lazy=\"1\" fifu-data-sizes=\"auto\" fifu-data-srcset=\"https:\/\/i2.wp.com\/www.truckbrasil.com.br\/wp\/wp-content\/uploads\/2018\/12\/guarulhos-lanca-15-onibus-iluminados-para-o-natal.png?ssl=1&w=75&resize=75&ssl=1 75w, https:\/\/i2.wp.com\/www.truckbrasil.com.br\/wp\/wp-content\/uploads\/2018\/12\/guarulhos-lanca-15-onibus-iluminados-para-o-natal.png?ssl=1&w=100&resize=100&ssl=1 100w, https:\/\/i2.wp.com\/www.truckbrasil.com.br\/wp\/wp-content\/uploads\/2018\/12\/guarulhos-lanca-15-onibus-iluminados-para-o-natal.png?ssl=1&w=150&resize=150&ssl=1 150w, https:\/\/i2.wp.com\/www.truckbrasil.com.br\/wp\/wp-content\/uploads\/2018\/12\/guarulhos-lanca-15-onibus-iluminados-para-o-natal.png?ssl=1&w=240&resize=240&ssl=1 240w, https:\/\/i2.wp.com\/www.truckbrasil.com.br\/wp\/wp-content\/uploads\/2018\/12\/guarulhos-lanca-15-onibus-iluminados-para-o-natal.png?ssl=1&w=320&resize=320&ssl=1 320w, https:\/\/i2.wp.com\/www.truckbrasil.com.br\/wp\/wp-content\/uploads\/2018\/12\/guarulhos-lanca-15-onibus-iluminados-para-o-natal.png?ssl=1&w=500&resize=500&ssl=1 500w, https:\/\/i2.wp.com\/www.truckbrasil.com.br\/wp\/wp-content\/uploads\/2018\/12\/guarulhos-lanca-15-onibus-iluminados-para-o-natal.png?ssl=1&w=640&resize=640&ssl=1 640w, https:\/\/i2.wp.com\/www.truckbrasil.com.br\/wp\/wp-content\/uploads\/2018\/12\/guarulhos-lanca-15-onibus-iluminados-para-o-natal.png?ssl=1&w=800&resize=800&ssl=1 800w, https:\/\/i2.wp.com\/www.truckbrasil.com.br\/wp\/wp-content\/uploads\/2018\/12\/guarulhos-lanca-15-onibus-iluminados-para-o-natal.png?ssl=1&w=1024&resize=1024&ssl=1 1024w, https:\/\/i2.wp.com\/www.truckbrasil.com.br\/wp\/wp-content\/uploads\/2018\/12\/guarulhos-lanca-15-onibus-iluminados-para-o-natal.png?ssl=1&w=1280&resize=1280&ssl=1 1280w, https:\/\/i2.wp.com\/www.truckbrasil.com.br\/wp\/wp-content\/uploads\/2018\/12\/guarulhos-lanca-15-onibus-iluminados-para-o-natal.png?ssl=1&w=1600&resize=1600&ssl=1 1600w\" border=\"0\" fifu-data-src=\"https:\/\/i2.wp.com\/www.truckbrasil.com.br\/wp\/wp-content\/uploads\/2018\/12\/guarulhos-lanca-15-onibus-iluminados-para-o-natal.png?ssl=1\" width=\"280\" height=\"14\" alt=\"Separador\"\/><br \/><span>No Segs, sempre todos tem seu direito de resposta, basta nos contatar que voce sera atendido.<span><span class=\"Apple-converted-space\">\u00a0<\/span>&#8211; Importante sobre Autoria ou Fonte<\/span><span class=\"smarterwiki-linkify\">..: &#8211; O Segs atua como intermediario na divulgacao de resumos de noticias (Clipping), atraves de materias, artigos, entrevistas e opinioes. &#8211; O conteudo aqui divulgado de forma gratuita, decorrem de informacoes advindas das fontes mencionadas, jamais cabera a responsabilidade pelo seu conteudo ao Segs, tudo que e divulgado e de exclusiva responsabilidade do autor e ou da fonte redatora. &#8211; &#8220;Acredito que a palavra existe para ser usada em favor do bem. E a inteligencia para nos permitir interpretar os fatos, sem paixao&#8221;. (Autoria de Lucio Araujo da Cunha) &#8211; O Segs, jamais assumira responsabilidade pelo teor, exatidao ou veracidade do conteudo do material divulgado. pois trata-se de uma opiniao exclusiva do autor ou fonte mencionada. &#8211; Em caso de controversia, as partes elegem o Foro da Comarca de Santos-SP-Brasil, local oficial da empresa proprietaria do Segs e desde ja renunciam expressamente qualquer outro Foro, por mais privilegiado que seja. O Segs trata-se de uma Ferramenta totalmente automatizada e controlada por IP. &#8211; &#8220;Leia e use esta ferramenta, somente se concordar com todos os<\/span><\/span><span><span class=\"Apple-converted-space\">\u00a0<\/span><a target=\"_blank\" href=\"https:\/\/www.segs.com.br\/home\/termos-de-uso\" rel=\"noopener\">TERMOS E CONDICOES DE USO&#8221;<\/a>.<br \/><\/span><img decoding=\"async\" src=\"data:image\/gif;base64,R0lGODlhAQABAIAAAAAAAP\/\/\/ywAAAAAAQABAAACAUwAOw==\" fifu-lazy=\"1\" fifu-data-sizes=\"auto\" fifu-data-srcset=\"https:\/\/i2.wp.com\/www.truckbrasil.com.br\/wp\/wp-content\/uploads\/2018\/12\/guarulhos-lanca-15-onibus-iluminados-para-o-natal.png?ssl=1&w=75&resize=75&ssl=1 75w, https:\/\/i2.wp.com\/www.truckbrasil.com.br\/wp\/wp-content\/uploads\/2018\/12\/guarulhos-lanca-15-onibus-iluminados-para-o-natal.png?ssl=1&w=100&resize=100&ssl=1 100w, https:\/\/i2.wp.com\/www.truckbrasil.com.br\/wp\/wp-content\/uploads\/2018\/12\/guarulhos-lanca-15-onibus-iluminados-para-o-natal.png?ssl=1&w=150&resize=150&ssl=1 150w, https:\/\/i2.wp.com\/www.truckbrasil.com.br\/wp\/wp-content\/uploads\/2018\/12\/guarulhos-lanca-15-onibus-iluminados-para-o-natal.png?ssl=1&w=240&resize=240&ssl=1 240w, https:\/\/i2.wp.com\/www.truckbrasil.com.br\/wp\/wp-content\/uploads\/2018\/12\/guarulhos-lanca-15-onibus-iluminados-para-o-natal.png?ssl=1&w=320&resize=320&ssl=1 320w, https:\/\/i2.wp.com\/www.truckbrasil.com.br\/wp\/wp-content\/uploads\/2018\/12\/guarulhos-lanca-15-onibus-iluminados-para-o-natal.png?ssl=1&w=500&resize=500&ssl=1 500w, https:\/\/i2.wp.com\/www.truckbrasil.com.br\/wp\/wp-content\/uploads\/2018\/12\/guarulhos-lanca-15-onibus-iluminados-para-o-natal.png?ssl=1&w=640&resize=640&ssl=1 640w, https:\/\/i2.wp.com\/www.truckbrasil.com.br\/wp\/wp-content\/uploads\/2018\/12\/guarulhos-lanca-15-onibus-iluminados-para-o-natal.png?ssl=1&w=800&resize=800&ssl=1 800w, https:\/\/i2.wp.com\/www.truckbrasil.com.br\/wp\/wp-content\/uploads\/2018\/12\/guarulhos-lanca-15-onibus-iluminados-para-o-natal.png?ssl=1&w=1024&resize=1024&ssl=1 1024w, https:\/\/i2.wp.com\/www.truckbrasil.com.br\/wp\/wp-content\/uploads\/2018\/12\/guarulhos-lanca-15-onibus-iluminados-para-o-natal.png?ssl=1&w=1280&resize=1280&ssl=1 1280w, https:\/\/i2.wp.com\/www.truckbrasil.com.br\/wp\/wp-content\/uploads\/2018\/12\/guarulhos-lanca-15-onibus-iluminados-para-o-natal.png?ssl=1&w=1600&resize=1600&ssl=1 1600w\" border=\"0\" fifu-data-src=\"https:\/\/i2.wp.com\/www.truckbrasil.com.br\/wp\/wp-content\/uploads\/2018\/12\/guarulhos-lanca-15-onibus-iluminados-para-o-natal.png?ssl=1\" width=\"280\" height=\"14\" alt=\"Separador\"\/><\/span><\/p>\n<div id=\"jc\"> <span>ADICIONE SEU COMENT\u00c1RIO..::<\/span> <\/div>\n<p><a class=\"itemBackToTop\" href=\"https:\/\/www.segs.com.br\/veiculos\/147460-guarulhos-lanca-15-onibus-iluminados-para-o-natal#top\">voltar ao topo<\/a><\/p>\n","protected":false},"excerpt":{"rendered":"<p>Neste s\u00e1bado, 8 de dezembro, acontece o lan\u00e7amento oficial dos \u00f4nibus iluminados que v\u00e3o circular&#8230;<\/p>\n","protected":false},"author":1,"featured_media":0,"comment_status":"open","ping_status":"open","sticky":false,"template":"","format":"standard","meta":{"fifu_image_url":"","fifu_image_alt":"","footnotes":""},"categories":[727],"tags":[1589],"class_list":["post-73130","post","type-post","status-publish","format-standard","hentry","category-noticias","tag-veiculos","wpcat-727-id"],"_links":{"self":[{"href":"https:\/\/verde-amarelo.net\/verdeamarelo\/wp-json\/wp\/v2\/posts\/73130","targetHints":{"allow":["GET"]}}],"collection":[{"href":"https:\/\/verde-amarelo.net\/verdeamarelo\/wp-json\/wp\/v2\/posts"}],"about":[{"href":"https:\/\/verde-amarelo.net\/verdeamarelo\/wp-json\/wp\/v2\/types\/post"}],"author":[{"embeddable":true,"href":"https:\/\/verde-amarelo.net\/verdeamarelo\/wp-json\/wp\/v2\/users\/1"}],"replies":[{"embeddable":true,"href":"https:\/\/verde-amarelo.net\/verdeamarelo\/wp-json\/wp\/v2\/comments?post=73130"}],"version-history":[{"count":0,"href":"https:\/\/verde-amarelo.net\/verdeamarelo\/wp-json\/wp\/v2\/posts\/73130\/revisions"}],"wp:attachment":[{"href":"https:\/\/verde-amarelo.net\/verdeamarelo\/wp-json\/wp\/v2\/media?parent=73130"}],"wp:term":[{"taxonomy":"category","embeddable":true,"href":"https:\/\/verde-amarelo.net\/verdeamarelo\/wp-json\/wp\/v2\/categories?post=73130"},{"taxonomy":"post_tag","embeddable":true,"href":"https:\/\/verde-amarelo.net\/verdeamarelo\/wp-json\/wp\/v2\/tags?post=73130"}],"curies":[{"name":"wp","href":"https:\/\/api.w.org\/{rel}","templated":true}]}}