{"id":73134,"date":"2018-12-07T16:03:24","date_gmt":"2018-12-07T18:03:24","guid":{"rendered":"https:\/\/verde-amarelo.net\/verdeamarelo\/2018\/12\/porto-do-pecem-entre-janeiro-e-setembro-de-2018-cresce-13-em-movimentacao-de-cargas\/"},"modified":"2018-12-07T16:03:24","modified_gmt":"2018-12-07T18:03:24","slug":"porto-do-pecem-entre-janeiro-e-setembro-de-2018-cresce-13-em-movimentacao-de-cargas","status":"publish","type":"post","link":"https:\/\/verde-amarelo.net\/verdeamarelo\/2018\/12\/porto-do-pecem-entre-janeiro-e-setembro-de-2018-cresce-13-em-movimentacao-de-cargas\/","title":{"rendered":"Porto do Pec\u00e9m, entre janeiro e setembro de 2018 cresce 13% em movimenta\u00e7\u00e3o de cargas"},"content":{"rendered":"<p>O crescimento na movimenta\u00e7\u00e3o de cargas no Porto do Pec\u00e9m foi de 13% de toneladas. O porto segue registrando \u00f3timos resultados de movimenta\u00e7\u00e3o.<\/p>&nbsp;&nbsp;\n<p>No m\u00eas de setembro, o terminal teve um aumento de 4% nos embarques de produtos e 7% nos desembarques, na compara\u00e7\u00e3o com o mesmo per\u00edodo de 2017. Apresentando a segunda maior movimenta\u00e7\u00e3o do ano de 2018, ficando somente atr\u00e1s do resultado registrado no m\u00eas de mar\u00e7o. Enquanto que no acumulado de janeiro e setembro, o movimento registrado foi de 13,1 milh\u00f5es de toneladas a mais em compara\u00e7\u00e3o com o mesmo per\u00edodo do ano passado.<\/p>&nbsp;&nbsp;\n<div class=\"infor-meio-da-noticia\" id=\"infor-1623226383\"><a href=\"https:\/\/www.intermodal.com.br\/pt\/?utm_source=infodosportos%20expor\"><img decoding=\"async\" src=\"data:image\/gif;base64,R0lGODlhAQABAIAAAAAAAP\/\/\/ywAAAAAAQABAAACAUwAOw==\" fifu-lazy=\"1\" fifu-data-sizes=\"auto\" fifu-data-srcset=\"https:\/\/i3.wp.com\/www.truckbrasil.com.br\/wp\/wp-content\/uploads\/2018\/12\/porto-do-pecem-entre-janeiro-e-setembro-de-2018-cresce-13-em-movimentacao-de-cargas.gif?ssl=1&w=75&resize=75&ssl=1 75w, https:\/\/i3.wp.com\/www.truckbrasil.com.br\/wp\/wp-content\/uploads\/2018\/12\/porto-do-pecem-entre-janeiro-e-setembro-de-2018-cresce-13-em-movimentacao-de-cargas.gif?ssl=1&w=100&resize=100&ssl=1 100w, https:\/\/i3.wp.com\/www.truckbrasil.com.br\/wp\/wp-content\/uploads\/2018\/12\/porto-do-pecem-entre-janeiro-e-setembro-de-2018-cresce-13-em-movimentacao-de-cargas.gif?ssl=1&w=150&resize=150&ssl=1 150w, https:\/\/i3.wp.com\/www.truckbrasil.com.br\/wp\/wp-content\/uploads\/2018\/12\/porto-do-pecem-entre-janeiro-e-setembro-de-2018-cresce-13-em-movimentacao-de-cargas.gif?ssl=1&w=240&resize=240&ssl=1 240w, https:\/\/i3.wp.com\/www.truckbrasil.com.br\/wp\/wp-content\/uploads\/2018\/12\/porto-do-pecem-entre-janeiro-e-setembro-de-2018-cresce-13-em-movimentacao-de-cargas.gif?ssl=1&w=320&resize=320&ssl=1 320w, https:\/\/i3.wp.com\/www.truckbrasil.com.br\/wp\/wp-content\/uploads\/2018\/12\/porto-do-pecem-entre-janeiro-e-setembro-de-2018-cresce-13-em-movimentacao-de-cargas.gif?ssl=1&w=500&resize=500&ssl=1 500w, https:\/\/i3.wp.com\/www.truckbrasil.com.br\/wp\/wp-content\/uploads\/2018\/12\/porto-do-pecem-entre-janeiro-e-setembro-de-2018-cresce-13-em-movimentacao-de-cargas.gif?ssl=1&w=640&resize=640&ssl=1 640w, https:\/\/i3.wp.com\/www.truckbrasil.com.br\/wp\/wp-content\/uploads\/2018\/12\/porto-do-pecem-entre-janeiro-e-setembro-de-2018-cresce-13-em-movimentacao-de-cargas.gif?ssl=1&w=800&resize=800&ssl=1 800w, https:\/\/i3.wp.com\/www.truckbrasil.com.br\/wp\/wp-content\/uploads\/2018\/12\/porto-do-pecem-entre-janeiro-e-setembro-de-2018-cresce-13-em-movimentacao-de-cargas.gif?ssl=1&w=1024&resize=1024&ssl=1 1024w, https:\/\/i3.wp.com\/www.truckbrasil.com.br\/wp\/wp-content\/uploads\/2018\/12\/porto-do-pecem-entre-janeiro-e-setembro-de-2018-cresce-13-em-movimentacao-de-cargas.gif?ssl=1&w=1280&resize=1280&ssl=1 1280w, https:\/\/i3.wp.com\/www.truckbrasil.com.br\/wp\/wp-content\/uploads\/2018\/12\/porto-do-pecem-entre-janeiro-e-setembro-de-2018-cresce-13-em-movimentacao-de-cargas.gif?ssl=1&w=1600&resize=1600&ssl=1 1600w\" width=\"175\" height=\"85\" fifu-data-src=\"https:\/\/i3.wp.com\/www.truckbrasil.com.br\/wp\/wp-content\/uploads\/2018\/12\/porto-do-pecem-entre-janeiro-e-setembro-de-2018-cresce-13-em-movimentacao-de-cargas.gif?ssl=1\" alt=\"\" title=\"banner_175x85\"\/><\/a><\/div>\n<p>J\u00e1 no desembarque de cargas, o aumento teve os mesmos 13%, o que contribuiu a passagem de 8,8 milh\u00f5es de toneladas para 10,0 milh\u00f5es de toneladas neste ano de 2018, enquanto o embarque de cargas registrou crescimento de 12% com um movimento de 3,1 milh\u00f5es de toneladas.<\/p>&nbsp;&nbsp;\n<div class=\"infor-depois-do-conteudo\" id=\"infor-1188238028\"><a href=\"http:\/\/fortelogistica.com.br\/\"><img decoding=\"async\" src=\"data:image\/gif;base64,R0lGODlhAQABAIAAAAAAAP\/\/\/ywAAAAAAQABAAACAUwAOw==\" fifu-lazy=\"1\" fifu-data-sizes=\"auto\" fifu-data-srcset=\"https:\/\/i3.wp.com\/www.truckbrasil.com.br\/wp\/wp-content\/uploads\/2018\/12\/porto-do-pecem-entre-janeiro-e-setembro-de-2018-cresce-13-em-movimentacao-de-cargas.png?ssl=1&w=75&resize=75&ssl=1 75w, https:\/\/i3.wp.com\/www.truckbrasil.com.br\/wp\/wp-content\/uploads\/2018\/12\/porto-do-pecem-entre-janeiro-e-setembro-de-2018-cresce-13-em-movimentacao-de-cargas.png?ssl=1&w=100&resize=100&ssl=1 100w, https:\/\/i3.wp.com\/www.truckbrasil.com.br\/wp\/wp-content\/uploads\/2018\/12\/porto-do-pecem-entre-janeiro-e-setembro-de-2018-cresce-13-em-movimentacao-de-cargas.png?ssl=1&w=150&resize=150&ssl=1 150w, https:\/\/i3.wp.com\/www.truckbrasil.com.br\/wp\/wp-content\/uploads\/2018\/12\/porto-do-pecem-entre-janeiro-e-setembro-de-2018-cresce-13-em-movimentacao-de-cargas.png?ssl=1&w=240&resize=240&ssl=1 240w, https:\/\/i3.wp.com\/www.truckbrasil.com.br\/wp\/wp-content\/uploads\/2018\/12\/porto-do-pecem-entre-janeiro-e-setembro-de-2018-cresce-13-em-movimentacao-de-cargas.png?ssl=1&w=320&resize=320&ssl=1 320w, https:\/\/i3.wp.com\/www.truckbrasil.com.br\/wp\/wp-content\/uploads\/2018\/12\/porto-do-pecem-entre-janeiro-e-setembro-de-2018-cresce-13-em-movimentacao-de-cargas.png?ssl=1&w=500&resize=500&ssl=1 500w, https:\/\/i3.wp.com\/www.truckbrasil.com.br\/wp\/wp-content\/uploads\/2018\/12\/porto-do-pecem-entre-janeiro-e-setembro-de-2018-cresce-13-em-movimentacao-de-cargas.png?ssl=1&w=640&resize=640&ssl=1 640w, https:\/\/i3.wp.com\/www.truckbrasil.com.br\/wp\/wp-content\/uploads\/2018\/12\/porto-do-pecem-entre-janeiro-e-setembro-de-2018-cresce-13-em-movimentacao-de-cargas.png?ssl=1&w=800&resize=800&ssl=1 800w, https:\/\/i3.wp.com\/www.truckbrasil.com.br\/wp\/wp-content\/uploads\/2018\/12\/porto-do-pecem-entre-janeiro-e-setembro-de-2018-cresce-13-em-movimentacao-de-cargas.png?ssl=1&w=1024&resize=1024&ssl=1 1024w, https:\/\/i3.wp.com\/www.truckbrasil.com.br\/wp\/wp-content\/uploads\/2018\/12\/porto-do-pecem-entre-janeiro-e-setembro-de-2018-cresce-13-em-movimentacao-de-cargas.png?ssl=1&w=1280&resize=1280&ssl=1 1280w, https:\/\/i3.wp.com\/www.truckbrasil.com.br\/wp\/wp-content\/uploads\/2018\/12\/porto-do-pecem-entre-janeiro-e-setembro-de-2018-cresce-13-em-movimentacao-de-cargas.png?ssl=1&w=1600&resize=1600&ssl=1 1600w\" width=\"728\" height=\"90\" fifu-data-src=\"https:\/\/i3.wp.com\/www.truckbrasil.com.br\/wp\/wp-content\/uploads\/2018\/12\/porto-do-pecem-entre-janeiro-e-setembro-de-2018-cresce-13-em-movimentacao-de-cargas.png?ssl=1\" alt=\"\" title=\"ebanner_leaderboard_728x90px_forte_logistica_final\" srcset=\"https:\/\/i3.wp.com\/www.truckbrasil.com.br\/wp\/wp-content\/uploads\/2018\/12\/porto-do-pecem-entre-janeiro-e-setembro-de-2018-cresce-13-em-movimentacao-de-cargas.png?ssl=1 728w, http:\/\/informativodosportos.com.br\/portal\/wp-content\/uploads\/2018\/11\/ebanner_leaderboard_728x90px_forte_logistica_final-300x37.png 300w, http:\/\/informativodosportos.com.br\/portal\/wp-content\/uploads\/2018\/11\/ebanner_leaderboard_728x90px_forte_logistica_final-335x41.png 335w, http:\/\/informativodosportos.com.br\/portal\/wp-content\/uploads\/2018\/11\/ebanner_leaderboard_728x90px_forte_logistica_final-600x74.png 600w\" sizes=\"(max-width: 728px) 100vw, 728px\"\/><\/a><\/div>\n<p><a href=\"http:\/\/informativodosportos.com.br\/portal\/2018\/12\/07\/porto-do-pecem-entre-janeiro-e-setembro-de-2018-cresce-13-em-movimentacao-de-cargas\/\" target=\"_blank\" rel=\"noopener\">Mais em http:\/\/informativodosportos.com.br\/portal\/2018\/12\/07\/porto-do-pecem-entre-janeiro-e-setembro-de-2018-cresce-13-em-movimentacao-de-cargas\/<\/a><\/p>\n","protected":false},"excerpt":{"rendered":"<p>O crescimento na movimenta\u00e7\u00e3o de cargas no Porto do Pec\u00e9m foi de 13% de toneladas&#8230;.<\/p>\n","protected":false},"author":1,"featured_media":0,"comment_status":"open","ping_status":"open","sticky":false,"template":"","format":"standard","meta":{"fifu_image_url":"","fifu_image_alt":"","footnotes":""},"categories":[8702],"tags":[8846],"class_list":["post-73134","post","type-post","status-publish","format-standard","hentry","category-logistica","tag-destaquesnoticias","wpcat-8702-id"],"_links":{"self":[{"href":"https:\/\/verde-amarelo.net\/verdeamarelo\/wp-json\/wp\/v2\/posts\/73134","targetHints":{"allow":["GET"]}}],"collection":[{"href":"https:\/\/verde-amarelo.net\/verdeamarelo\/wp-json\/wp\/v2\/posts"}],"about":[{"href":"https:\/\/verde-amarelo.net\/verdeamarelo\/wp-json\/wp\/v2\/types\/post"}],"author":[{"embeddable":true,"href":"https:\/\/verde-amarelo.net\/verdeamarelo\/wp-json\/wp\/v2\/users\/1"}],"replies":[{"embeddable":true,"href":"https:\/\/verde-amarelo.net\/verdeamarelo\/wp-json\/wp\/v2\/comments?post=73134"}],"version-history":[{"count":0,"href":"https:\/\/verde-amarelo.net\/verdeamarelo\/wp-json\/wp\/v2\/posts\/73134\/revisions"}],"wp:attachment":[{"href":"https:\/\/verde-amarelo.net\/verdeamarelo\/wp-json\/wp\/v2\/media?parent=73134"}],"wp:term":[{"taxonomy":"category","embeddable":true,"href":"https:\/\/verde-amarelo.net\/verdeamarelo\/wp-json\/wp\/v2\/categories?post=73134"},{"taxonomy":"post_tag","embeddable":true,"href":"https:\/\/verde-amarelo.net\/verdeamarelo\/wp-json\/wp\/v2\/tags?post=73134"}],"curies":[{"name":"wp","href":"https:\/\/api.w.org\/{rel}","templated":true}]}}