{"id":73135,"date":"2018-12-07T16:01:01","date_gmt":"2018-12-07T18:01:01","guid":{"rendered":"https:\/\/verde-amarelo.net\/verdeamarelo\/2018\/12\/pioneiro-de-libra-completa-um-ano-de-operacao-com-mais-de-9-milhoes-de-barris-produzidos\/"},"modified":"2018-12-07T16:01:01","modified_gmt":"2018-12-07T18:01:01","slug":"pioneiro-de-libra-completa-um-ano-de-operacao-com-mais-de-9-milhoes-de-barris-produzidos","status":"publish","type":"post","link":"https:\/\/verde-amarelo.net\/verdeamarelo\/2018\/12\/pioneiro-de-libra-completa-um-ano-de-operacao-com-mais-de-9-milhoes-de-barris-produzidos\/","title":{"rendered":"\u2018Pioneiro de Libra\u2019 completa um ano de opera\u00e7\u00e3o com mais de 9 milh\u00f5es de barris produzidos"},"content":{"rendered":"<p>O FPSO \u201cPioneiro de Libra\u201d completa um ano de opera\u00e7\u00e3o no campo de Mero e a conclus\u00e3o do primeiro Teste de Longa Dura\u00e7\u00e3o, processo para avaliar o comportamento do reservat\u00f3rio de petr\u00f3leo, do Bloco de Libra. \u00cdndices de seguran\u00e7a e meio ambiente refor\u00e7am o sucesso da embarca\u00e7\u00e3o, que superou a marca de nove milh\u00f5es de barris de petr\u00f3leo produzidos desde o primeiro \u00f3leo, em novembro do ano passado.<\/p>&nbsp;&nbsp;\n<p>Neste per\u00edodo, o navio-plataforma chegou a produzir mais de 58 mil barris de \u00f3leo equivalente por dia (boed). O ativo, que \u00e9 capaz de atuar em l\u00e2mina d\u2019\u00e1gua de at\u00e9 2.400 metros de profundidade, tem capacidade para produzir 50 mil barris de petr\u00f3leo di\u00e1rios e comprimir e reinjetar 4 milh\u00f5es de metros c\u00fabicos de g\u00e1s por dia.<\/p>&nbsp;&nbsp;\n<div class=\"infor-meio-da-noticia\" id=\"infor-883317197\"><a href=\"https:\/\/www.intermodal.com.br\/pt\/?utm_source=infodosportos%20expor\"><img decoding=\"async\" src=\"data:image\/gif;base64,R0lGODlhAQABAIAAAAAAAP\/\/\/ywAAAAAAQABAAACAUwAOw==\" fifu-lazy=\"1\" fifu-data-sizes=\"auto\" fifu-data-srcset=\"https:\/\/i3.wp.com\/www.truckbrasil.com.br\/wp\/wp-content\/uploads\/2018\/12\/pioneiro-de-libra-completa-um-ano-de-operacao-com-mais-de-9-milhoes-de-barris-produzidos.gif?ssl=1&w=75&resize=75&ssl=1 75w, https:\/\/i3.wp.com\/www.truckbrasil.com.br\/wp\/wp-content\/uploads\/2018\/12\/pioneiro-de-libra-completa-um-ano-de-operacao-com-mais-de-9-milhoes-de-barris-produzidos.gif?ssl=1&w=100&resize=100&ssl=1 100w, https:\/\/i3.wp.com\/www.truckbrasil.com.br\/wp\/wp-content\/uploads\/2018\/12\/pioneiro-de-libra-completa-um-ano-de-operacao-com-mais-de-9-milhoes-de-barris-produzidos.gif?ssl=1&w=150&resize=150&ssl=1 150w, https:\/\/i3.wp.com\/www.truckbrasil.com.br\/wp\/wp-content\/uploads\/2018\/12\/pioneiro-de-libra-completa-um-ano-de-operacao-com-mais-de-9-milhoes-de-barris-produzidos.gif?ssl=1&w=240&resize=240&ssl=1 240w, https:\/\/i3.wp.com\/www.truckbrasil.com.br\/wp\/wp-content\/uploads\/2018\/12\/pioneiro-de-libra-completa-um-ano-de-operacao-com-mais-de-9-milhoes-de-barris-produzidos.gif?ssl=1&w=320&resize=320&ssl=1 320w, https:\/\/i3.wp.com\/www.truckbrasil.com.br\/wp\/wp-content\/uploads\/2018\/12\/pioneiro-de-libra-completa-um-ano-de-operacao-com-mais-de-9-milhoes-de-barris-produzidos.gif?ssl=1&w=500&resize=500&ssl=1 500w, https:\/\/i3.wp.com\/www.truckbrasil.com.br\/wp\/wp-content\/uploads\/2018\/12\/pioneiro-de-libra-completa-um-ano-de-operacao-com-mais-de-9-milhoes-de-barris-produzidos.gif?ssl=1&w=640&resize=640&ssl=1 640w, https:\/\/i3.wp.com\/www.truckbrasil.com.br\/wp\/wp-content\/uploads\/2018\/12\/pioneiro-de-libra-completa-um-ano-de-operacao-com-mais-de-9-milhoes-de-barris-produzidos.gif?ssl=1&w=800&resize=800&ssl=1 800w, https:\/\/i3.wp.com\/www.truckbrasil.com.br\/wp\/wp-content\/uploads\/2018\/12\/pioneiro-de-libra-completa-um-ano-de-operacao-com-mais-de-9-milhoes-de-barris-produzidos.gif?ssl=1&w=1024&resize=1024&ssl=1 1024w, https:\/\/i3.wp.com\/www.truckbrasil.com.br\/wp\/wp-content\/uploads\/2018\/12\/pioneiro-de-libra-completa-um-ano-de-operacao-com-mais-de-9-milhoes-de-barris-produzidos.gif?ssl=1&w=1280&resize=1280&ssl=1 1280w, https:\/\/i3.wp.com\/www.truckbrasil.com.br\/wp\/wp-content\/uploads\/2018\/12\/pioneiro-de-libra-completa-um-ano-de-operacao-com-mais-de-9-milhoes-de-barris-produzidos.gif?ssl=1&w=1600&resize=1600&ssl=1 1600w\" width=\"175\" height=\"85\" fifu-data-src=\"https:\/\/i3.wp.com\/www.truckbrasil.com.br\/wp\/wp-content\/uploads\/2018\/12\/pioneiro-de-libra-completa-um-ano-de-operacao-com-mais-de-9-milhoes-de-barris-produzidos.gif?ssl=1\" alt=\"\" title=\"banner_175x85\"\/><\/a><\/div>\n<p>\u201cAtingir a produ\u00e7\u00e3o 58 mil boed com 1 po\u00e7o em \u00e1guas ultra profundas \u00e9 um marco na ind\u00fastria offshore, temos muito orgulho deste sucesso alcan\u00e7ado ainda no primeiro ano de opera\u00e7\u00e3o\u201d, comemora Clarice Romariz, diretora da Joint-venture TK-Ocyan.<\/p>&nbsp;&nbsp;\n<div class=\"infor-depois-do-conteudo\" id=\"infor-455144911\"><a href=\"http:\/\/fortelogistica.com.br\/\"><img decoding=\"async\" src=\"data:image\/gif;base64,R0lGODlhAQABAIAAAAAAAP\/\/\/ywAAAAAAQABAAACAUwAOw==\" fifu-lazy=\"1\" fifu-data-sizes=\"auto\" fifu-data-srcset=\"https:\/\/i3.wp.com\/www.truckbrasil.com.br\/wp\/wp-content\/uploads\/2018\/12\/pioneiro-de-libra-completa-um-ano-de-operacao-com-mais-de-9-milhoes-de-barris-produzidos.png?ssl=1&w=75&resize=75&ssl=1 75w, https:\/\/i3.wp.com\/www.truckbrasil.com.br\/wp\/wp-content\/uploads\/2018\/12\/pioneiro-de-libra-completa-um-ano-de-operacao-com-mais-de-9-milhoes-de-barris-produzidos.png?ssl=1&w=100&resize=100&ssl=1 100w, https:\/\/i3.wp.com\/www.truckbrasil.com.br\/wp\/wp-content\/uploads\/2018\/12\/pioneiro-de-libra-completa-um-ano-de-operacao-com-mais-de-9-milhoes-de-barris-produzidos.png?ssl=1&w=150&resize=150&ssl=1 150w, https:\/\/i3.wp.com\/www.truckbrasil.com.br\/wp\/wp-content\/uploads\/2018\/12\/pioneiro-de-libra-completa-um-ano-de-operacao-com-mais-de-9-milhoes-de-barris-produzidos.png?ssl=1&w=240&resize=240&ssl=1 240w, https:\/\/i3.wp.com\/www.truckbrasil.com.br\/wp\/wp-content\/uploads\/2018\/12\/pioneiro-de-libra-completa-um-ano-de-operacao-com-mais-de-9-milhoes-de-barris-produzidos.png?ssl=1&w=320&resize=320&ssl=1 320w, https:\/\/i3.wp.com\/www.truckbrasil.com.br\/wp\/wp-content\/uploads\/2018\/12\/pioneiro-de-libra-completa-um-ano-de-operacao-com-mais-de-9-milhoes-de-barris-produzidos.png?ssl=1&w=500&resize=500&ssl=1 500w, https:\/\/i3.wp.com\/www.truckbrasil.com.br\/wp\/wp-content\/uploads\/2018\/12\/pioneiro-de-libra-completa-um-ano-de-operacao-com-mais-de-9-milhoes-de-barris-produzidos.png?ssl=1&w=640&resize=640&ssl=1 640w, https:\/\/i3.wp.com\/www.truckbrasil.com.br\/wp\/wp-content\/uploads\/2018\/12\/pioneiro-de-libra-completa-um-ano-de-operacao-com-mais-de-9-milhoes-de-barris-produzidos.png?ssl=1&w=800&resize=800&ssl=1 800w, https:\/\/i3.wp.com\/www.truckbrasil.com.br\/wp\/wp-content\/uploads\/2018\/12\/pioneiro-de-libra-completa-um-ano-de-operacao-com-mais-de-9-milhoes-de-barris-produzidos.png?ssl=1&w=1024&resize=1024&ssl=1 1024w, https:\/\/i3.wp.com\/www.truckbrasil.com.br\/wp\/wp-content\/uploads\/2018\/12\/pioneiro-de-libra-completa-um-ano-de-operacao-com-mais-de-9-milhoes-de-barris-produzidos.png?ssl=1&w=1280&resize=1280&ssl=1 1280w, https:\/\/i3.wp.com\/www.truckbrasil.com.br\/wp\/wp-content\/uploads\/2018\/12\/pioneiro-de-libra-completa-um-ano-de-operacao-com-mais-de-9-milhoes-de-barris-produzidos.png?ssl=1&w=1600&resize=1600&ssl=1 1600w\" width=\"728\" height=\"90\" fifu-data-src=\"https:\/\/i3.wp.com\/www.truckbrasil.com.br\/wp\/wp-content\/uploads\/2018\/12\/pioneiro-de-libra-completa-um-ano-de-operacao-com-mais-de-9-milhoes-de-barris-produzidos.png?ssl=1\" alt=\"\" title=\"ebanner_leaderboard_728x90px_forte_logistica_final\" srcset=\"https:\/\/i3.wp.com\/www.truckbrasil.com.br\/wp\/wp-content\/uploads\/2018\/12\/pioneiro-de-libra-completa-um-ano-de-operacao-com-mais-de-9-milhoes-de-barris-produzidos.png?ssl=1 728w, http:\/\/informativodosportos.com.br\/portal\/wp-content\/uploads\/2018\/11\/ebanner_leaderboard_728x90px_forte_logistica_final-300x37.png 300w, http:\/\/informativodosportos.com.br\/portal\/wp-content\/uploads\/2018\/11\/ebanner_leaderboard_728x90px_forte_logistica_final-335x41.png 335w, http:\/\/informativodosportos.com.br\/portal\/wp-content\/uploads\/2018\/11\/ebanner_leaderboard_728x90px_forte_logistica_final-600x74.png 600w\" sizes=\"(max-width: 728px) 100vw, 728px\"\/><\/a><\/div>\n<p><a href=\"http:\/\/informativodosportos.com.br\/portal\/2018\/12\/07\/pioneiro-de-libra-completa-um-ano-de-operacao-com-mais-de-9-milhoes-de-barris-produzidos\/\" target=\"_blank\" rel=\"noopener\">Mais em http:\/\/informativodosportos.com.br\/portal\/2018\/12\/07\/pioneiro-de-libra-completa-um-ano-de-operacao-com-mais-de-9-milhoes-de-barris-produzidos\/<\/a><\/p>\n","protected":false},"excerpt":{"rendered":"<p>O FPSO \u201cPioneiro de Libra\u201d completa um ano de opera\u00e7\u00e3o no campo de Mero e&#8230;<\/p>\n","protected":false},"author":1,"featured_media":0,"comment_status":"open","ping_status":"open","sticky":false,"template":"","format":"standard","meta":{"fifu_image_url":"","fifu_image_alt":"","footnotes":""},"categories":[8702],"tags":[8846],"class_list":["post-73135","post","type-post","status-publish","format-standard","hentry","category-logistica","tag-destaquesnoticias","wpcat-8702-id"],"_links":{"self":[{"href":"https:\/\/verde-amarelo.net\/verdeamarelo\/wp-json\/wp\/v2\/posts\/73135","targetHints":{"allow":["GET"]}}],"collection":[{"href":"https:\/\/verde-amarelo.net\/verdeamarelo\/wp-json\/wp\/v2\/posts"}],"about":[{"href":"https:\/\/verde-amarelo.net\/verdeamarelo\/wp-json\/wp\/v2\/types\/post"}],"author":[{"embeddable":true,"href":"https:\/\/verde-amarelo.net\/verdeamarelo\/wp-json\/wp\/v2\/users\/1"}],"replies":[{"embeddable":true,"href":"https:\/\/verde-amarelo.net\/verdeamarelo\/wp-json\/wp\/v2\/comments?post=73135"}],"version-history":[{"count":0,"href":"https:\/\/verde-amarelo.net\/verdeamarelo\/wp-json\/wp\/v2\/posts\/73135\/revisions"}],"wp:attachment":[{"href":"https:\/\/verde-amarelo.net\/verdeamarelo\/wp-json\/wp\/v2\/media?parent=73135"}],"wp:term":[{"taxonomy":"category","embeddable":true,"href":"https:\/\/verde-amarelo.net\/verdeamarelo\/wp-json\/wp\/v2\/categories?post=73135"},{"taxonomy":"post_tag","embeddable":true,"href":"https:\/\/verde-amarelo.net\/verdeamarelo\/wp-json\/wp\/v2\/tags?post=73135"}],"curies":[{"name":"wp","href":"https:\/\/api.w.org\/{rel}","templated":true}]}}