{"id":73145,"date":"2018-12-08T11:00:48","date_gmt":"2018-12-08T13:00:48","guid":{"rendered":"https:\/\/verde-amarelo.net\/verdeamarelo\/2018\/12\/premio-profissional-de-tecnologia-da-informacao-2018\/"},"modified":"2018-12-08T11:00:48","modified_gmt":"2018-12-08T13:00:48","slug":"premio-profissional-de-tecnologia-da-informacao-2018","status":"publish","type":"post","link":"https:\/\/verde-amarelo.net\/verdeamarelo\/2018\/12\/premio-profissional-de-tecnologia-da-informacao-2018\/","title":{"rendered":"Pr\u00eamio Profissional de Tecnologia da Informa\u00e7\u00e3o 2018"},"content":{"rendered":"<div id=\"attachment_24771\" class=\"wp-caption alignright\" readability=\"32\"><a href=\"http:\/\/www.cargonews.com.br\/wp-content\/uploads\/2018\/12\/premia%C3%A7%C3%A3o-post.jpg\">&#8221; wp-image-24771&#8243; src=&#8221;https:\/\/www.truckbrasil.com.br\/wp\/wp-content\/uploads\/2018\/12\/premio-profissional-de-tecnologia-da-informacao-2018.jpg&#8221; alt=&#8221;&#8221; width=&#8221;401&#8243; height=&#8221;281&#8243;\/><\/a><\/p>\n<p class=\"wp-caption-text\">Divulga\u00e7\u00e3o \u2013 Assessoria de Imprensa AmstedMaxion\/Greenbrier Maxion<\/p>\n<\/div>\n<p>Euro Jos\u00e9 Ferreira, gerente de TI das empresas AmstedMaxion e Greenbrier Maxion, foi um dos ganhadores do Pr\u00eamio profissional de Tecnologia da Informa\u00e7\u00e3o 2018, na categoria Ind\u00fastria Geral, um reconhecimento da relev\u00e2ncia dos projetos de TI implementados pela \u00e1rea nas empresas. A entrega do pr\u00eamio aconteceu em evento realizado no \u00faltimo dia 5, em S\u00e3o Paulo.<\/p>&nbsp;&nbsp;\n<p>Criado em 2002, o Pr\u00eamio Profissional de Tecnologia da Informa\u00e7\u00e3o \u00e9 destinado aos profissionais de TI, eleitos de forma direta e secreta pelos leitores do Inform\u00e1tica Hoje; Baseada nas indica\u00e7\u00f5es recolhidas junto a um Conselho de Not\u00e1veis \u2014 composto por mais de 500 pessoas, entre representantes das entidades do setor e de empresas fornecedoras de solu\u00e7\u00f5es de TI, al\u00e9m dos profissionais eleitos no ano passado \u2014, a equipe do Inform\u00e1tica Hoje escolheu 4 nomes de profissionais de 12 diferentes segmentos: Agroneg\u00f3cios, Alimentos &amp; Bebidas, Bancos, Com\u00e9rcio, Finan\u00e7as, Ind\u00fastria de Consumo, Ind\u00fastria Farmac\u00eautica, Ind\u00fastria Geral, Sa\u00fade, Seguros, Servi\u00e7os, e Transportes &amp; Log\u00edstica.<\/p>&nbsp;&nbsp;\n<p><strong>Sobre as Empresas<\/strong><br \/>AmstedMaxion \u2013 fundi\u00e7\u00e3o situada em Cruzeiro-SP, \u00e9 a principal refer\u00eancia latino-americana no desenvolvimento e fabrica\u00e7\u00e3o de rodas de a\u00e7o, fundidos ferrovi\u00e1rios para truques e sistemas de choque e tra\u00e7\u00e3o e pe\u00e7as para os setores de m\u00e1quinas e equipamentos de constru\u00e7\u00e3o civil, minera\u00e7\u00e3o e sucroalcooleiro.<\/p>&nbsp;&nbsp;\n<p><strong>Greenbrier Maxion<\/strong> \u2013 Situada em Hortol\u00e2ndia-SP, desenvolve e produz vag\u00f5es de carga e truques ferrovi\u00e1rios, al\u00e9m de reformar, adaptar e modernizar vag\u00f5es e seus componentes. Possui capacidade de produ\u00e7\u00e3o acess\u00edvel e eficiente, com expertise em projetos de vag\u00f5es, servi\u00e7os e leasing.<\/p>&nbsp;&nbsp;\n<p>Assessoria de Imprensa<\/p>\n","protected":false},"excerpt":{"rendered":"<p>&#8221; wp-image-24771&#8243; src=&#8221;https:\/\/www.truckbrasil.com.br\/wp\/wp-content\/uploads\/2018\/12\/premio-profissional-de-tecnologia-da-informacao-2018.jpg&#8221; alt=&#8221;&#8221; width=&#8221;401&#8243; height=&#8221;281&#8243;\/> Divulga\u00e7\u00e3o \u2013 Assessoria de Imprensa AmstedMaxion\/Greenbrier Maxion Euro Jos\u00e9&#8230;<\/p>\n","protected":false},"author":1,"featured_media":0,"comment_status":"open","ping_status":"open","sticky":false,"template":"","format":"standard","meta":{"fifu_image_url":"","fifu_image_alt":"","footnotes":""},"categories":[8725],"tags":[9233],"class_list":["post-73145","post","type-post","status-publish","format-standard","hentry","category-geralmercado","tag-noticiaspremiacaoti","wpcat-8725-id"],"_links":{"self":[{"href":"https:\/\/verde-amarelo.net\/verdeamarelo\/wp-json\/wp\/v2\/posts\/73145","targetHints":{"allow":["GET"]}}],"collection":[{"href":"https:\/\/verde-amarelo.net\/verdeamarelo\/wp-json\/wp\/v2\/posts"}],"about":[{"href":"https:\/\/verde-amarelo.net\/verdeamarelo\/wp-json\/wp\/v2\/types\/post"}],"author":[{"embeddable":true,"href":"https:\/\/verde-amarelo.net\/verdeamarelo\/wp-json\/wp\/v2\/users\/1"}],"replies":[{"embeddable":true,"href":"https:\/\/verde-amarelo.net\/verdeamarelo\/wp-json\/wp\/v2\/comments?post=73145"}],"version-history":[{"count":0,"href":"https:\/\/verde-amarelo.net\/verdeamarelo\/wp-json\/wp\/v2\/posts\/73145\/revisions"}],"wp:attachment":[{"href":"https:\/\/verde-amarelo.net\/verdeamarelo\/wp-json\/wp\/v2\/media?parent=73145"}],"wp:term":[{"taxonomy":"category","embeddable":true,"href":"https:\/\/verde-amarelo.net\/verdeamarelo\/wp-json\/wp\/v2\/categories?post=73145"},{"taxonomy":"post_tag","embeddable":true,"href":"https:\/\/verde-amarelo.net\/verdeamarelo\/wp-json\/wp\/v2\/tags?post=73145"}],"curies":[{"name":"wp","href":"https:\/\/api.w.org\/{rel}","templated":true}]}}