{"id":73146,"date":"2018-12-07T13:26:00","date_gmt":"2018-12-07T15:26:00","guid":{"rendered":"https:\/\/verde-amarelo.net\/verdeamarelo\/2018\/12\/nissan-nissan-confirma-producao-em-serie-do-gt-r50-by-italdesign\/"},"modified":"2018-12-07T13:26:00","modified_gmt":"2018-12-07T15:26:00","slug":"nissan-nissan-confirma-producao-em-serie-do-gt-r50-by-italdesign","status":"publish","type":"post","link":"https:\/\/verde-amarelo.net\/verdeamarelo\/2018\/12\/nissan-nissan-confirma-producao-em-serie-do-gt-r50-by-italdesign\/","title":{"rendered":"Nissan: Nissan confirma produ\u00e7\u00e3o em s\u00e9rie do GT-R50 by Italdesign"},"content":{"rendered":"<div><img decoding=\"async\" src=\"data:image\/gif;base64,R0lGODlhAQABAIAAAAAAAP\/\/\/ywAAAAAAQABAAACAUwAOw==\" fifu-lazy=\"1\" fifu-data-sizes=\"auto\" fifu-data-srcset=\"https:\/\/i2.wp.com\/www.truckbrasil.com.br\/wp\/wp-content\/uploads\/2018\/12\/nissan-nissan-confirma-producao-em-serie-do-gt-r50-by-italdesign.jpg?ssl=1&w=75&resize=75&ssl=1 75w, https:\/\/i2.wp.com\/www.truckbrasil.com.br\/wp\/wp-content\/uploads\/2018\/12\/nissan-nissan-confirma-producao-em-serie-do-gt-r50-by-italdesign.jpg?ssl=1&w=100&resize=100&ssl=1 100w, https:\/\/i2.wp.com\/www.truckbrasil.com.br\/wp\/wp-content\/uploads\/2018\/12\/nissan-nissan-confirma-producao-em-serie-do-gt-r50-by-italdesign.jpg?ssl=1&w=150&resize=150&ssl=1 150w, https:\/\/i2.wp.com\/www.truckbrasil.com.br\/wp\/wp-content\/uploads\/2018\/12\/nissan-nissan-confirma-producao-em-serie-do-gt-r50-by-italdesign.jpg?ssl=1&w=240&resize=240&ssl=1 240w, https:\/\/i2.wp.com\/www.truckbrasil.com.br\/wp\/wp-content\/uploads\/2018\/12\/nissan-nissan-confirma-producao-em-serie-do-gt-r50-by-italdesign.jpg?ssl=1&w=320&resize=320&ssl=1 320w, https:\/\/i2.wp.com\/www.truckbrasil.com.br\/wp\/wp-content\/uploads\/2018\/12\/nissan-nissan-confirma-producao-em-serie-do-gt-r50-by-italdesign.jpg?ssl=1&w=500&resize=500&ssl=1 500w, https:\/\/i2.wp.com\/www.truckbrasil.com.br\/wp\/wp-content\/uploads\/2018\/12\/nissan-nissan-confirma-producao-em-serie-do-gt-r50-by-italdesign.jpg?ssl=1&w=640&resize=640&ssl=1 640w, https:\/\/i2.wp.com\/www.truckbrasil.com.br\/wp\/wp-content\/uploads\/2018\/12\/nissan-nissan-confirma-producao-em-serie-do-gt-r50-by-italdesign.jpg?ssl=1&w=800&resize=800&ssl=1 800w, https:\/\/i2.wp.com\/www.truckbrasil.com.br\/wp\/wp-content\/uploads\/2018\/12\/nissan-nissan-confirma-producao-em-serie-do-gt-r50-by-italdesign.jpg?ssl=1&w=1024&resize=1024&ssl=1 1024w, https:\/\/i2.wp.com\/www.truckbrasil.com.br\/wp\/wp-content\/uploads\/2018\/12\/nissan-nissan-confirma-producao-em-serie-do-gt-r50-by-italdesign.jpg?ssl=1&w=1280&resize=1280&ssl=1 1280w, https:\/\/i2.wp.com\/www.truckbrasil.com.br\/wp\/wp-content\/uploads\/2018\/12\/nissan-nissan-confirma-producao-em-serie-do-gt-r50-by-italdesign.jpg?ssl=1&w=1600&resize=1600&ssl=1 1600w\" fifu-data-src=\"https:\/\/i2.wp.com\/www.truckbrasil.com.br\/wp\/wp-content\/uploads\/2018\/12\/nissan-nissan-confirma-producao-em-serie-do-gt-r50-by-italdesign.jpg?ssl=1\" class=\"ff-og-image-inserted\"\/><\/div>\n<p><strong>YOKOHAMA, Jap\u00e3o<\/strong> \u2013 A Nissan confirmou a produ\u00e7\u00e3o em s\u00e9rie do <a title=\"Watch video\" href=\"https:\/\/nissannews.com\/pt\/nissan\/brasil\/releases\/nissan-e-italdesign-revelam-prot-tipo-nico-do-gt-r?query=Nissan+GT-R50+by+Italdesign\" target=\"_blank\" rel=\"noopener\">Nissan GT-R50 by Italdesign<\/a>, abrindo oficialmente os pedidos para a edi\u00e7\u00e3o limitada de apenas 50 unidades da mais nova express\u00e3o do \u00edcone Nissan GT-R.<\/p>&nbsp;&nbsp;\n<p>O design do modelo \u00e9 praticamente o mesmo exibido pelo prot\u00f3tipo, que foi visto pela primeira vez em julho, durante o Festival de Velocidade de Goodwood, na Inglaterra. Tunado pela NISMO para entregar 720 cavalos, o Nissan GT-R <em>by Italdesign<\/em> ser\u00e1 comercializado a partir de 990 mil euros, sem impostos e opcionais.<\/p>&nbsp;&nbsp;\n<p>Para desenvolver o modelo, a Nissan fez uma parceria com o Italdesign, famoso est\u00fadio italiano sediado na cidade de Turim, baseando-se na \u00faltima gera\u00e7\u00e3o do Nissan GT-R NISMO. O objetivo era comemorar os 50 anos do GT-R, em 2019, e da Italdesign, em 2018. O prot\u00f3tipo foi criado com a cor de carroceria cinza e detalhes em dourado, mas os clientes ter\u00e3o a chance de especificar as combina\u00e7\u00f5es de cores de sua prefer\u00eancia ao encomendar o modelo de produ\u00e7\u00e3o limitada. Os clientes tamb\u00e9m poder\u00e3o escolher os pacotes e cores internas.<\/p>&nbsp;&nbsp;\n<p>Al\u00e9m do Festival de Velocidade de Goodwood, o prot\u00f3tipo do Nissan GT-R50 tamb\u00e9m apareceu no circuito de Spa-Francorchamps, na B\u00e9lgica, no evento anual Rolex Monterrey Motorsports Reunion, nos EUA, e na Nissan Crossing, a galeria da marca localizada no badalado distrito de Ginza, em T\u00f3quio. A partir de 7 de dezembro, o modelo estar\u00e1 em exposi\u00e7\u00e3o na Nissan Gallery, localizada na sede da marca em Yokohama, no Jap\u00e3o.<\/p>&nbsp;&nbsp;\n<p>&#8220;A rea\u00e7\u00e3o dos f\u00e3s da Nissan em todo o mundo \u2013 e dos clientes do GT-R50 em potencial \u2013 foi muito al\u00e9m de nossas expectativas&#8221;, comentou Bob Laishley, diretor mundial do programa de carros esportivos na Nissan. &#8220;Estes 50 carros, feitos para comemorar os 50 anos do GT-R e o anivers\u00e1rio de 50 anos da Italdesign, constituem uma forma de homenagear a lideran\u00e7a da Nissan e seu rico legado de carros esportivos por muitos anos&#8221;.<\/p>&nbsp;&nbsp;\n<p>Os clientes que desejarem adquirir um GT-R50 podem visitar o site <a href=\"http:\/\/www.gt-r50.nissan\/\" target=\"_blank\" rel=\"noopener\">www.GT-R50.nissan<\/a> e contatar o Italdesign para criar seu pr\u00f3prio carro. As entregas come\u00e7ar\u00e3o em 2019, devendo se estender at\u00e9 2020.<\/p>&nbsp;&nbsp;\n<p># # #<\/p>\n","protected":false},"excerpt":{"rendered":"<p>YOKOHAMA, Jap\u00e3o \u2013 A Nissan confirmou a produ\u00e7\u00e3o em s\u00e9rie do Nissan GT-R50 by Italdesign,&#8230;<\/p>\n","protected":false},"author":1,"featured_media":0,"comment_status":"open","ping_status":"open","sticky":false,"template":"","format":"standard","meta":{"fifu_image_url":"","fifu_image_alt":"","footnotes":""},"categories":[8699],"tags":[5364],"class_list":["post-73146","post","type-post","status-publish","format-standard","hentry","category-geralcarros","tag-nissan","wpcat-8699-id"],"_links":{"self":[{"href":"https:\/\/verde-amarelo.net\/verdeamarelo\/wp-json\/wp\/v2\/posts\/73146","targetHints":{"allow":["GET"]}}],"collection":[{"href":"https:\/\/verde-amarelo.net\/verdeamarelo\/wp-json\/wp\/v2\/posts"}],"about":[{"href":"https:\/\/verde-amarelo.net\/verdeamarelo\/wp-json\/wp\/v2\/types\/post"}],"author":[{"embeddable":true,"href":"https:\/\/verde-amarelo.net\/verdeamarelo\/wp-json\/wp\/v2\/users\/1"}],"replies":[{"embeddable":true,"href":"https:\/\/verde-amarelo.net\/verdeamarelo\/wp-json\/wp\/v2\/comments?post=73146"}],"version-history":[{"count":0,"href":"https:\/\/verde-amarelo.net\/verdeamarelo\/wp-json\/wp\/v2\/posts\/73146\/revisions"}],"wp:attachment":[{"href":"https:\/\/verde-amarelo.net\/verdeamarelo\/wp-json\/wp\/v2\/media?parent=73146"}],"wp:term":[{"taxonomy":"category","embeddable":true,"href":"https:\/\/verde-amarelo.net\/verdeamarelo\/wp-json\/wp\/v2\/categories?post=73146"},{"taxonomy":"post_tag","embeddable":true,"href":"https:\/\/verde-amarelo.net\/verdeamarelo\/wp-json\/wp\/v2\/tags?post=73146"}],"curies":[{"name":"wp","href":"https:\/\/api.w.org\/{rel}","templated":true}]}}