{"id":73347,"date":"2018-12-21T19:50:31","date_gmt":"2018-12-21T21:50:31","guid":{"rendered":"https:\/\/verde-amarelo.net\/verdeamarelo\/2018\/12\/vli-realiza-workshop-de-encerramento-do-plano-de-educacao-ambiental-2018\/"},"modified":"2018-12-21T19:50:31","modified_gmt":"2018-12-21T21:50:31","slug":"vli-realiza-workshop-de-encerramento-do-plano-de-educacao-ambiental-2018","status":"publish","type":"post","link":"https:\/\/verde-amarelo.net\/verdeamarelo\/2018\/12\/vli-realiza-workshop-de-encerramento-do-plano-de-educacao-ambiental-2018\/","title":{"rendered":"VLI realiza workshop de encerramento do Plano de Educa\u00e7\u00e3o Ambiental 2018"},"content":{"rendered":"<div><img decoding=\"async\" src=\"data:image\/gif;base64,R0lGODlhAQABAIAAAAAAAP\/\/\/ywAAAAAAQABAAACAUwAOw==\" fifu-lazy=\"1\" fifu-data-sizes=\"auto\" fifu-data-srcset=\"https:\/\/i3.wp.com\/www.truckbrasil.com.br\/wp\/wp-content\/uploads\/2018\/12\/vli-realiza-workshop-de-encerramento-do-plano-de-educacao-ambiental-2018.jpg?ssl=1&w=75&resize=75&ssl=1 75w, https:\/\/i3.wp.com\/www.truckbrasil.com.br\/wp\/wp-content\/uploads\/2018\/12\/vli-realiza-workshop-de-encerramento-do-plano-de-educacao-ambiental-2018.jpg?ssl=1&w=100&resize=100&ssl=1 100w, https:\/\/i3.wp.com\/www.truckbrasil.com.br\/wp\/wp-content\/uploads\/2018\/12\/vli-realiza-workshop-de-encerramento-do-plano-de-educacao-ambiental-2018.jpg?ssl=1&w=150&resize=150&ssl=1 150w, https:\/\/i3.wp.com\/www.truckbrasil.com.br\/wp\/wp-content\/uploads\/2018\/12\/vli-realiza-workshop-de-encerramento-do-plano-de-educacao-ambiental-2018.jpg?ssl=1&w=240&resize=240&ssl=1 240w, https:\/\/i3.wp.com\/www.truckbrasil.com.br\/wp\/wp-content\/uploads\/2018\/12\/vli-realiza-workshop-de-encerramento-do-plano-de-educacao-ambiental-2018.jpg?ssl=1&w=320&resize=320&ssl=1 320w, https:\/\/i3.wp.com\/www.truckbrasil.com.br\/wp\/wp-content\/uploads\/2018\/12\/vli-realiza-workshop-de-encerramento-do-plano-de-educacao-ambiental-2018.jpg?ssl=1&w=500&resize=500&ssl=1 500w, https:\/\/i3.wp.com\/www.truckbrasil.com.br\/wp\/wp-content\/uploads\/2018\/12\/vli-realiza-workshop-de-encerramento-do-plano-de-educacao-ambiental-2018.jpg?ssl=1&w=640&resize=640&ssl=1 640w, https:\/\/i3.wp.com\/www.truckbrasil.com.br\/wp\/wp-content\/uploads\/2018\/12\/vli-realiza-workshop-de-encerramento-do-plano-de-educacao-ambiental-2018.jpg?ssl=1&w=800&resize=800&ssl=1 800w, https:\/\/i3.wp.com\/www.truckbrasil.com.br\/wp\/wp-content\/uploads\/2018\/12\/vli-realiza-workshop-de-encerramento-do-plano-de-educacao-ambiental-2018.jpg?ssl=1&w=1024&resize=1024&ssl=1 1024w, https:\/\/i3.wp.com\/www.truckbrasil.com.br\/wp\/wp-content\/uploads\/2018\/12\/vli-realiza-workshop-de-encerramento-do-plano-de-educacao-ambiental-2018.jpg?ssl=1&w=1280&resize=1280&ssl=1 1280w, https:\/\/i3.wp.com\/www.truckbrasil.com.br\/wp\/wp-content\/uploads\/2018\/12\/vli-realiza-workshop-de-encerramento-do-plano-de-educacao-ambiental-2018.jpg?ssl=1&w=1600&resize=1600&ssl=1 1600w\" fifu-data-src=\"https:\/\/i3.wp.com\/www.truckbrasil.com.br\/wp\/wp-content\/uploads\/2018\/12\/vli-realiza-workshop-de-encerramento-do-plano-de-educacao-ambiental-2018.jpg?ssl=1\" class=\"ff-og-image-inserted\"\/><\/div>\n<p dir=\"auto\">Com\u00a0 a presen\u00e7a de representantes do poder p\u00fablico e institui\u00e7\u00f5es civis, a empresa apresenta resultados das sua a\u00e7\u00f5es ambientais no Maranh\u00e3o e Tocantins<\/p>\n<p dir=\"auto\">Com um modelo de gest\u00e3o norteado para a sustentabilidade, a VLI,\u00a0 empresa de solu\u00e7\u00f5es log\u00edsticas que integra terminais, ferrovias e portos apresentou os resultados, do exerc\u00edcio de 2018, do\u00a0 Plano de Educa\u00e7\u00e3o Ambiental (PEA) e Plano de Educa\u00e7\u00e3o Ambiental do Trabalhador (PEAT) da Ferrovia Norte Sul.\u00a0 O evento de encerramento aconteceu em Palmeirante, 6\/12 reunindo\u00a0 representantes\u00a0 poder p\u00fablico municipal,\u00a0 de escolas\u00a0 participantes dos projetos e\u00a0 empregados da empresa que contribu\u00edram para execu\u00e7\u00e3o de 80 a\u00e7\u00f5es ambientais\u00a0 realizadas durante o ano.<\/p>&nbsp;&nbsp;\n<p dir=\"auto\">Al\u00e9m de reconhecimento e entrega de certificados, foi realizado um workshop de incentivo para as atividades\u00a0 de educa\u00e7\u00e3o ambiental para tra\u00e7ar as principais estrat\u00e9gias do planejamento para 2019. \u201cA ideia foi criar objetivos e propostas comuns a todos os munic\u00edpios para que possamos ter, ao longo ano, maior e melhor trocas de experi\u00eancias, contribui\u00e7\u00f5es e avalia\u00e7\u00f5es. No final, todos falando a mesma linguagem, por uma melhoria cont\u00ednua\u201d, explica o supervisor de Meio Ambiente da VLI, Jairo Carvalho.<\/p>&nbsp;&nbsp;\n<p dir=\"auto\">No total\u00a0 o PEA e o PEAT atenderam cerca de 1921 pessoas nos munic\u00edpios Baba\u00e7ul\u00e2ndia e Palmeirante (TO) e Porto Franco e Imperatriz (MA) cidades integrantes do corredor Centro-Norte, trecho que engloba os estados de Maranh\u00e3o e Tocantins. Conforme explicou o supervisor, o plano de a\u00e7\u00e3o desenvolvido pela VLI \u00e9 o \u201cdiagn\u00f3stico participativo\u201d que est\u00e1 em linha com as orienta\u00e7\u00f5es do IBAMA, que prev\u00ea, al\u00e9m de um diagn\u00f3stico ambiental da \u00e1rea beneficiada, a participa\u00e7\u00e3o direta da empresa na orienta\u00e7\u00e3o e execu\u00e7\u00e3o do plano de a\u00e7\u00e3o. Foram realizadas atividades voltadas para educa\u00e7\u00e3o, gera\u00e7\u00e3o de renda, desenvolvimento das comunidades e fortalecimento da cultura local.<\/p>&nbsp;&nbsp;\n<p dir=\"auto\"><strong>Sobre a VLI<\/strong><\/p>\n<p dir=\"auto\">A VLI tem o compromisso de apoiar a transforma\u00e7\u00e3o da log\u00edstica no pa\u00eds, por meio da integra\u00e7\u00e3o de servi\u00e7os em portos, ferrovias e terminais. A empresa engloba as ferrovias Norte Sul (FNS) e Centro-Atl\u00e2ntica (FCA), al\u00e9m de terminais intermodais, que unem o carregamento e o descarregamento de produtos ao transporte ferrovi\u00e1rio, e terminais portu\u00e1rios situados em eixos estrat\u00e9gicos da costa brasileira, tais como em Santos (SP), S\u00e3o Lu\u00eds (MA) e Vit\u00f3ria (ES). Escolhida como uma das 150 melhores empresas para se trabalhar pela revista Voc\u00ea S\/A pelos \u00faltimos quatro anos e a melhor do segmento de Servi\u00e7os de Transporte pela Isto\u00e9 Dinheiro em 2018, a VLI transporta as riquezas do Brasil por rotas que passam pelas regi\u00f5es Norte, Nordeste, Sudeste e Centro-Oeste.<\/p>&nbsp;&nbsp;\n<p dir=\"auto\">Fonte: Surgiu<\/p>\n<p dir=\"auto\">Data: 19\/12\/2018<\/p>\n","protected":false},"excerpt":{"rendered":"<p>Com\u00a0 a presen\u00e7a de representantes do poder p\u00fablico e institui\u00e7\u00f5es civis, a empresa apresenta resultados&#8230;<\/p>\n","protected":false},"author":1,"featured_media":0,"comment_status":"open","ping_status":"open","sticky":false,"template":"","format":"standard","meta":{"fifu_image_url":"","fifu_image_alt":"","footnotes":""},"categories":[8702],"tags":[8975],"class_list":["post-73347","post","type-post","status-publish","format-standard","hentry","category-logistica","tag-noticias-de-mercado","wpcat-8702-id"],"_links":{"self":[{"href":"https:\/\/verde-amarelo.net\/verdeamarelo\/wp-json\/wp\/v2\/posts\/73347","targetHints":{"allow":["GET"]}}],"collection":[{"href":"https:\/\/verde-amarelo.net\/verdeamarelo\/wp-json\/wp\/v2\/posts"}],"about":[{"href":"https:\/\/verde-amarelo.net\/verdeamarelo\/wp-json\/wp\/v2\/types\/post"}],"author":[{"embeddable":true,"href":"https:\/\/verde-amarelo.net\/verdeamarelo\/wp-json\/wp\/v2\/users\/1"}],"replies":[{"embeddable":true,"href":"https:\/\/verde-amarelo.net\/verdeamarelo\/wp-json\/wp\/v2\/comments?post=73347"}],"version-history":[{"count":0,"href":"https:\/\/verde-amarelo.net\/verdeamarelo\/wp-json\/wp\/v2\/posts\/73347\/revisions"}],"wp:attachment":[{"href":"https:\/\/verde-amarelo.net\/verdeamarelo\/wp-json\/wp\/v2\/media?parent=73347"}],"wp:term":[{"taxonomy":"category","embeddable":true,"href":"https:\/\/verde-amarelo.net\/verdeamarelo\/wp-json\/wp\/v2\/categories?post=73347"},{"taxonomy":"post_tag","embeddable":true,"href":"https:\/\/verde-amarelo.net\/verdeamarelo\/wp-json\/wp\/v2\/tags?post=73347"}],"curies":[{"name":"wp","href":"https:\/\/api.w.org\/{rel}","templated":true}]}}