{"id":73348,"date":"2018-12-21T19:50:30","date_gmt":"2018-12-21T21:50:30","guid":{"rendered":"https:\/\/verde-amarelo.net\/verdeamarelo\/2018\/12\/ministerio-lanca-portal-da-intermodalidade\/"},"modified":"2018-12-21T19:50:30","modified_gmt":"2018-12-21T21:50:30","slug":"ministerio-lanca-portal-da-intermodalidade","status":"publish","type":"post","link":"https:\/\/verde-amarelo.net\/verdeamarelo\/2018\/12\/ministerio-lanca-portal-da-intermodalidade\/","title":{"rendered":"Minist\u00e9rio lan\u00e7a Portal da Intermodalidade"},"content":{"rendered":"<div><img decoding=\"async\" src=\"data:image\/gif;base64,R0lGODlhAQABAIAAAAAAAP\/\/\/ywAAAAAAQABAAACAUwAOw==\" fifu-lazy=\"1\" fifu-data-sizes=\"auto\" fifu-data-srcset=\"https:\/\/i1.wp.com\/www.truckbrasil.com.br\/wp\/wp-content\/uploads\/2018\/12\/ministerio-lanca-portal-da-intermodalidade.jpg?ssl=1&w=75&resize=75&ssl=1 75w, https:\/\/i1.wp.com\/www.truckbrasil.com.br\/wp\/wp-content\/uploads\/2018\/12\/ministerio-lanca-portal-da-intermodalidade.jpg?ssl=1&w=100&resize=100&ssl=1 100w, https:\/\/i1.wp.com\/www.truckbrasil.com.br\/wp\/wp-content\/uploads\/2018\/12\/ministerio-lanca-portal-da-intermodalidade.jpg?ssl=1&w=150&resize=150&ssl=1 150w, https:\/\/i1.wp.com\/www.truckbrasil.com.br\/wp\/wp-content\/uploads\/2018\/12\/ministerio-lanca-portal-da-intermodalidade.jpg?ssl=1&w=240&resize=240&ssl=1 240w, https:\/\/i1.wp.com\/www.truckbrasil.com.br\/wp\/wp-content\/uploads\/2018\/12\/ministerio-lanca-portal-da-intermodalidade.jpg?ssl=1&w=320&resize=320&ssl=1 320w, https:\/\/i1.wp.com\/www.truckbrasil.com.br\/wp\/wp-content\/uploads\/2018\/12\/ministerio-lanca-portal-da-intermodalidade.jpg?ssl=1&w=500&resize=500&ssl=1 500w, https:\/\/i1.wp.com\/www.truckbrasil.com.br\/wp\/wp-content\/uploads\/2018\/12\/ministerio-lanca-portal-da-intermodalidade.jpg?ssl=1&w=640&resize=640&ssl=1 640w, https:\/\/i1.wp.com\/www.truckbrasil.com.br\/wp\/wp-content\/uploads\/2018\/12\/ministerio-lanca-portal-da-intermodalidade.jpg?ssl=1&w=800&resize=800&ssl=1 800w, https:\/\/i1.wp.com\/www.truckbrasil.com.br\/wp\/wp-content\/uploads\/2018\/12\/ministerio-lanca-portal-da-intermodalidade.jpg?ssl=1&w=1024&resize=1024&ssl=1 1024w, https:\/\/i1.wp.com\/www.truckbrasil.com.br\/wp\/wp-content\/uploads\/2018\/12\/ministerio-lanca-portal-da-intermodalidade.jpg?ssl=1&w=1280&resize=1280&ssl=1 1280w, https:\/\/i1.wp.com\/www.truckbrasil.com.br\/wp\/wp-content\/uploads\/2018\/12\/ministerio-lanca-portal-da-intermodalidade.jpg?ssl=1&w=1600&resize=1600&ssl=1 1600w\" fifu-data-src=\"https:\/\/i1.wp.com\/www.truckbrasil.com.br\/wp\/wp-content\/uploads\/2018\/12\/ministerio-lanca-portal-da-intermodalidade.jpg?ssl=1\" class=\"ff-og-image-inserted\"\/><\/div>\n<p>Um portal in\u00e9dito e totalmente inovador lan\u00e7ado pelo Minist\u00e9rio dos Transportes, Portos e Avia\u00e7\u00e3o Civil esclarece, de forma simples e esclarecedora, o conceito da intermodalidade, al\u00e9m de explicar como funciona a matriz de transportes no Brasil. Voltado para especialistas do setor, associa\u00e7\u00f5es e entidades representativas, empres\u00e1rios, estudantes e sociedade de forma geral, o site aborda as mais diversas nuances da conectividade no sistema de transportes e explica como uma rede eficiente pode impactar na vida do cidad\u00e3o, na economia brasileira e na competitividade internacional.<\/p>&nbsp;&nbsp;\n<p><strong>Acesse:\u00a0<a href=\"http:\/\/www.transportes.gov.br\/intermodalidade\" target=\"_blank\" rel=\"noopener\" data-saferedirecturl=\"https:\/\/www.google.com\/url?q=http:\/\/www.transportes.gov.br\/intermodalidade&amp;source=gmail&amp;ust=1545397329445000&amp;usg=AFQjCNGwhHeExDsRO3x-2VJF6Mdjt8SM7Q\">www.transportes.gov.br\/<wbr\/>intermodalidade<\/a><\/strong><\/p>\n<p>\u201cO Brasil \u00e9 o maior exportador de alimentos do mundo. E para tornarmos os nossos produtos ainda mais competitivos no mercado externo, precisamos de um sistema de transportes totalmente integrado, que conecte nossas rodovias com as ferrovias, hidrovias, portos e aeroportos. Esse modelo \u00e9 essencial para o escoamento dos produtos e, consequentemente, para a gera\u00e7\u00e3o de emprego e renda, e para o desenvolvimento do nosso pa\u00eds\u201d, avalia o ministro dos Transportes, Valter Casimiro.<\/p>&nbsp;&nbsp;\n<p>O projeto apresenta os principais temas relacionados \u00e0 intermodalidade, as vantagens dessa alternativa de transportes para os produtores, consumidores e para a economia nacional, e os entraves para alavancar de vez este modelo. O portal tamb\u00e9m traz entrevistas com alguns dos maiores nomes do setor para explicar como funciona a intermodalidade no Brasil e no mundo, o que \u00e9 o custo-log\u00edstico, como os pre\u00e7os dos transportes impactam na vida da popula\u00e7\u00e3o, quais os modais mais baratos, mais r\u00e1pidos e menos poluentes, entre outros.<\/p>&nbsp;&nbsp;\n<p>Al\u00e9m disso, para ilustrar melhor como funcionam, na pr\u00e1tica, os corredores log\u00edsticos estrat\u00e9gicos, o site exibe v\u00eddeos de dois dos produtos mais importantes na balan\u00e7a comercial brasileira: a soja e a cana-de-a\u00e7\u00facar, convidando o usu\u00e1rio a acompanhar o escoamento da produ\u00e7\u00e3o de soja do Centro-Oeste brasileiro para exporta\u00e7\u00e3o ou ainda os caminhos da cana e sua distribui\u00e7\u00e3o no mercado dom\u00e9stico.<\/p>&nbsp;&nbsp;\n<p>Os v\u00eddeos s\u00e3o desenvolvidos pela tecnologia belga Spott, moderna e inovadora, que torna os conte\u00fados interativos, aumentando o engajamento do usu\u00e1rio e enriquecendo ainda mais sua experi\u00eancia com a navegabilidade do portal.<\/p>&nbsp;&nbsp;\n<p><strong>MAPAS \u2013<\/strong>\u00a0Outra novidade do portal \u00e9 a apresenta\u00e7\u00e3o dos corredores log\u00edsticos estrat\u00e9gicos que identificam os caminhos usados pelo transporte de cargas para exporta\u00e7\u00e3o e consumo interno no pa\u00eds. At\u00e9 o momento, o governo j\u00e1 identificou os corredores de tr\u00eas produtos: os complexos de soja e milho, de min\u00e9rio de ferro e ve\u00edculos automotores, que podem ser facilmente encontrados na p\u00e1gina de Mapas do site. Para navegar, basta escolher o produto listado, selecionar o tipo de mercado que deseja saber (externo ou interno) e apontar os corredores para visualizar as rotas no mapa, que podem ser separadas por regi\u00e3o. Pelo mapa interativo, \u00e9 poss\u00edvel identificar as rodovias, hidrovias, ferrovias e portos dos corredores selecionados com as principais informa\u00e7\u00f5es sobre cada um deles.<\/p>&nbsp;&nbsp;\n<p>Ao final de toda essa experi\u00eancia, o usu\u00e1rio encontrar\u00e1 um quiz para testar os seus conhecimentos sobre o tema.<\/p>&nbsp;&nbsp;\n<p>Fonte:\u00a0<span>Minist\u00e9rio dos Transportes, Portos e Avia\u00e7\u00e3o Civil<\/span><\/p>\n<p>Data: 20\/12\/2018<\/p>\n","protected":false},"excerpt":{"rendered":"<p>Um portal in\u00e9dito e totalmente inovador lan\u00e7ado pelo Minist\u00e9rio dos Transportes, Portos e Avia\u00e7\u00e3o Civil&#8230;<\/p>\n","protected":false},"author":1,"featured_media":0,"comment_status":"open","ping_status":"open","sticky":false,"template":"","format":"standard","meta":{"fifu_image_url":"","fifu_image_alt":"","footnotes":""},"categories":[8702],"tags":[8975],"class_list":["post-73348","post","type-post","status-publish","format-standard","hentry","category-logistica","tag-noticias-de-mercado","wpcat-8702-id"],"_links":{"self":[{"href":"https:\/\/verde-amarelo.net\/verdeamarelo\/wp-json\/wp\/v2\/posts\/73348","targetHints":{"allow":["GET"]}}],"collection":[{"href":"https:\/\/verde-amarelo.net\/verdeamarelo\/wp-json\/wp\/v2\/posts"}],"about":[{"href":"https:\/\/verde-amarelo.net\/verdeamarelo\/wp-json\/wp\/v2\/types\/post"}],"author":[{"embeddable":true,"href":"https:\/\/verde-amarelo.net\/verdeamarelo\/wp-json\/wp\/v2\/users\/1"}],"replies":[{"embeddable":true,"href":"https:\/\/verde-amarelo.net\/verdeamarelo\/wp-json\/wp\/v2\/comments?post=73348"}],"version-history":[{"count":0,"href":"https:\/\/verde-amarelo.net\/verdeamarelo\/wp-json\/wp\/v2\/posts\/73348\/revisions"}],"wp:attachment":[{"href":"https:\/\/verde-amarelo.net\/verdeamarelo\/wp-json\/wp\/v2\/media?parent=73348"}],"wp:term":[{"taxonomy":"category","embeddable":true,"href":"https:\/\/verde-amarelo.net\/verdeamarelo\/wp-json\/wp\/v2\/categories?post=73348"},{"taxonomy":"post_tag","embeddable":true,"href":"https:\/\/verde-amarelo.net\/verdeamarelo\/wp-json\/wp\/v2\/tags?post=73348"}],"curies":[{"name":"wp","href":"https:\/\/api.w.org\/{rel}","templated":true}]}}