{"id":73349,"date":"2018-12-21T19:50:29","date_gmt":"2018-12-21T21:50:29","guid":{"rendered":"https:\/\/verde-amarelo.net\/verdeamarelo\/2018\/12\/metro-df-inaugura-segunda-estacao-com-captacao-de-energia-solar\/"},"modified":"2018-12-21T19:50:29","modified_gmt":"2018-12-21T21:50:29","slug":"metro-df-inaugura-segunda-estacao-com-captacao-de-energia-solar","status":"publish","type":"post","link":"https:\/\/verde-amarelo.net\/verdeamarelo\/2018\/12\/metro-df-inaugura-segunda-estacao-com-captacao-de-energia-solar\/","title":{"rendered":"Metr\u00f4 DF inaugura segunda esta\u00e7\u00e3o com capta\u00e7\u00e3o de energia solar"},"content":{"rendered":"<div><img decoding=\"async\" src=\"data:image\/gif;base64,R0lGODlhAQABAIAAAAAAAP\/\/\/ywAAAAAAQABAAACAUwAOw==\" fifu-lazy=\"1\" fifu-data-sizes=\"auto\" fifu-data-srcset=\"https:\/\/i2.wp.com\/www.truckbrasil.com.br\/wp\/wp-content\/uploads\/2018\/12\/metro-df-inaugura-segunda-estacao-com-captacao-de-energia-solar.jpg?ssl=1&w=75&resize=75&ssl=1 75w, https:\/\/i2.wp.com\/www.truckbrasil.com.br\/wp\/wp-content\/uploads\/2018\/12\/metro-df-inaugura-segunda-estacao-com-captacao-de-energia-solar.jpg?ssl=1&w=100&resize=100&ssl=1 100w, https:\/\/i2.wp.com\/www.truckbrasil.com.br\/wp\/wp-content\/uploads\/2018\/12\/metro-df-inaugura-segunda-estacao-com-captacao-de-energia-solar.jpg?ssl=1&w=150&resize=150&ssl=1 150w, https:\/\/i2.wp.com\/www.truckbrasil.com.br\/wp\/wp-content\/uploads\/2018\/12\/metro-df-inaugura-segunda-estacao-com-captacao-de-energia-solar.jpg?ssl=1&w=240&resize=240&ssl=1 240w, https:\/\/i2.wp.com\/www.truckbrasil.com.br\/wp\/wp-content\/uploads\/2018\/12\/metro-df-inaugura-segunda-estacao-com-captacao-de-energia-solar.jpg?ssl=1&w=320&resize=320&ssl=1 320w, https:\/\/i2.wp.com\/www.truckbrasil.com.br\/wp\/wp-content\/uploads\/2018\/12\/metro-df-inaugura-segunda-estacao-com-captacao-de-energia-solar.jpg?ssl=1&w=500&resize=500&ssl=1 500w, https:\/\/i2.wp.com\/www.truckbrasil.com.br\/wp\/wp-content\/uploads\/2018\/12\/metro-df-inaugura-segunda-estacao-com-captacao-de-energia-solar.jpg?ssl=1&w=640&resize=640&ssl=1 640w, https:\/\/i2.wp.com\/www.truckbrasil.com.br\/wp\/wp-content\/uploads\/2018\/12\/metro-df-inaugura-segunda-estacao-com-captacao-de-energia-solar.jpg?ssl=1&w=800&resize=800&ssl=1 800w, https:\/\/i2.wp.com\/www.truckbrasil.com.br\/wp\/wp-content\/uploads\/2018\/12\/metro-df-inaugura-segunda-estacao-com-captacao-de-energia-solar.jpg?ssl=1&w=1024&resize=1024&ssl=1 1024w, https:\/\/i2.wp.com\/www.truckbrasil.com.br\/wp\/wp-content\/uploads\/2018\/12\/metro-df-inaugura-segunda-estacao-com-captacao-de-energia-solar.jpg?ssl=1&w=1280&resize=1280&ssl=1 1280w, https:\/\/i2.wp.com\/www.truckbrasil.com.br\/wp\/wp-content\/uploads\/2018\/12\/metro-df-inaugura-segunda-estacao-com-captacao-de-energia-solar.jpg?ssl=1&w=1600&resize=1600&ssl=1 1600w\" fifu-data-src=\"https:\/\/i2.wp.com\/www.truckbrasil.com.br\/wp\/wp-content\/uploads\/2018\/12\/metro-df-inaugura-segunda-estacao-com-captacao-de-energia-solar.jpg?ssl=1\" class=\"ff-og-image-inserted\"\/><\/div>\n<p>A <strong>Esta\u00e7\u00e3o Solar Samambaia Sul<\/strong> \u2014 projeto de minigera\u00e7\u00e3o de energia limpa, proveniente de recursos naturais renov\u00e1veis \u2014 foi inaugurada na manh\u00e3 desta sexta-feira (21).<\/p>&nbsp;&nbsp;\n<div readability=\"58.9183457052\">\n<p>Com isso, Bras\u00edlia passa a contar com duas esta\u00e7\u00f5es de metr\u00f4 totalmente abastecidas por energia solar fotovoltaica. O primeiro terminal desse tipo \u00e9 a <a href=\"https:\/\/agenciabrasilia.df.gov.br\/2017\/10\/20\/ceilandia-ganha-estacao-de-metro-totalmente-abastecida-por-energia-solar\/\" target=\"_blank\" rel=\"noopener\">Esta\u00e7\u00e3o Guariroba, em Ceil\u00e2ndia<\/a>.<\/p>&nbsp;&nbsp;\n<p>Em Samambaia s\u00e3o 561 pain\u00e9is, com <strong>capacidade para gerar 308 mil quilowatts-hora por ano<\/strong>, o equivalente a 100% do consumo da esta\u00e7\u00e3o. As placas fotovoltaicas possuem garantia de efici\u00eancia de 25 anos.<\/p>&nbsp;&nbsp;\n<p>\u201c\u00c9 uma inova\u00e7\u00e3o, um passo importante rumo \u00e0 modernidade. Al\u00e9m de economia de recursos, visamos a sustentabilidade\u201d, destacou o governador de Bras\u00edlia, Rodrigo Rollemberg, na solenidade de lan\u00e7amento.<\/p>&nbsp;&nbsp;\n<p>De acordo com a Companhia do Metropolitano do DF (Metr\u00f4-DF), com as duas esta\u00e7\u00f5es, ser\u00e3o economizados, em m\u00e9dia, R$ 260 mil por ano em gastos com energia. Al\u00e9m disso, o sistema est\u00e1 conectado \u00e0 rede da distribuidora local e <strong>o excedente da energia solar beneficiar\u00e1 todo o sistema<\/strong> metrovi\u00e1rio da capital do Pa\u00eds.<\/p>&nbsp;&nbsp;\n<p>\u201cA previs\u00e3o dos nossos engenheiros \u00e9 que o excedente dessa energia seja distribu\u00eddo para as esta\u00e7\u00f5es pr\u00f3ximas, que s\u00e3o Furnas e Terminal Samambaia, al\u00e9m de tamb\u00e9m servir como for\u00e7a motriz dos trens\u201d, explicou o diretor-presidente da <strong>Companhia do Metropolitano do Distrito Federal (Metr\u00f4-DF)<\/strong>, Marcelo Dourado.<\/p>&nbsp;&nbsp;\n<p>O <strong>valor do contrato com a empresa vencedora da licita\u00e7\u00e3o \u00e9 de R$ 883.985,99<\/strong>. Os recursos s\u00e3o de emenda parlamentar.<\/p>&nbsp;&nbsp;\n<p>Aproximadamente 170 mil passageiros s\u00e3o transportados no Metr\u00f4-DF diariamente. Na esta\u00e7\u00e3o Samambaia Sul, 2,4 mil passageiros embarcam todos os dias.<\/p>&nbsp;&nbsp;\n<h2>Metr\u00f4 Sustent\u00e1vel<\/h2>\n<p>A instala\u00e7\u00e3o de placas fotovoltaicas faz parte do programa <strong>Metr\u00f4 Sustent\u00e1vel<\/strong>, que re\u00fane projetos para: utiliza\u00e7\u00e3o de energias renov\u00e1veis no sistema metroferrovi\u00e1rio, implementa\u00e7\u00e3o da agenda ambiental na administra\u00e7\u00e3o p\u00fablica e conscientiza\u00e7\u00e3o de passageiros e funcion\u00e1rios quanto ao uso racional dos recursos naturais.<\/p>&nbsp;&nbsp;\n<\/div>\n","protected":false},"excerpt":{"rendered":"<p>A Esta\u00e7\u00e3o Solar Samambaia Sul \u2014 projeto de minigera\u00e7\u00e3o de energia limpa, proveniente de recursos&#8230;<\/p>\n","protected":false},"author":1,"featured_media":0,"comment_status":"open","ping_status":"open","sticky":false,"template":"","format":"standard","meta":{"fifu_image_url":"","fifu_image_alt":"","footnotes":""},"categories":[8702],"tags":[8975],"class_list":["post-73349","post","type-post","status-publish","format-standard","hentry","category-logistica","tag-noticias-de-mercado","wpcat-8702-id"],"_links":{"self":[{"href":"https:\/\/verde-amarelo.net\/verdeamarelo\/wp-json\/wp\/v2\/posts\/73349","targetHints":{"allow":["GET"]}}],"collection":[{"href":"https:\/\/verde-amarelo.net\/verdeamarelo\/wp-json\/wp\/v2\/posts"}],"about":[{"href":"https:\/\/verde-amarelo.net\/verdeamarelo\/wp-json\/wp\/v2\/types\/post"}],"author":[{"embeddable":true,"href":"https:\/\/verde-amarelo.net\/verdeamarelo\/wp-json\/wp\/v2\/users\/1"}],"replies":[{"embeddable":true,"href":"https:\/\/verde-amarelo.net\/verdeamarelo\/wp-json\/wp\/v2\/comments?post=73349"}],"version-history":[{"count":0,"href":"https:\/\/verde-amarelo.net\/verdeamarelo\/wp-json\/wp\/v2\/posts\/73349\/revisions"}],"wp:attachment":[{"href":"https:\/\/verde-amarelo.net\/verdeamarelo\/wp-json\/wp\/v2\/media?parent=73349"}],"wp:term":[{"taxonomy":"category","embeddable":true,"href":"https:\/\/verde-amarelo.net\/verdeamarelo\/wp-json\/wp\/v2\/categories?post=73349"},{"taxonomy":"post_tag","embeddable":true,"href":"https:\/\/verde-amarelo.net\/verdeamarelo\/wp-json\/wp\/v2\/tags?post=73349"}],"curies":[{"name":"wp","href":"https:\/\/api.w.org\/{rel}","templated":true}]}}