{"id":73364,"date":"2018-12-26T20:59:08","date_gmt":"2018-12-26T22:59:08","guid":{"rendered":"https:\/\/verde-amarelo.net\/verdeamarelo\/2018\/12\/ford-ka-e-mustang-sao-eleitos-compra-do-ano-2019-da-motor-show\/"},"modified":"2018-12-26T20:59:08","modified_gmt":"2018-12-26T22:59:08","slug":"ford-ka-e-mustang-sao-eleitos-compra-do-ano-2019-da-motor-show","status":"publish","type":"post","link":"https:\/\/verde-amarelo.net\/verdeamarelo\/2018\/12\/ford-ka-e-mustang-sao-eleitos-compra-do-ano-2019-da-motor-show\/","title":{"rendered":"Ford Ka E Mustang S\u00e3o Eleitos \u201cCompra Do Ano 2019\u201d Da Motor Show"},"content":{"rendered":"<div><img decoding=\"async\" src=\"data:image\/gif;base64,R0lGODlhAQABAIAAAAAAAP\/\/\/ywAAAAAAQABAAACAUwAOw==\" fifu-lazy=\"1\" fifu-data-sizes=\"auto\" fifu-data-srcset=\"https:\/\/i3.wp.com\/www.truckbrasil.com.br\/wp\/wp-content\/uploads\/2018\/12\/ford-ka-e-mustang-sao-eleitos-compra-do-ano-2019-da-motor-show.jpg?ssl=1&w=75&resize=75&ssl=1 75w, https:\/\/i3.wp.com\/www.truckbrasil.com.br\/wp\/wp-content\/uploads\/2018\/12\/ford-ka-e-mustang-sao-eleitos-compra-do-ano-2019-da-motor-show.jpg?ssl=1&w=100&resize=100&ssl=1 100w, https:\/\/i3.wp.com\/www.truckbrasil.com.br\/wp\/wp-content\/uploads\/2018\/12\/ford-ka-e-mustang-sao-eleitos-compra-do-ano-2019-da-motor-show.jpg?ssl=1&w=150&resize=150&ssl=1 150w, https:\/\/i3.wp.com\/www.truckbrasil.com.br\/wp\/wp-content\/uploads\/2018\/12\/ford-ka-e-mustang-sao-eleitos-compra-do-ano-2019-da-motor-show.jpg?ssl=1&w=240&resize=240&ssl=1 240w, https:\/\/i3.wp.com\/www.truckbrasil.com.br\/wp\/wp-content\/uploads\/2018\/12\/ford-ka-e-mustang-sao-eleitos-compra-do-ano-2019-da-motor-show.jpg?ssl=1&w=320&resize=320&ssl=1 320w, https:\/\/i3.wp.com\/www.truckbrasil.com.br\/wp\/wp-content\/uploads\/2018\/12\/ford-ka-e-mustang-sao-eleitos-compra-do-ano-2019-da-motor-show.jpg?ssl=1&w=500&resize=500&ssl=1 500w, https:\/\/i3.wp.com\/www.truckbrasil.com.br\/wp\/wp-content\/uploads\/2018\/12\/ford-ka-e-mustang-sao-eleitos-compra-do-ano-2019-da-motor-show.jpg?ssl=1&w=640&resize=640&ssl=1 640w, https:\/\/i3.wp.com\/www.truckbrasil.com.br\/wp\/wp-content\/uploads\/2018\/12\/ford-ka-e-mustang-sao-eleitos-compra-do-ano-2019-da-motor-show.jpg?ssl=1&w=800&resize=800&ssl=1 800w, https:\/\/i3.wp.com\/www.truckbrasil.com.br\/wp\/wp-content\/uploads\/2018\/12\/ford-ka-e-mustang-sao-eleitos-compra-do-ano-2019-da-motor-show.jpg?ssl=1&w=1024&resize=1024&ssl=1 1024w, https:\/\/i3.wp.com\/www.truckbrasil.com.br\/wp\/wp-content\/uploads\/2018\/12\/ford-ka-e-mustang-sao-eleitos-compra-do-ano-2019-da-motor-show.jpg?ssl=1&w=1280&resize=1280&ssl=1 1280w, https:\/\/i3.wp.com\/www.truckbrasil.com.br\/wp\/wp-content\/uploads\/2018\/12\/ford-ka-e-mustang-sao-eleitos-compra-do-ano-2019-da-motor-show.jpg?ssl=1&w=1600&resize=1600&ssl=1 1600w\" fifu-data-src=\"https:\/\/i3.wp.com\/www.truckbrasil.com.br\/wp\/wp-content\/uploads\/2018\/12\/ford-ka-e-mustang-sao-eleitos-compra-do-ano-2019-da-motor-show.jpg?ssl=1\" class=\"ff-og-image-inserted\"\/><\/div>\n<div readability=\"40\">\n<p>O Ford Ka foi eleito \u201cCompra do Ano 2019\u201d da revista Motor Show na categoria de hatches compactos, uma das mais concorridas da premia\u00e7\u00e3o, entre 12 concorrentes. Este foi o quinto ano da elei\u00e7\u00e3o, que analisou quesitos como qualidade, inova\u00e7\u00e3o, dirigibilidade e posicionamento de mercado dos 140 carros com lan\u00e7amento ou modifica\u00e7\u00f5es t\u00e9cnicas relevantes nos \u00faltimos dois anos no Brasil.<\/p>&nbsp;&nbsp;\n<\/div>\n<div readability=\"71\">\n<p>A chegada do Ka 2019 com mudan\u00e7as importantes na oferta de motoriza\u00e7\u00e3o, c\u00e2mbio e equipamentos, al\u00e9m da nova vers\u00e3o FreeStyle com suspens\u00e3o elevada e estilo esportivo, consolidou a posi\u00e7\u00e3o do modelo entre os mais vendidos do mercado brasileiro.<\/p>&nbsp;&nbsp;\n<p>Uma das principais qualidades destacadas na avalia\u00e7\u00e3o do hatch da Ford foi a motoriza\u00e7\u00e3o. Al\u00e9m do bom 1.0 tricil\u00edndrico na op\u00e7\u00e3o de entrada da gama, ele surpreendeu pela ado\u00e7\u00e3o do 1.5 Ti-VCT de tr\u00eas cilindros, que despeja 136 cv de pot\u00eancia. \u201cAssim, tornou-se o hatch compacto mais potente do Brasil, \u00e0 frente at\u00e9 de modelos turbo\u201d, afirma a publica\u00e7\u00e3o.<\/p>&nbsp;&nbsp;\n<p>Outras cartadas inteligentes \u201cque mostram a aten\u00e7\u00e3o que a Ford tem dado \u00e0s opini\u00f5es do consumidor\u201d, segundo os editores, est\u00e3o na ado\u00e7\u00e3o do c\u00e2mbio autom\u00e1tico de seis marchas e da op\u00e7\u00e3o da central multim\u00eddia SYNC 3 desde a vers\u00e3o 1.0 SE Plus. \u201cEssa repaginada, aliada ao bom espe\u00e7o interno e ao novo processo de produ\u00e7\u00e3o, que deixou o Ka mais seguro em sua estrutura, foram suficientes para sua elei\u00e7\u00e3o na Compra do Ano.\u201d<\/p>\n<p>O Ford Ka \u00e9 oferecido em dez vers\u00f5es: 1.0 com c\u00e2mbio manual (S, SE e SE Plus); 1.5 com c\u00e2mbio manual (SE, SE Plus e FreeStyle); e 1.5 com c\u00e2mbio autom\u00e1tico (SE, SE Plus, FreeStyle e Titanium).<\/p>&nbsp;&nbsp;\n<p>Mustang<\/p>\n<p>Na categoria de esportivos, o t\u00edtulo de \u201cCompra do Ano 2019\u201d foi para o Ford Mustang, somando mais um reconhecimento \u00e0 sua galeria. Com 15 pr\u00eamios conquistados no ano do seu lan\u00e7amento, o \u201cmuscle car\u201d se tornou o maior vencedor da ind\u00fastria.<\/p>&nbsp;&nbsp;\n<\/div>\n","protected":false},"excerpt":{"rendered":"<p>O Ford Ka foi eleito \u201cCompra do Ano 2019\u201d da revista Motor Show na categoria&#8230;<\/p>\n","protected":false},"author":1,"featured_media":0,"comment_status":"open","ping_status":"open","sticky":false,"template":"","format":"standard","meta":{"fifu_image_url":"","fifu_image_alt":"","footnotes":""},"categories":[727],"tags":[1589],"class_list":["post-73364","post","type-post","status-publish","format-standard","hentry","category-noticias","tag-veiculos","wpcat-727-id"],"_links":{"self":[{"href":"https:\/\/verde-amarelo.net\/verdeamarelo\/wp-json\/wp\/v2\/posts\/73364","targetHints":{"allow":["GET"]}}],"collection":[{"href":"https:\/\/verde-amarelo.net\/verdeamarelo\/wp-json\/wp\/v2\/posts"}],"about":[{"href":"https:\/\/verde-amarelo.net\/verdeamarelo\/wp-json\/wp\/v2\/types\/post"}],"author":[{"embeddable":true,"href":"https:\/\/verde-amarelo.net\/verdeamarelo\/wp-json\/wp\/v2\/users\/1"}],"replies":[{"embeddable":true,"href":"https:\/\/verde-amarelo.net\/verdeamarelo\/wp-json\/wp\/v2\/comments?post=73364"}],"version-history":[{"count":0,"href":"https:\/\/verde-amarelo.net\/verdeamarelo\/wp-json\/wp\/v2\/posts\/73364\/revisions"}],"wp:attachment":[{"href":"https:\/\/verde-amarelo.net\/verdeamarelo\/wp-json\/wp\/v2\/media?parent=73364"}],"wp:term":[{"taxonomy":"category","embeddable":true,"href":"https:\/\/verde-amarelo.net\/verdeamarelo\/wp-json\/wp\/v2\/categories?post=73364"},{"taxonomy":"post_tag","embeddable":true,"href":"https:\/\/verde-amarelo.net\/verdeamarelo\/wp-json\/wp\/v2\/tags?post=73364"}],"curies":[{"name":"wp","href":"https:\/\/api.w.org\/{rel}","templated":true}]}}