{"id":73367,"date":"2018-12-26T19:00:00","date_gmt":"2018-12-26T21:00:00","guid":{"rendered":"https:\/\/verde-amarelo.net\/verdeamarelo\/2018\/12\/nissan-nissan-activa-el-mayor-techo-solar-colectivo-en-los-paises-bajos\/"},"modified":"2018-12-26T19:00:00","modified_gmt":"2018-12-26T21:00:00","slug":"nissan-nissan-activa-el-mayor-techo-solar-colectivo-en-los-paises-bajos","status":"publish","type":"post","link":"https:\/\/verde-amarelo.net\/verdeamarelo\/2018\/12\/nissan-nissan-activa-el-mayor-techo-solar-colectivo-en-los-paises-bajos\/","title":{"rendered":"Nissan: Nissan activa el mayor techo solar colectivo en los Pa\u00edses Bajos"},"content":{"rendered":"<div><img decoding=\"async\" src=\"data:image\/gif;base64,R0lGODlhAQABAIAAAAAAAP\/\/\/ywAAAAAAQABAAACAUwAOw==\" fifu-lazy=\"1\" fifu-data-sizes=\"auto\" fifu-data-srcset=\"https:\/\/i3.wp.com\/www.truckbrasil.com.br\/wp\/wp-content\/uploads\/2018\/12\/nissan-nissan-activa-el-mayor-techo-solar-colectivo-en-los-paises-bajos.jpg?ssl=1&w=75&resize=75&ssl=1 75w, https:\/\/i3.wp.com\/www.truckbrasil.com.br\/wp\/wp-content\/uploads\/2018\/12\/nissan-nissan-activa-el-mayor-techo-solar-colectivo-en-los-paises-bajos.jpg?ssl=1&w=100&resize=100&ssl=1 100w, https:\/\/i3.wp.com\/www.truckbrasil.com.br\/wp\/wp-content\/uploads\/2018\/12\/nissan-nissan-activa-el-mayor-techo-solar-colectivo-en-los-paises-bajos.jpg?ssl=1&w=150&resize=150&ssl=1 150w, https:\/\/i3.wp.com\/www.truckbrasil.com.br\/wp\/wp-content\/uploads\/2018\/12\/nissan-nissan-activa-el-mayor-techo-solar-colectivo-en-los-paises-bajos.jpg?ssl=1&w=240&resize=240&ssl=1 240w, https:\/\/i3.wp.com\/www.truckbrasil.com.br\/wp\/wp-content\/uploads\/2018\/12\/nissan-nissan-activa-el-mayor-techo-solar-colectivo-en-los-paises-bajos.jpg?ssl=1&w=320&resize=320&ssl=1 320w, https:\/\/i3.wp.com\/www.truckbrasil.com.br\/wp\/wp-content\/uploads\/2018\/12\/nissan-nissan-activa-el-mayor-techo-solar-colectivo-en-los-paises-bajos.jpg?ssl=1&w=500&resize=500&ssl=1 500w, https:\/\/i3.wp.com\/www.truckbrasil.com.br\/wp\/wp-content\/uploads\/2018\/12\/nissan-nissan-activa-el-mayor-techo-solar-colectivo-en-los-paises-bajos.jpg?ssl=1&w=640&resize=640&ssl=1 640w, https:\/\/i3.wp.com\/www.truckbrasil.com.br\/wp\/wp-content\/uploads\/2018\/12\/nissan-nissan-activa-el-mayor-techo-solar-colectivo-en-los-paises-bajos.jpg?ssl=1&w=800&resize=800&ssl=1 800w, https:\/\/i3.wp.com\/www.truckbrasil.com.br\/wp\/wp-content\/uploads\/2018\/12\/nissan-nissan-activa-el-mayor-techo-solar-colectivo-en-los-paises-bajos.jpg?ssl=1&w=1024&resize=1024&ssl=1 1024w, https:\/\/i3.wp.com\/www.truckbrasil.com.br\/wp\/wp-content\/uploads\/2018\/12\/nissan-nissan-activa-el-mayor-techo-solar-colectivo-en-los-paises-bajos.jpg?ssl=1&w=1280&resize=1280&ssl=1 1280w, https:\/\/i3.wp.com\/www.truckbrasil.com.br\/wp\/wp-content\/uploads\/2018\/12\/nissan-nissan-activa-el-mayor-techo-solar-colectivo-en-los-paises-bajos.jpg?ssl=1&w=1600&resize=1600&ssl=1 1600w\" fifu-data-src=\"https:\/\/i3.wp.com\/www.truckbrasil.com.br\/wp\/wp-content\/uploads\/2018\/12\/nissan-nissan-activa-el-mayor-techo-solar-colectivo-en-los-paises-bajos.jpg?ssl=1\" class=\"ff-og-image-inserted\"\/><\/div>\n<p><strong>\u00c1MSTERDAM, Pa\u00edses Bajos \u2013<\/strong> Nissan ha confirmado la activaci\u00f3n del mayor techo solar colectivo de los Pa\u00edses Bajos en sus instalaciones de \u00c1msterdam.<\/p>&nbsp;&nbsp;\n<p>El techo solar est\u00e1 instalado sobre el tejado de Nissan Motor Parts Center (NMPC) situado en la capital holandesa y est\u00e1 formado por casi nueve mil p\u00e1neles fotovoltaicos que generan suficiente electricidad renovable al a\u00f1o para abastecer a 900 hogares. Esta iniciativa tambi\u00e9n reducir\u00e1 significativamente las emisiones de CO2 de las instalaciones.<\/p>&nbsp;&nbsp;\n<p>En total, se calcula que el techo solar evitar\u00e1 la emisi\u00f3n de 1.17 millones de kilogramos de CO2 al a\u00f1o. Este inmenso techo solar ser\u00e1 capaz de generar casi el 70 por ciento de la energ\u00eda que consume el centro de partes de Nissan al a\u00f1o y representa un hito importante en los esfuerzos de la Compa\u00f1\u00eda por hacer que sus operaciones resulten m\u00e1s sostenibles. Adem\u00e1s, la energ\u00eda generada por algunos de los p\u00e1neles se enviar\u00e1 directamente a la red el\u00e9ctrica nacional.<\/p>&nbsp;&nbsp;\n<p>&#8220;Nissan est\u00e1 comprometida con la reducci\u00f3n del impacto ambiental de nuestras instalaciones y estamos encantados de poder confirmar la activaci\u00f3n del techo solar en nuestro centro de partes de \u00c1msterdam&#8221;, coment\u00f3 Francisco Carranza, director general de Nissan Energy.<\/p>&nbsp;&nbsp;\n<p>&#8220;Invertir en nuevas soluciones energ\u00e9ticas e integrarlas es una piedra angular de Nissan Intelligent Mobility, por lo que este proyecto es un claro ejemplo de que no solo trabajamos para transformar la forma de conducir, sino tambi\u00e9n la forma de vivir&#8221;, a\u00f1adi\u00f3 Carranza.<\/p>&nbsp;&nbsp;\n<p>El proyecto es el resultado de la primera gran colaboraci\u00f3n entre residentes y una empresa. Adem\u00e1s, parte del proyecto se ha financiado mediante un programa nacional de crowdfunding.<\/p>&nbsp;&nbsp;\n<p>&#8220;\u00c1msterdam es una de las ciudades m\u00e1s innovadoras de Europa, por lo que estamos encantados de poder ayudar a esta ciudad a usar su espacio, su energ\u00eda y sus recursos de manera inteligente y eficiente, adem\u00e1s de conseguir que nuestras propias operaciones resulten mucho m\u00e1s sostenibles&#8221;, asegur\u00f3 Koen Maes, director general de Nissan Benelux (por las siglas en ingl\u00e9s de B\u00e9lgica, Pa\u00edses Bajos y Luxemburgo).<\/p>&nbsp;&nbsp;\n<p>Tras el \u00e9xito de este proyecto, el centro de partes de Nissan en \u00c1msterdam ya est\u00e1 estudiando la siguiente fase de proyectos para reducir a\u00fan m\u00e1s la huella ambiental de sus instalaciones.<\/p>&nbsp;&nbsp;\n<p># # #<\/p>\n","protected":false},"excerpt":{"rendered":"<p>\u00c1MSTERDAM, Pa\u00edses Bajos \u2013 Nissan ha confirmado la activaci\u00f3n del mayor techo solar colectivo de&#8230;<\/p>\n","protected":false},"author":1,"featured_media":0,"comment_status":"open","ping_status":"open","sticky":false,"template":"","format":"standard","meta":{"fifu_image_url":"","fifu_image_alt":"","footnotes":""},"categories":[8699],"tags":[5364],"class_list":["post-73367","post","type-post","status-publish","format-standard","hentry","category-geralcarros","tag-nissan","wpcat-8699-id"],"_links":{"self":[{"href":"https:\/\/verde-amarelo.net\/verdeamarelo\/wp-json\/wp\/v2\/posts\/73367","targetHints":{"allow":["GET"]}}],"collection":[{"href":"https:\/\/verde-amarelo.net\/verdeamarelo\/wp-json\/wp\/v2\/posts"}],"about":[{"href":"https:\/\/verde-amarelo.net\/verdeamarelo\/wp-json\/wp\/v2\/types\/post"}],"author":[{"embeddable":true,"href":"https:\/\/verde-amarelo.net\/verdeamarelo\/wp-json\/wp\/v2\/users\/1"}],"replies":[{"embeddable":true,"href":"https:\/\/verde-amarelo.net\/verdeamarelo\/wp-json\/wp\/v2\/comments?post=73367"}],"version-history":[{"count":0,"href":"https:\/\/verde-amarelo.net\/verdeamarelo\/wp-json\/wp\/v2\/posts\/73367\/revisions"}],"wp:attachment":[{"href":"https:\/\/verde-amarelo.net\/verdeamarelo\/wp-json\/wp\/v2\/media?parent=73367"}],"wp:term":[{"taxonomy":"category","embeddable":true,"href":"https:\/\/verde-amarelo.net\/verdeamarelo\/wp-json\/wp\/v2\/categories?post=73367"},{"taxonomy":"post_tag","embeddable":true,"href":"https:\/\/verde-amarelo.net\/verdeamarelo\/wp-json\/wp\/v2\/tags?post=73367"}],"curies":[{"name":"wp","href":"https:\/\/api.w.org\/{rel}","templated":true}]}}