{"id":73370,"date":"2018-12-27T16:00:59","date_gmt":"2018-12-27T18:00:59","guid":{"rendered":"https:\/\/verde-amarelo.net\/verdeamarelo\/2018\/12\/tabela-de-frete-veja-o-que-acontece-se-ficar-ou-se-cair-a-liminar\/"},"modified":"2018-12-27T16:00:59","modified_gmt":"2018-12-27T18:00:59","slug":"tabela-de-frete-veja-o-que-acontece-se-ficar-ou-se-cair-a-liminar","status":"publish","type":"post","link":"https:\/\/verde-amarelo.net\/verdeamarelo\/2018\/12\/tabela-de-frete-veja-o-que-acontece-se-ficar-ou-se-cair-a-liminar\/","title":{"rendered":"Tabela de Frete: Veja o que acontece se ficar ou se cair a liminar"},"content":{"rendered":"<blockquote class=\"quote_content\" readability=\"31\">\n<p><span>O tabelamento de valores de fretes proposto pelo Governo Federal divide opini\u00f5es e o Fretefy explica os benef\u00edcios de cada uma das resolu\u00e7\u00f5es.<\/span><\/p>\n<\/blockquote>\n<p><a href=\"http:\/\/www.cargonews.com.br\/wp-content\/uploads\/2018\/12\/Fretefy-Transporte-de-cargas-1.jpg\"><img \"wp-image-25134 alignleft&#8221; src=&#8221;https:\/\/www.truckbrasil.com.br\/wp\/wp-content\/uploads\/2018\/12\/tabela-de-frete-veja-o-que-acontece-se-ficar-ou-se-cair-a-liminar.jpg&#8221; alt=&#8221;&#8221; width=&#8221;433&#8243; height=&#8221;244&#8243; srcset=&#8221;https:\/\/www.truckbrasil.com.br\/wp\/wp-content\/uploads\/2018\/12\/tabela-de-frete-veja-o-que-acontece-se-ficar-ou-se-cair-a-liminar.jpg 300w, http:\/\/www.cargonews.com.br\/wp-content\/uploads\/2018\/12\/Fretefy-Transporte-de-cargas-1-768&#215;432.jpg 768w, http:\/\/www.cargonews.com.br\/wp-content\/uploads\/2018\/12\/Fretefy-Transporte-de-cargas-1-1024&#215;575.jpg 1024w, http:\/\/www.cargonews.com.br\/wp-content\/uploads\/2018\/12\/Fretefy-Transporte-de-cargas-1.jpg 1180w&#8221; sizes=&#8221;(max-width: 433px) 100vw, 433px&#8221;\/><\/a>Ap\u00f3s a greve dos caminhoneiros que paralisou o pa\u00eds em maio deste ano, o Governo Federal definiu uma tabela de frete que estipula valores m\u00ednimos para o transporte de cargas. Essa tabela s\u00f3 poderia sofrer altera\u00e7\u00f5es em casos espec\u00edficos, como a mudan\u00e7a de pre\u00e7o dos combust\u00edveis ou tributa\u00e7\u00e3o, como aconteceu recentemente com a baixa de at\u00e9 5,3% devido \u00e0 queda do Diesel. Por\u00e9m, o que vem inflamando os \u00e2nimos dos caminhoneiros novamente \u00e9 a liminar do ministro Luiz Fux, do STF (Supremo Tribunal Federal), que pro\u00edbe a ANTT (Ag\u00eancia Nacional de Transportes Terrestres) de multar quem n\u00e3o segue a tabela.<\/p>&nbsp;&nbsp;\n<p>Mas como toda a hist\u00f3ria tem dois lados, os especialistas do Fretefy \u2013 plataforma de gest\u00e3o que conecta transportadoras e motoristas aut\u00f4nomos por meio de geolocaliza\u00e7\u00e3o \u2013 fizeram uma an\u00e1lise dos benef\u00edcios de cada cen\u00e1rio. O que fica de bom se a tabela permanecer e o que fica de bom se a tabela cair.<\/p>&nbsp;&nbsp;\n<p>\u201cAcreditamos que \u00e9 preciso sempre ver o melhor cen\u00e1rio em cada situa\u00e7\u00e3o, pois uma decis\u00e3o em breve ter\u00e1 que ser tomada. N\u00e3o podemos esquecer que ano que vem haver\u00e1 um novo governo e que ainda n\u00e3o existe posicionamento dele em rela\u00e7\u00e3o a esse tema. Tudo pode acontecer e queremos ajudar o mercado a aproveitar cada situa\u00e7\u00e3o da melhor forma. Nossa plataforma tem esse objetivo, ajudar a transportadora na gest\u00e3o do seu neg\u00f3cio e o motorista aut\u00f4nomo a fazer a melhor negocia\u00e7\u00e3o ao fechar o frete\u201d, declara Marilucia Pertile Gerente de Marketing e vendas Fretefy.<\/p>&nbsp;&nbsp;\n<p><strong>Se Ficar:<\/strong><\/p>\n<p>\u2013 Negocia\u00e7\u00e3o fixa: Ter uma tabela base d\u00e1 as diretrizes de negocia\u00e7\u00e3o de uma forma global, ent\u00e3o o pequeno recebe o mesmo valor de frete do grande, mesmo na entressafra.<\/p>&nbsp;&nbsp;\n<p>\u2013 A baixa margem de negocia\u00e7\u00e3o diminui o n\u00famero de fretes, mas por sua vez o lucro do frete pode ser maior.<\/p>&nbsp;&nbsp;\n<p>-Diminui o n\u00famero de terceiros, o que por sua vez faz com que as transportadoras contratem mais e invistam em suas frotas, aquecendo o mercado de venda de ve\u00edculos pesados.<\/p>&nbsp;&nbsp;\n<p>Se Cair:<\/p>\n<p>\u2013 Livre mercado: motoristas e transportadoras possuem liberdade de negocia\u00e7\u00e3o dentro de seus limites e necessidades, sem interven\u00e7\u00e3o do Governo.<\/p>&nbsp;&nbsp;\n<p>\u2013 Incentivo \u00e0 terceiriza\u00e7\u00e3o: Com maior margem de negocia\u00e7\u00e3o, as transportadoras aumentar\u00e3o o n\u00famero de terceiros e, com isso, mais fretes ser\u00e3o disponibilizados no mercado, movimentando o setor economicamente.<\/p>&nbsp;&nbsp;\n<p>\u2013 Pre\u00e7os mais acess\u00edveis de transportes de cargas para os clientes finais.<\/p>&nbsp;&nbsp;\n<p>\u2013 Varia\u00e7\u00e3o de valor poder\u00e1 acontecer de acordo com a demanda, como no caso do per\u00edodo de safra (em que a demanda aumenta) ou entressafra (quando a demanda cai).<\/p>&nbsp;&nbsp;\n<p>Automa\u00e7\u00e3o e gest\u00e3o de cargas ajuda na melhor negocia\u00e7\u00e3o e no frete retorno<\/p>\n<p>Para auxiliar as empresas e os aut\u00f4nomos, o Fretefy foi lan\u00e7ado recentemente, conectando, gerenciando e integrando o transporte rodovi\u00e1rio. A plataforma foi criada dentro da Gestran, empresa paranaense que desenvolve softwares para transporte e log\u00edstica h\u00e1 mais de duas d\u00e9cadas. O Fretefy chega para cobrir v\u00e1rias lacunas no mercado, como a contrata\u00e7\u00e3o de terceiros e a busca por frete retorno para que os caminh\u00f5es n\u00e3o trafeguem vazios.<\/p>&nbsp;&nbsp;\n<p>O Fretefy oferece a gest\u00e3o r\u00e1pida de cargas e caminh\u00f5es. O usu\u00e1rio cadastra as cargas que precisam de transporte e informa suas caracter\u00edsticas, qual o ve\u00edculo necess\u00e1rio e locais de coleta\/entrega. A partir destes dados, os rob\u00f4s da plataforma fazem o cruzamento de dados e oferecem as melhores op\u00e7\u00f5es para o transporte, mostrando tanto caminh\u00f5es pr\u00f3prios dispon\u00edveis quanto motoristas aut\u00f4nomos quando h\u00e1 esta necessidade.<\/p>&nbsp;&nbsp;\n<p>Com a plataforma, o gestor da transportadora passa a saber instantaneamente qual a localiza\u00e7\u00e3o das cargas em tr\u00e2nsito, quais encomendas precisam ser transportadas e quais cargas j\u00e1 foram entregues. Al\u00e9m disso, h\u00e1 aumento significativo do lucro por meio da funcionalidade de frete retorno. Na outra ponta, o caminhoneiro aut\u00f4nomo tamb\u00e9m consegue buscar fretes em todo o Brasil de forma gratuita, utilizando apenas o Fretefy em sua vers\u00e3o de aplicativo \u2013 destinada exclusivamente aos motoristas.<\/p>&nbsp;&nbsp;\n<p>Outro diferencial que tem chamado a aten\u00e7\u00e3o das transportadoras \u00e9 o rastreamento e controle de entrega do Fretefy. Transportadoras j\u00e1 apontaram que com o Fretefy pretendem aumentar seu faturamento em at\u00e9 20%.<\/p>&nbsp;&nbsp;\n<p>Assessoria de Imprensa<\/p>\n","protected":false},"excerpt":{"rendered":"<p>O tabelamento de valores de fretes proposto pelo Governo Federal divide opini\u00f5es e o Fretefy&#8230;<\/p>\n","protected":false},"author":1,"featured_media":0,"comment_status":"open","ping_status":"open","sticky":false,"template":"","format":"standard","meta":{"fifu_image_url":"","fifu_image_alt":"","footnotes":""},"categories":[8725],"tags":[9333],"class_list":["post-73370","post","type-post","status-publish","format-standard","hentry","category-geralmercado","tag-caminhoneirosnoticias","wpcat-8725-id"],"_links":{"self":[{"href":"https:\/\/verde-amarelo.net\/verdeamarelo\/wp-json\/wp\/v2\/posts\/73370","targetHints":{"allow":["GET"]}}],"collection":[{"href":"https:\/\/verde-amarelo.net\/verdeamarelo\/wp-json\/wp\/v2\/posts"}],"about":[{"href":"https:\/\/verde-amarelo.net\/verdeamarelo\/wp-json\/wp\/v2\/types\/post"}],"author":[{"embeddable":true,"href":"https:\/\/verde-amarelo.net\/verdeamarelo\/wp-json\/wp\/v2\/users\/1"}],"replies":[{"embeddable":true,"href":"https:\/\/verde-amarelo.net\/verdeamarelo\/wp-json\/wp\/v2\/comments?post=73370"}],"version-history":[{"count":0,"href":"https:\/\/verde-amarelo.net\/verdeamarelo\/wp-json\/wp\/v2\/posts\/73370\/revisions"}],"wp:attachment":[{"href":"https:\/\/verde-amarelo.net\/verdeamarelo\/wp-json\/wp\/v2\/media?parent=73370"}],"wp:term":[{"taxonomy":"category","embeddable":true,"href":"https:\/\/verde-amarelo.net\/verdeamarelo\/wp-json\/wp\/v2\/categories?post=73370"},{"taxonomy":"post_tag","embeddable":true,"href":"https:\/\/verde-amarelo.net\/verdeamarelo\/wp-json\/wp\/v2\/tags?post=73370"}],"curies":[{"name":"wp","href":"https:\/\/api.w.org\/{rel}","templated":true}]}}