{"id":73373,"date":"2018-12-28T08:59:49","date_gmt":"2018-12-28T10:59:49","guid":{"rendered":"https:\/\/verde-amarelo.net\/verdeamarelo\/2018\/12\/ecosul-comeca-operacao-ano-novo-nesta-sexta-28\/"},"modified":"2018-12-28T08:59:49","modified_gmt":"2018-12-28T10:59:49","slug":"ecosul-comeca-operacao-ano-novo-nesta-sexta-28","status":"publish","type":"post","link":"https:\/\/verde-amarelo.net\/verdeamarelo\/2018\/12\/ecosul-comeca-operacao-ano-novo-nesta-sexta-28\/","title":{"rendered":"Ecosul come\u00e7a Opera\u00e7\u00e3o Ano Novo nesta sexta (28)"},"content":{"rendered":"<div id=\"attachment_25154\" class=\"wp-caption alignleft\" readability=\"32\"><a href=\"http:\/\/www.cargonews.com.br\/wp-content\/uploads\/2018\/12\/SantaDaBoaVistaFotoNauro-J%C3%BAnior273.jpg\">&#8221; wp-image-25154&#8243; src=&#8221;https:\/\/www.truckbrasil.com.br\/wp\/wp-content\/uploads\/2018\/12\/ecosul-comeca-operacao-ano-novo-nesta-sexta-28.jpg&#8221; alt=&#8221;&#8221; width=&#8221;420&#8243; height=&#8221;280&#8243; srcset=&#8221;http:\/\/www.cargonews.com.br\/wp-content\/uploads\/2018\/12\/SantaDaBoaVistaFotoNauro-J&#xFA;nior273-300&#215;200.jpg 300w, http:\/\/www.cargonews.com.br\/wp-content\/uploads\/2018\/12\/SantaDaBoaVistaFotoNauro-J&#xFA;nior273-768&#215;512.jpg 768w, http:\/\/www.cargonews.com.br\/wp-content\/uploads\/2018\/12\/SantaDaBoaVistaFotoNauro-J&#xFA;nior273-1024&#215;682.jpg 1024w&#8221; sizes=&#8221;(max-width: 420px) 100vw, 420px&#8221;\/><\/a><\/p>\n<p class=\"wp-caption-text\">SantaDaBoaVistaFotoNauro-J\u00fanior273<\/p>\n<\/div>\n<p>As comemora\u00e7\u00f5es para o in\u00edcio do ano est\u00e3o chegando e a Ecosul preparou mais uma opera\u00e7\u00e3o especial para atender ao tr\u00e1fego estimado de 170 mil ve\u00edculos circulando pelo Polo Rodovi\u00e1rio de Pelotas durante o per\u00edodo. A Opera\u00e7\u00e3o de Ano Novo ocorre das 0h de sexta-feira (28) e se estende at\u00e9 \u00e0s 23h59min, de ter\u00e7a-feira (1\u00b0) de janeiro de 2019. A concessionaria contar\u00e1 com 220 profissionais e 25 viaturas durante os cincos dias de a\u00e7\u00e3o.<\/p>&nbsp;&nbsp;\n<p>O objetivo da iniciativa \u00e9 proporcionar seguran\u00e7a aos motoristas que circularem pelas rodovias da regi\u00e3o. No ano passado foram registrados dois acidentes com duas v\u00edtimas na mesma \u00e9poca. \u201cNosso desejo \u00e9 repetir os bons dados do ano passado, onde tivemos um baixo n\u00famero de acidentes e nenhum \u00f3bito\u201d, ressalta o gerente de atendimento ao usu\u00e1rio, Raul Boff. Segundo ele, \u00e9 importante que os motoristas sejam prudentes e revisem seus ve\u00edculos antes de pegar a estrada.<\/p>&nbsp;&nbsp;\n<p>HIST\u00d3RICO \u2013 A Ecosul \u00e9 uma empresa do Grupo Ecorodovias, respons\u00e1vel por administrar o Polo Rodovi\u00e1rio de Pelotas. S\u00e3o 457,3 quil\u00f4metros de extens\u00e3o, compostos pelas rodovias BR 116 \u2013 entre Camaqu\u00e3, Pelotas e Jaguar\u00e3o, e BR 392 \u2013 trecho entre as cidades de Rio Grande, Pelotas e Santana da Boa Vista. Para dar suporte aos usu\u00e1rios do Polo Rodovi\u00e1rio de Pelotas, a Ecosul disponibiliza, al\u00e9m de servi\u00e7os gratuitos de atendimento m\u00e9dico e mec\u00e2nico, os SAUs \u2013 Servi\u00e7o de Atendimento ao Usu\u00e1rio. Estes espa\u00e7os est\u00e3o em funcionamento em diferentes pontos da rodovia: Cristal (km 430 daBR 116), Turu\u00e7u (km 492 da BR 116), Arroio Grande (km 607 da BR 116), Rio Grande (km 52 da BR 392) e Cangu\u00e7u (km 125 da BR 392). Os pr\u00e9dios t\u00eam estruturas projetadas para suprir as necessidades de apoio aos viajantes, com estacionamento pr\u00f3prio, banheiros, frald\u00e1rio, caf\u00e9, informa\u00e7\u00f5es tur\u00edsticas e espa\u00e7o para recobrar as energias e seguir viagem com tranquilidade.<\/p>&nbsp;&nbsp;\n<p><strong>Confira cinco dicas de seguran\u00e7a no tr\u00e2nsito preparadas pela Ecosul:<\/strong><\/p>\n<p><strong>1) Lugar de crian\u00e7a \u00e9 na cadeirinha no banco de tr\u00e1s:<\/strong><br \/>\u2013 Use sempre o cinto de seguran\u00e7a e os dispositivos de seguran\u00e7a para crian\u00e7as.<br \/>\u2013 Beb\u00ea conforto: do nascimento at\u00e9 13Kg ou 1 ano.<br \/>\u2013 Cadeirinha: de 1 a 4 anos ou 13 a 18 Kg.<br \/>\u2013 Assento de eleva\u00e7\u00e3o: 4 a 7 anos e meio.<br \/>\u2013 Acima de 7 anos e meio, pode-se utilizar somente o cinto de seguran\u00e7a desde que este passe sobre o t\u00f3rax e n\u00e3o sobre o pesco\u00e7o.<br \/><strong>2) Luz baixa \u00e9 visibilidade alta:<\/strong><br \/>\u2013 Use farol baixo mesmo durante o dia;<br \/>\u2013 Sob neblina ou chuva reduza a velocidade.<br \/><strong>3) Nunca acione o pisca-alerta com o carro em movimento:<\/strong><br \/>\u2013 S\u00f3 deve ser usado se o carro estiver parado. Em caso de neblina, jamais use-o para sinalizar.<br \/><strong>4) Celular ao volante, perigo constante:<\/strong><br \/>\u2013 Dirigir e falar ao celular aumenta em at\u00e9 23 vezes o risco de acidentes.<br \/>\u2013 No caso de mensagens de texto, o risco pode aumentar ainda mais.<br \/><strong>5) Acostamento, s\u00f3 em caso de emerg\u00eancia:<\/strong><br \/>\u2013 Al\u00e9m de ser proibido por lei, trafegar por ele coloca em risco a pr\u00f3pria vida e de muitos pedestres;<br \/>\u2013 Realize revis\u00e3o nos itens b\u00e1sicos de seu ve\u00edculo tais como: pneus (verifique o estepe), \u00e1gua, \u00f3leo, combust\u00edvel e ilumina\u00e7\u00e3o (revis\u00e3o geral nas l\u00e2mpadas).<\/p>&nbsp;&nbsp;\n<p>Assessoria de Imprensa<\/p>\n","protected":false},"excerpt":{"rendered":"<p>&#8221; wp-image-25154&#8243; src=&#8221;https:\/\/www.truckbrasil.com.br\/wp\/wp-content\/uploads\/2018\/12\/ecosul-comeca-operacao-ano-novo-nesta-sexta-28.jpg&#8221; alt=&#8221;&#8221; width=&#8221;420&#8243; height=&#8221;280&#8243; srcset=&#8221;http:\/\/www.cargonews.com.br\/wp-content\/uploads\/2018\/12\/SantaDaBoaVistaFotoNauro-J&#xFA;nior273-300&#215;200.jpg 300w, http:\/\/www.cargonews.com.br\/wp-content\/uploads\/2018\/12\/SantaDaBoaVistaFotoNauro-J&#xFA;nior273-768&#215;512.jpg 768w, http:\/\/www.cargonews.com.br\/wp-content\/uploads\/2018\/12\/SantaDaBoaVistaFotoNauro-J&#xFA;nior273-1024&#215;682.jpg 1024w&#8221; sizes=&#8221;(max-width: 420px) 100vw,&#8230;<\/p>\n","protected":false},"author":1,"featured_media":0,"comment_status":"open","ping_status":"open","sticky":false,"template":"","format":"standard","meta":{"fifu_image_url":"","fifu_image_alt":"","footnotes":""},"categories":[8725],"tags":[9337],"class_list":["post-73373","post","type-post","status-publish","format-standard","hentry","category-geralmercado","tag-noticiasrodoviario","wpcat-8725-id"],"_links":{"self":[{"href":"https:\/\/verde-amarelo.net\/verdeamarelo\/wp-json\/wp\/v2\/posts\/73373","targetHints":{"allow":["GET"]}}],"collection":[{"href":"https:\/\/verde-amarelo.net\/verdeamarelo\/wp-json\/wp\/v2\/posts"}],"about":[{"href":"https:\/\/verde-amarelo.net\/verdeamarelo\/wp-json\/wp\/v2\/types\/post"}],"author":[{"embeddable":true,"href":"https:\/\/verde-amarelo.net\/verdeamarelo\/wp-json\/wp\/v2\/users\/1"}],"replies":[{"embeddable":true,"href":"https:\/\/verde-amarelo.net\/verdeamarelo\/wp-json\/wp\/v2\/comments?post=73373"}],"version-history":[{"count":0,"href":"https:\/\/verde-amarelo.net\/verdeamarelo\/wp-json\/wp\/v2\/posts\/73373\/revisions"}],"wp:attachment":[{"href":"https:\/\/verde-amarelo.net\/verdeamarelo\/wp-json\/wp\/v2\/media?parent=73373"}],"wp:term":[{"taxonomy":"category","embeddable":true,"href":"https:\/\/verde-amarelo.net\/verdeamarelo\/wp-json\/wp\/v2\/categories?post=73373"},{"taxonomy":"post_tag","embeddable":true,"href":"https:\/\/verde-amarelo.net\/verdeamarelo\/wp-json\/wp\/v2\/tags?post=73373"}],"curies":[{"name":"wp","href":"https:\/\/api.w.org\/{rel}","templated":true}]}}