{"id":73377,"date":"2018-12-28T21:35:06","date_gmt":"2018-12-28T23:35:06","guid":{"rendered":"https:\/\/verde-amarelo.net\/verdeamarelo\/2018\/12\/projeto-basico-da-linha-19-celeste-deve-ser-contratado-no-ano-que-vem\/"},"modified":"2018-12-28T21:35:06","modified_gmt":"2018-12-28T23:35:06","slug":"projeto-basico-da-linha-19-celeste-deve-ser-contratado-no-ano-que-vem","status":"publish","type":"post","link":"https:\/\/verde-amarelo.net\/verdeamarelo\/2018\/12\/projeto-basico-da-linha-19-celeste-deve-ser-contratado-no-ano-que-vem\/","title":{"rendered":"Projeto b\u00e1sico da Linha 19-Celeste deve ser contratado no ano que vem"},"content":{"rendered":"<p>Uma liga\u00e7\u00e3o metrovi\u00e1ria entre S\u00e3o Paulo e Guarulhos deve caminhar mais passos para se tornar realidade: a <a href=\"https:\/\/www.metrocptm.com.br\/linha-19\/\"><strong>Linha 19-Celeste<\/strong><\/a>, extens\u00e3o sobre trilhos que j\u00e1 \u00e9 conhecido h\u00e1 algum tempo e que no ano que vem deve ter seu projeto b\u00e1sico iniciado.<\/p>&nbsp;&nbsp;\n<div class=\"POEzxPa1\">\n<div class=\"anuncio-conteudo\" readability=\"8.92173913043\">\n<div id=\"beacon_d4028c4f3d\" readability=\"13.147826087\"><img decoding=\"async\" src=\"data:image\/gif;base64,R0lGODlhAQABAIAAAAAAAP\/\/\/ywAAAAAAQABAAACAUwAOw==\" fifu-lazy=\"1\" fifu-data-sizes=\"auto\" fifu-data-srcset=\"https:\/\/i1.wp.com\/www.truckbrasil.com.br\/wp\/wp-content\/uploads\/2018\/12\/projeto-basico-da-linha-19-celeste-deve-ser-contratado-no-ano-que-vem.gif?ssl=1&w=75&resize=75&ssl=1 75w, https:\/\/i1.wp.com\/www.truckbrasil.com.br\/wp\/wp-content\/uploads\/2018\/12\/projeto-basico-da-linha-19-celeste-deve-ser-contratado-no-ano-que-vem.gif?ssl=1&w=100&resize=100&ssl=1 100w, https:\/\/i1.wp.com\/www.truckbrasil.com.br\/wp\/wp-content\/uploads\/2018\/12\/projeto-basico-da-linha-19-celeste-deve-ser-contratado-no-ano-que-vem.gif?ssl=1&w=150&resize=150&ssl=1 150w, https:\/\/i1.wp.com\/www.truckbrasil.com.br\/wp\/wp-content\/uploads\/2018\/12\/projeto-basico-da-linha-19-celeste-deve-ser-contratado-no-ano-que-vem.gif?ssl=1&w=240&resize=240&ssl=1 240w, https:\/\/i1.wp.com\/www.truckbrasil.com.br\/wp\/wp-content\/uploads\/2018\/12\/projeto-basico-da-linha-19-celeste-deve-ser-contratado-no-ano-que-vem.gif?ssl=1&w=320&resize=320&ssl=1 320w, https:\/\/i1.wp.com\/www.truckbrasil.com.br\/wp\/wp-content\/uploads\/2018\/12\/projeto-basico-da-linha-19-celeste-deve-ser-contratado-no-ano-que-vem.gif?ssl=1&w=500&resize=500&ssl=1 500w, https:\/\/i1.wp.com\/www.truckbrasil.com.br\/wp\/wp-content\/uploads\/2018\/12\/projeto-basico-da-linha-19-celeste-deve-ser-contratado-no-ano-que-vem.gif?ssl=1&w=640&resize=640&ssl=1 640w, https:\/\/i1.wp.com\/www.truckbrasil.com.br\/wp\/wp-content\/uploads\/2018\/12\/projeto-basico-da-linha-19-celeste-deve-ser-contratado-no-ano-que-vem.gif?ssl=1&w=800&resize=800&ssl=1 800w, https:\/\/i1.wp.com\/www.truckbrasil.com.br\/wp\/wp-content\/uploads\/2018\/12\/projeto-basico-da-linha-19-celeste-deve-ser-contratado-no-ano-que-vem.gif?ssl=1&w=1024&resize=1024&ssl=1 1024w, https:\/\/i1.wp.com\/www.truckbrasil.com.br\/wp\/wp-content\/uploads\/2018\/12\/projeto-basico-da-linha-19-celeste-deve-ser-contratado-no-ano-que-vem.gif?ssl=1&w=1280&resize=1280&ssl=1 1280w, https:\/\/i1.wp.com\/www.truckbrasil.com.br\/wp\/wp-content\/uploads\/2018\/12\/projeto-basico-da-linha-19-celeste-deve-ser-contratado-no-ano-que-vem.gif?ssl=1&w=1600&resize=1600&ssl=1 1600w\" fifu-data-src=\"https:\/\/i1.wp.com\/www.truckbrasil.com.br\/wp\/wp-content\/uploads\/2018\/12\/projeto-basico-da-linha-19-celeste-deve-ser-contratado-no-ano-que-vem.gif?ssl=1\" width=\"0\" height=\"0\"\/>De acordo com publica\u00e7\u00e3o do jornal <em><a href=\"https:\/\/www.guarulhoshoje.com.br\/2018\/12\/19\/novo-projeto-da-linha-19-celeste-inclui-estacao-de-metro-na-regiao-do-bosque-maia\/\" target=\"_blank\" rel=\"noopener\">Guarulhos Hoje<\/a><\/em>, O Metr\u00f4 deve contratar os estudos prevendo o novo eixo de transporte entre a regi\u00e3o do Bosque Maia, em Guarulhos, at\u00e9 uma futura esta\u00e7\u00e3o no bairro do Bixiga, em S\u00e3o Paulo.<\/div>\n<\/div>\n<\/div>\n<p><em>\u201c\u2026a futura Linha 19 est\u00e1 em fase de estudos. O Metr\u00f4 concluiu o projeto funcional e incluiu no or\u00e7amento do pr\u00f3ximo ano a contrata\u00e7\u00e3o do projeto b\u00e1sico para a implanta\u00e7\u00e3o do trecho Bosque Maia \u2013 Bixiga. Este projeto dever\u00e1 prov\u00ea detalhes aprofundados sobre a forma de constru\u00e7\u00e3o da linha e precede os projetos executivos. Somente ap\u00f3s a conclus\u00e3o destas etapas, e com a defini\u00e7\u00e3o das matrizes de recursos financeiros, ser\u00e1 poss\u00edvel iniciar a execu\u00e7\u00e3o das obras\u201d<\/em>, disse uma nota da Secretaria de Transportes Metropolitanos ao site.<\/p>&nbsp;&nbsp;\n<p>No in\u00edcio da d\u00e9cada, proje\u00e7\u00f5es em mapas com a futura rede metroferrovi\u00e1ria previam a Linha 19 entre Guarulhos at\u00e9 Campo Belo, cruzando a Avenida Paulista. J\u00e1 nos mapas e informa\u00e7\u00f5es mais atuais, a liga\u00e7\u00e3o sobre trilhos aparece menor, o que facilitaria sua implanta\u00e7\u00e3o, com a redu\u00e7\u00e3o de custos.<\/p>&nbsp;&nbsp;\n<p>Seria a primeira liga\u00e7\u00e3o metrovi\u00e1ria na\u00a0segunda cidade\u00a0mais populosa do estado, que atenderia a regi\u00e3o central. O <a href=\"https:\/\/www.metrocptm.com.br\/expansao-da-linha-2-verde-ficara-para-o-proximo-governador\/\"><strong>projeto de expans\u00e3o da linha 2-Verde<\/strong><\/a> contempla apenas a chegada do Metr\u00f4 nas proximidades da Dutra, no Shopping Internacional de Guarulhos.<\/p>&nbsp;&nbsp;\n<p>Neste m\u00eas, durante uma apresenta\u00e7\u00e3o em uma associa\u00e7\u00e3o de Engenheiros e Arquitetos de S\u00e3o Paulo, representantes da empresa apresentaram o Plano Plurianual (PPA) da companhia entre os anos de 2019 e 2026.<\/p>&nbsp;&nbsp;\n<p>Segundo a apresenta\u00e7\u00e3o, al\u00e9m das atuais projetos metrovi\u00e1rios que est\u00e3o em andamento e que s\u00e3o prioridades da STM, a Linha 19-Celeste seria a <em>\u201cpr\u00f3xima da vez\u201d<\/em>.<\/p>&nbsp;&nbsp;\n<p><a href=\"https:\/\/www.metrocptm.com.br\/economia-gerada-metro-para-sao-paulo-suficiente-para-construir-100-km-linhas\/rede-futura-metro-cptm\/\" rel=\"attachment wp-att-2137\">&#8220;size-medium wp-image-2137&#8243; src=&#8221;https:\/\/www.truckbrasil.com.br\/wp\/wp-content\/uploads\/2018\/12\/projeto-basico-da-linha-19-celeste-deve-ser-contratado-no-ano-que-vem.jpg&#8221; sizes=&#8221;(max-width: 679px) 100vw, 679px&#8221; srcset=&#8221;https:\/\/www.truckbrasil.com.br\/wp\/wp-content\/uploads\/2018\/12\/projeto-basico-da-linha-19-celeste-deve-ser-contratado-no-ano-que-vem.jpg 679w, https:\/\/www.metrocptm.com.br\/wp-content\/uploads\/2016\/09\/rede-futura-metro-cptm-768&#215;566.jpg 768w, https:\/\/www.metrocptm.com.br\/wp-content\/uploads\/2016\/09\/rede-futura-metro-cptm-869&#215;640.jpg 869w, https:\/\/www.metrocptm.com.br\/wp-content\/uploads\/2016\/09\/rede-futura-metro-cptm-810&#215;597.jpg 810w, https:\/\/www.metrocptm.com.br\/wp-content\/uploads\/2016\/09\/rede-futura-metro-cptm-1140&#215;840.jpg 1140w, https:\/\/www.metrocptm.com.br\/wp-content\/uploads\/2016\/09\/rede-futura-metro-cptm.jpg 1600w&#8221; alt=&#8221;A rede futura do Metr&#xF4; e da CPTM&#8221; width=&#8221;679&#8243; height=&#8221;500&#8243;\/><\/a>A linha 19 aparece em v\u00e1rios mapas futuros do Metr\u00f4 ainda com tra\u00e7ado provis\u00f3rio<\/p>\n","protected":false},"excerpt":{"rendered":"<p>Uma liga\u00e7\u00e3o metrovi\u00e1ria entre S\u00e3o Paulo e Guarulhos deve caminhar mais passos para se tornar&#8230;<\/p>\n","protected":false},"author":1,"featured_media":0,"comment_status":"open","ping_status":"open","sticky":false,"template":"","format":"standard","meta":{"fifu_image_url":"","fifu_image_alt":"","footnotes":""},"categories":[8702],"tags":[8975],"class_list":["post-73377","post","type-post","status-publish","format-standard","hentry","category-logistica","tag-noticias-de-mercado","wpcat-8702-id"],"_links":{"self":[{"href":"https:\/\/verde-amarelo.net\/verdeamarelo\/wp-json\/wp\/v2\/posts\/73377","targetHints":{"allow":["GET"]}}],"collection":[{"href":"https:\/\/verde-amarelo.net\/verdeamarelo\/wp-json\/wp\/v2\/posts"}],"about":[{"href":"https:\/\/verde-amarelo.net\/verdeamarelo\/wp-json\/wp\/v2\/types\/post"}],"author":[{"embeddable":true,"href":"https:\/\/verde-amarelo.net\/verdeamarelo\/wp-json\/wp\/v2\/users\/1"}],"replies":[{"embeddable":true,"href":"https:\/\/verde-amarelo.net\/verdeamarelo\/wp-json\/wp\/v2\/comments?post=73377"}],"version-history":[{"count":0,"href":"https:\/\/verde-amarelo.net\/verdeamarelo\/wp-json\/wp\/v2\/posts\/73377\/revisions"}],"wp:attachment":[{"href":"https:\/\/verde-amarelo.net\/verdeamarelo\/wp-json\/wp\/v2\/media?parent=73377"}],"wp:term":[{"taxonomy":"category","embeddable":true,"href":"https:\/\/verde-amarelo.net\/verdeamarelo\/wp-json\/wp\/v2\/categories?post=73377"},{"taxonomy":"post_tag","embeddable":true,"href":"https:\/\/verde-amarelo.net\/verdeamarelo\/wp-json\/wp\/v2\/tags?post=73377"}],"curies":[{"name":"wp","href":"https:\/\/api.w.org\/{rel}","templated":true}]}}