{"id":73378,"date":"2018-12-28T21:09:12","date_gmt":"2018-12-28T23:09:12","guid":{"rendered":"https:\/\/verde-amarelo.net\/verdeamarelo\/2018\/12\/em-2018-metro-bateu-recorde-de-expansao-de-estacoes-e-quilometros\/"},"modified":"2018-12-28T21:09:12","modified_gmt":"2018-12-28T23:09:12","slug":"em-2018-metro-bateu-recorde-de-expansao-de-estacoes-e-quilometros","status":"publish","type":"post","link":"https:\/\/verde-amarelo.net\/verdeamarelo\/2018\/12\/em-2018-metro-bateu-recorde-de-expansao-de-estacoes-e-quilometros\/","title":{"rendered":"Em 2018, Metr\u00f4 bateu recorde de expans\u00e3o de esta\u00e7\u00f5es e quil\u00f4metros"},"content":{"rendered":"<p>No dia 2 de janeiro, <a href=\"https:\/\/www.metrocptm.com.br\/veja-quais-estacoes-e-linhas-serao-expandidas-em-2018-pelo-metro-e-cptm\/\"><strong>este site havia previsto que 2018 seria marcado pela maior expans\u00e3o do Metr\u00f4 em sua hist\u00f3ria<\/strong><\/a> e de fato isso acabou ocorrendo, por\u00e9m, n\u00e3o sem que parte das obras acabasse n\u00e3o sendo conclu\u00edda. Ainda assim, os n\u00fameros foram os melhores desde que a Linha Norte-Sul abriu seu primeiro trecho em 1974: <strong>13 esta\u00e7\u00f5es inauguradas e 15,9 km de trilhos acrescentados<\/strong> a uma rede que agora possui 96,4 km do que se <a href=\"https:\/\/www.metrocptm.com.br\/sao-paulo-precisa-valorizar-seus-mais-de-360-km-de-trilhos-de-metro-e-trem-metropolitano\/\"><strong>convencionou-se chamar de \u201cmetr\u00f4\u201d<\/strong><\/a> al\u00e9m de 270 km de linhas da CPTM (e que ganhou cerca de 12 km tamb\u00e9m com o ramal Jade).<\/p>&nbsp;&nbsp;\n<div class=\"oaG5kc9Q\">\n<div class=\"anuncio-conteudo\" readability=\"10\">\n<div id=\"div-gpt-ad--1844136547-0\" data-google-query-id=\"COKI8au2w98CFUoh0wodNcQNHA\" readability=\"15\">\n<p>A marca deste ano superou 1975 em n\u00famero de esta\u00e7\u00f5es (13 contra 12) e 1988 em extens\u00e3o (15,9 km contra 10,4 km). Da mesma forma, a d\u00e9cada atual j\u00e1 \u00e9 a de maior expans\u00e3o da hist\u00f3ria com 24 esta\u00e7\u00f5es e 27,5 km acrescentados, batendo a d\u00e9cada de 1970 (23 esta\u00e7\u00f5es) e de 2000 (19,7 km).<\/p>&nbsp;&nbsp;\n<\/div>\n<\/div>\n<\/div>\n<p>No entanto, esses n\u00fameros poderiam ser melhores, \u00e9 claro. Cinco esta\u00e7\u00f5es prometidas para 2018 acabaram ficando para depois. Na Linha 5-Lil\u00e1s, a esta\u00e7\u00e3o Campo Belo, prevista para este m\u00eas, foi prorrogada para o primeiro trimestre \u2013 apenas o viaduto sobre ela foi aberto. Mas foram as quatro esta\u00e7\u00f5es da Linha 15-Prata esperadas para este semestre que tiraram um pouco do brilho do ano. Tocadas pela construtora Azevedo &amp; Travassos, <a href=\"https:\/\/www.metrocptm.com.br\/com-problemas-com-fornecedores-linha-15-prata-pode-chegar-a-sao-mateus-apenas-em-2019\/\"><strong>elas foram interrompidas por falta de dinheiro da empresa<\/strong><\/a>. Agora, o <a href=\"https:\/\/www.metrocptm.com.br\/metro-anuncia-nova-licitacao-para-concluir-quatro-estacoes-da-linha-15-prata\/\"><strong>Metr\u00f4 far\u00e1 uma nova licita\u00e7\u00e3o para conclu\u00ed-las<\/strong><\/a>, possivelmente at\u00e9 o final de 2019. Se tivessem sido inauguradas teriam feito os n\u00fameros do \u201cmetr\u00f4\u201d chegarem a 89 esta\u00e7\u00f5es e a extens\u00e3o passar da marca dos 100 km.<\/p>&nbsp;&nbsp;\n<p>\u00c9 tamb\u00e9m o segundo ano consecutivo em que a rede cresceu ap\u00f3s um per\u00edodo de tr\u00eas anos sem nenhuma inaugura\u00e7\u00e3o, causada pelo atraso geral de todas as frentes de trabalho. Ali\u00e1s, esta d\u00e9cada ficar\u00e1 marcada justamente por essa irregularidade que muitos atribuem a motiva\u00e7\u00f5es eleitorais. Mas \u00e9 fato que se esse ritmo fosse mantido (mesmo com tantos atrasos e problemas) desde 1974 S\u00e3o Paulo j\u00e1 teria 155 km de linhas de metr\u00f4 e pelo menos 135 esta\u00e7\u00f5es.<\/p>&nbsp;&nbsp;\n<p><a href=\"https:\/\/www.metrocptm.com.br\/em-2018-metro-bateu-recorde-de-expansao-de-estacoes-e-quilometros\/metro-crescimento-ano\/\" rel=\"attachment wp-att-6026\">&#8220;size-medium wp-image-6026&#8243; src=&#8221;https:\/\/www.truckbrasil.com.br\/wp\/wp-content\/uploads\/2018\/12\/em-2018-metro-bateu-recorde-de-expansao-de-estacoes-e-quilometros.jpg&#8221; sizes=&#8221;(max-width: 100%) 100vw, 750px&#8221; srcset=&#8221;https:\/\/www.truckbrasil.com.br\/wp\/wp-content\/uploads\/2018\/12\/em-2018-metro-bateu-recorde-de-expansao-de-estacoes-e-quilometros.jpg 750w, https:\/\/www.metrocptm.com.br\/wp-content\/uploads\/2018\/12\/metro-crescimento-ano-390&#215;260.jpg 390w, https:\/\/www.metrocptm.com.br\/wp-content\/uploads\/2018\/12\/metro-crescimento-ano-768&#215;512.jpg 768w, https:\/\/www.metrocptm.com.br\/wp-content\/uploads\/2018\/12\/metro-crescimento-ano-960&#215;640.jpg 960w, https:\/\/www.metrocptm.com.br\/wp-content\/uploads\/2018\/12\/metro-crescimento-ano-300&#215;200.jpg 300w, https:\/\/www.metrocptm.com.br\/wp-content\/uploads\/2018\/12\/metro-crescimento-ano-414&#215;276.jpg 414w, https:\/\/www.metrocptm.com.br\/wp-content\/uploads\/2018\/12\/metro-crescimento-ano-470&#215;313.jpg 470w, https:\/\/www.metrocptm.com.br\/wp-content\/uploads\/2018\/12\/metro-crescimento-ano-640&#215;426.jpg 640w, https:\/\/www.metrocptm.com.br\/wp-content\/uploads\/2018\/12\/metro-crescimento-ano-130&#215;86.jpg 130w, https:\/\/www.metrocptm.com.br\/wp-content\/uploads\/2018\/12\/metro-crescimento-ano-187&#215;124.jpg 187w, https:\/\/www.metrocptm.com.br\/wp-content\/uploads\/2018\/12\/metro-crescimento-ano-990&#215;660.jpg 990w, https:\/\/www.metrocptm.com.br\/wp-content\/uploads\/2018\/12\/metro-crescimento-ano.jpg 1200w&#8221; alt=&#8221;&#8221; width=&#8221;750&#8243; height=&#8221;500&#8243;\/><\/a>Apesar dos atrasos, recorde<\/p>\n<p><strong>Cole\u00e7\u00e3o de problemas<\/strong><\/p>\n<p>O problema reside sobretudo na falta de planejamento causada por fatores econ\u00f4micos e eleitorais. Embora o Metr\u00f4 sempre tenha procurado planejar a expans\u00e3o das linhas com bastante anteced\u00eancia e criado a pesquisa Origem e Destino para ajudar a decidir os rumos da mobilidade sobre trilhos, as gest\u00f5es do governo do estado acabaram atropelando esse cronograma, passando projetos sem grande prioridade \u00e0 frente ou deixando de investir em linhas por muito tempo. Foi o caso da d\u00e9cada de 90 em que houve o maior lapso da expans\u00e3o com seis anos sem nenhuma inaugura\u00e7\u00e3o (<em>veja gr\u00e1fico no final do texto<\/em>).<\/p>&nbsp;&nbsp;\n<p>A falta de ajuda do governo federal tamb\u00e9m tem complicado essa expans\u00e3o. A Uni\u00e3o se limita a fazer empr\u00e9stimos para algumas obras, mas quase n\u00e3o h\u00e1 dinheiro a fundo perdido para S\u00e3o Paulo, ao contr\u00e1rio de outros entes federativos. De quebra, os casos de corrup\u00e7\u00e3o e conluio entre fornecedores se multiplicaram, demonstrando que as obras de infraestrutura sempre foram um \u201cfil\u00e9 mignon\u201d para desvios de recursos.<\/p>&nbsp;&nbsp;\n<p>Para concluir o \u201cdesastre\u201d nossa Justi\u00e7a tem sido lenta em julgar esses casos e muitas vezes em vez de resolver os problemas acabam criando outros. Com isso, as obras de expans\u00e3o, que j\u00e1 s\u00e3o naturalmente demoradas pelo seu impacto e complexidade, acabam se arrastando por muito tempo \u2013 vide a problem\u00e1tica <a href=\"https:\/\/www.metrocptm.com.br\/juiz-decide-que-consorcio-cmi-deve-retomar-obra-da-linha-17-ouro\/\"><strong>Linha 17-Ouro<\/strong><\/a>.<\/p>&nbsp;&nbsp;\n<p><strong>O que esperar de 2019<\/strong><\/p>\n<p>Se este ano termina com um recorde n\u00e3o se pode dizer o mesmo de 2019. Com v\u00e1rias obras paradas ou em ritmo lento, o cen\u00e1rio ser\u00e1 bem diferente e para pior. <a href=\"https:\/\/www.metrocptm.com.br\/metro-entrega-viaduto-sobre-a-avenida-roberto-marinho-mas-estacao-campo-belo-fica-para-marco-de-2019\/\"><strong>\u00c9 poss\u00edvel contar apenas com a esta\u00e7\u00e3o Campo Belo, completando a Linha 5-Lil\u00e1s<\/strong><\/a>. Na Linha 4-Amarela, a esta\u00e7\u00e3o Vila S\u00f4nia, prevista para 2020, ainda est\u00e1 bastante crua embora em bom ritmo de trabalhos. J\u00e1 as quatro esta\u00e7\u00f5es da Linha 15-Prata dependem do tempo necess\u00e1rio para que uma nova ordem de servi\u00e7o seja emitida. Isso significa que a licita\u00e7\u00e3o n\u00e3o poder\u00e1 atrasar sob risco de empurrar o prazo das obras para 2020. Ainda assim, Jardim Planalto, que est\u00e1 quase pronta, \u00e9 praticamente certa para o ano que vem.<\/p>&nbsp;&nbsp;\n<p>Se o pr\u00f3ximo governador que assumir\u00e1 em janeiro conseguir tirar do papel as linhas 6-Laranja, 2-Verde (extens\u00e3o at\u00e9 Guarulhos) e 18-Bronze, quem sabem podemos ter um novo recorde, mas isso apenas na pr\u00f3xima d\u00e9cada.<\/p>&nbsp;&nbsp;\n<p><strong>Veja tamb\u00e9m: <a href=\"https:\/\/www.metrocptm.com.br\/os-problemas-que-o-proximo-governador-de-sao-paulo-tera-de-solucionar-em-mobilidade-sobre-trilhos\/\">Os problemas que o pr\u00f3ximo governador de S\u00e3o Paulo ter\u00e1 de solucionar em mobilidade sobre trilhos<\/a><\/strong><\/p>\n<p><a href=\"https:\/\/www.metrocptm.com.br\/em-2018-metro-bateu-recorde-de-expansao-de-estacoes-e-quilometros\/metro-crescimento-acumulado\/\" rel=\"attachment wp-att-6027\">&#8220;size-medium wp-image-6027&#8243; src=&#8221;https:\/\/www.truckbrasil.com.br\/wp\/wp-content\/uploads\/2018\/12\/em-2018-metro-bateu-recorde-de-expansao-de-estacoes-e-quilometros-1.jpg&#8221; sizes=&#8221;(max-width: 100%) 100vw, 750px&#8221; srcset=&#8221;https:\/\/www.truckbrasil.com.br\/wp\/wp-content\/uploads\/2018\/12\/em-2018-metro-bateu-recorde-de-expansao-de-estacoes-e-quilometros-1.jpg 750w, https:\/\/www.metrocptm.com.br\/wp-content\/uploads\/2018\/12\/metro-crescimento-acumulado-390&#215;260.jpg 390w, https:\/\/www.metrocptm.com.br\/wp-content\/uploads\/2018\/12\/metro-crescimento-acumulado-768&#215;512.jpg 768w, https:\/\/www.metrocptm.com.br\/wp-content\/uploads\/2018\/12\/metro-crescimento-acumulado-960&#215;640.jpg 960w, https:\/\/www.metrocptm.com.br\/wp-content\/uploads\/2018\/12\/metro-crescimento-acumulado-300&#215;200.jpg 300w, https:\/\/www.metrocptm.com.br\/wp-content\/uploads\/2018\/12\/metro-crescimento-acumulado-414&#215;276.jpg 414w, https:\/\/www.metrocptm.com.br\/wp-content\/uploads\/2018\/12\/metro-crescimento-acumulado-470&#215;313.jpg 470w, https:\/\/www.metrocptm.com.br\/wp-content\/uploads\/2018\/12\/metro-crescimento-acumulado-640&#215;426.jpg 640w, https:\/\/www.metrocptm.com.br\/wp-content\/uploads\/2018\/12\/metro-crescimento-acumulado-130&#215;86.jpg 130w, https:\/\/www.metrocptm.com.br\/wp-content\/uploads\/2018\/12\/metro-crescimento-acumulado-187&#215;124.jpg 187w, https:\/\/www.metrocptm.com.br\/wp-content\/uploads\/2018\/12\/metro-crescimento-acumulado-990&#215;660.jpg 990w, https:\/\/www.metrocptm.com.br\/wp-content\/uploads\/2018\/12\/metro-crescimento-acumulado.jpg 1200w&#8221; alt=&#8221;&#8221; width=&#8221;750&#8243; height=&#8221;500&#8243;\/><\/a>Ritmo aumentou na atual d\u00e9cada, por\u00e9m, era poss\u00edvel ser melhor ainda<\/p>\n","protected":false},"excerpt":{"rendered":"<p>No dia 2 de janeiro, este site havia previsto que 2018 seria marcado pela maior&#8230;<\/p>\n","protected":false},"author":1,"featured_media":0,"comment_status":"open","ping_status":"open","sticky":false,"template":"","format":"standard","meta":{"fifu_image_url":"","fifu_image_alt":"","footnotes":""},"categories":[8702],"tags":[8975],"class_list":["post-73378","post","type-post","status-publish","format-standard","hentry","category-logistica","tag-noticias-de-mercado","wpcat-8702-id"],"_links":{"self":[{"href":"https:\/\/verde-amarelo.net\/verdeamarelo\/wp-json\/wp\/v2\/posts\/73378","targetHints":{"allow":["GET"]}}],"collection":[{"href":"https:\/\/verde-amarelo.net\/verdeamarelo\/wp-json\/wp\/v2\/posts"}],"about":[{"href":"https:\/\/verde-amarelo.net\/verdeamarelo\/wp-json\/wp\/v2\/types\/post"}],"author":[{"embeddable":true,"href":"https:\/\/verde-amarelo.net\/verdeamarelo\/wp-json\/wp\/v2\/users\/1"}],"replies":[{"embeddable":true,"href":"https:\/\/verde-amarelo.net\/verdeamarelo\/wp-json\/wp\/v2\/comments?post=73378"}],"version-history":[{"count":0,"href":"https:\/\/verde-amarelo.net\/verdeamarelo\/wp-json\/wp\/v2\/posts\/73378\/revisions"}],"wp:attachment":[{"href":"https:\/\/verde-amarelo.net\/verdeamarelo\/wp-json\/wp\/v2\/media?parent=73378"}],"wp:term":[{"taxonomy":"category","embeddable":true,"href":"https:\/\/verde-amarelo.net\/verdeamarelo\/wp-json\/wp\/v2\/categories?post=73378"},{"taxonomy":"post_tag","embeddable":true,"href":"https:\/\/verde-amarelo.net\/verdeamarelo\/wp-json\/wp\/v2\/tags?post=73378"}],"curies":[{"name":"wp","href":"https:\/\/api.w.org\/{rel}","templated":true}]}}