{"id":73379,"date":"2018-12-28T21:02:31","date_gmt":"2018-12-28T23:02:31","guid":{"rendered":"https:\/\/verde-amarelo.net\/verdeamarelo\/2018\/12\/para-atender-doria-cptm-tera-de-refazer-boa-parte-dos-projetos-da-linha-13-jade\/"},"modified":"2018-12-28T21:02:31","modified_gmt":"2018-12-28T23:02:31","slug":"para-atender-doria-cptm-tera-de-refazer-boa-parte-dos-projetos-da-linha-13-jade","status":"publish","type":"post","link":"https:\/\/verde-amarelo.net\/verdeamarelo\/2018\/12\/para-atender-doria-cptm-tera-de-refazer-boa-parte-dos-projetos-da-linha-13-jade\/","title":{"rendered":"Para atender Doria, CPTM ter\u00e1 de refazer boa parte dos projetos da Linha 13-Jade"},"content":{"rendered":"<p>Em recente entrevista a R\u00e1dio Bandeirantes, o governador eleito de S\u00e3o Paulo, Jo\u00e3o Doria, disse que pretende levar a <a href=\"https:\/\/www.metrocptm.com.br\/doria-fala-em-revogar-cancelamento-da-ppp-da-linha-6-e-levar-linha-13-para-dentro-do-aeroporto\/\"><strong>Linha 13-Jade da CPTM para dentro do Aeroporto de Guarulhos<\/strong><\/a>. <em>\u201cSer\u00e1 uma das prioridades da secretaria de Transportes Metropolitanos corrigir esse erro, esse equivoco\u201d<\/em>, afirmou Doria.<\/p>&nbsp;&nbsp;\n<div class=\"EDeKsoH5\">\n<div class=\"anuncio-conteudo\">\n<div id=\"beacon_6b7b2d8339\"><img decoding=\"async\" src=\"data:image\/gif;base64,R0lGODlhAQABAIAAAAAAAP\/\/\/ywAAAAAAQABAAACAUwAOw==\" fifu-lazy=\"1\" fifu-data-sizes=\"auto\" fifu-data-srcset=\"https:\/\/i1.wp.com\/www.truckbrasil.com.br\/wp\/wp-content\/uploads\/2018\/12\/para-atender-doria-cptm-tera-de-refazer-boa-parte-dos-projetos-da-linha-13-jade.gif?ssl=1&w=75&resize=75&ssl=1 75w, https:\/\/i1.wp.com\/www.truckbrasil.com.br\/wp\/wp-content\/uploads\/2018\/12\/para-atender-doria-cptm-tera-de-refazer-boa-parte-dos-projetos-da-linha-13-jade.gif?ssl=1&w=100&resize=100&ssl=1 100w, https:\/\/i1.wp.com\/www.truckbrasil.com.br\/wp\/wp-content\/uploads\/2018\/12\/para-atender-doria-cptm-tera-de-refazer-boa-parte-dos-projetos-da-linha-13-jade.gif?ssl=1&w=150&resize=150&ssl=1 150w, https:\/\/i1.wp.com\/www.truckbrasil.com.br\/wp\/wp-content\/uploads\/2018\/12\/para-atender-doria-cptm-tera-de-refazer-boa-parte-dos-projetos-da-linha-13-jade.gif?ssl=1&w=240&resize=240&ssl=1 240w, https:\/\/i1.wp.com\/www.truckbrasil.com.br\/wp\/wp-content\/uploads\/2018\/12\/para-atender-doria-cptm-tera-de-refazer-boa-parte-dos-projetos-da-linha-13-jade.gif?ssl=1&w=320&resize=320&ssl=1 320w, https:\/\/i1.wp.com\/www.truckbrasil.com.br\/wp\/wp-content\/uploads\/2018\/12\/para-atender-doria-cptm-tera-de-refazer-boa-parte-dos-projetos-da-linha-13-jade.gif?ssl=1&w=500&resize=500&ssl=1 500w, https:\/\/i1.wp.com\/www.truckbrasil.com.br\/wp\/wp-content\/uploads\/2018\/12\/para-atender-doria-cptm-tera-de-refazer-boa-parte-dos-projetos-da-linha-13-jade.gif?ssl=1&w=640&resize=640&ssl=1 640w, https:\/\/i1.wp.com\/www.truckbrasil.com.br\/wp\/wp-content\/uploads\/2018\/12\/para-atender-doria-cptm-tera-de-refazer-boa-parte-dos-projetos-da-linha-13-jade.gif?ssl=1&w=800&resize=800&ssl=1 800w, https:\/\/i1.wp.com\/www.truckbrasil.com.br\/wp\/wp-content\/uploads\/2018\/12\/para-atender-doria-cptm-tera-de-refazer-boa-parte-dos-projetos-da-linha-13-jade.gif?ssl=1&w=1024&resize=1024&ssl=1 1024w, https:\/\/i1.wp.com\/www.truckbrasil.com.br\/wp\/wp-content\/uploads\/2018\/12\/para-atender-doria-cptm-tera-de-refazer-boa-parte-dos-projetos-da-linha-13-jade.gif?ssl=1&w=1280&resize=1280&ssl=1 1280w, https:\/\/i1.wp.com\/www.truckbrasil.com.br\/wp\/wp-content\/uploads\/2018\/12\/para-atender-doria-cptm-tera-de-refazer-boa-parte-dos-projetos-da-linha-13-jade.gif?ssl=1&w=1600&resize=1600&ssl=1 1600w\" fifu-data-src=\"https:\/\/i1.wp.com\/www.truckbrasil.com.br\/wp\/wp-content\/uploads\/2018\/12\/para-atender-doria-cptm-tera-de-refazer-boa-parte-dos-projetos-da-linha-13-jade.gif?ssl=1\" width=\"0\" height=\"0\"\/><\/div>\n<\/p><\/div>\n<\/div>\n<p>No entanto, a eventual parada n\u00e3o est\u00e1 nos planos da operadora dos trens. Em uma apresenta\u00e7\u00e3o disponibilizada na 24\u00ba Semana de Tecnologia Metroferrovi\u00e1ria, ocorrida em agosto de 2018, n\u00e3o consta uma futura esta\u00e7\u00e3o da ferrovia dentro dos terminais de embarque.<\/p>&nbsp;&nbsp;\n<p>A esta\u00e7\u00e3o mais pr\u00f3xima das que ser\u00e3o constru\u00eddas, segundo a apresenta\u00e7\u00e3o, seria a Jardim Eucaliptos, na dire\u00e7\u00e3o do terminal 2 do Aeroporto de Guarulhos, mas a pelo menos 500 metros do ponto mais pr\u00f3ximo do edif\u00edcio.<\/p>&nbsp;&nbsp;\n<p>&#8220;size-medium wp-image-6036 aligncenter&#8221; src=&#8221;https:\/\/www.truckbrasil.com.br\/wp\/wp-content\/uploads\/2018\/12\/para-atender-doria-cptm-tera-de-refazer-boa-parte-dos-projetos-da-linha-13-jade.png&#8221; sizes=&#8221;(max-width: 590px) 100vw, 590px&#8221; alt=&#8221;&#8221; width=&#8221;590&#8243; height=&#8221;500&#8243;\/><\/p>\n<p>O mapa que consta da apresenta\u00e7\u00e3o tamb\u00e9m traz uma novidade, a inclus\u00e3o de uma parada intermedi\u00e1ria entre Engenheiro Goulart e Guarulhos Cecap: a esta\u00e7\u00e3o Helio Smidt. Localizada num ponto pr\u00f3ximo \u00e0s rodovias Ayrton Senna e Dutra, a parada atenderia uma regi\u00e3o bastante populosa a leste da linha e que hoje est\u00e1 distante do transporte sobre trilhos \u2013 ao menos at\u00e9 que a proposta Linha 14 da CPTM saia do papel.<\/p>&nbsp;&nbsp;\n<p>Outra informa\u00e7\u00e3o revelada pela apresenta\u00e7\u00e3o, e que consta do mapa acima, \u00e9 a inten\u00e7\u00e3o da CPTM em levar a Linha 13 rumo a Ch\u00e1cara Klabin, onde hoje as linhas 2-Verde e 5-Lil\u00e1s de metr\u00f4 se encontram. No entanto, os trens n\u00e3o chegar\u00e3o t\u00e3o cedo a esse local. Segundo uma outra apresenta\u00e7\u00e3o, desta vez realizada no Instituto de Engenharia, consta como finalizado o projeto funcional o trecho entre Bonsucesso e Parque da Mooca, futura parada que integrar\u00e1 a Linha 13 com a Linha 10-Turquesa da companhia.<\/p>&nbsp;&nbsp;\n","protected":false},"excerpt":{"rendered":"<p>Em recente entrevista a R\u00e1dio Bandeirantes, o governador eleito de S\u00e3o Paulo, Jo\u00e3o Doria, disse&#8230;<\/p>\n","protected":false},"author":1,"featured_media":0,"comment_status":"open","ping_status":"open","sticky":false,"template":"","format":"standard","meta":{"fifu_image_url":"","fifu_image_alt":"","footnotes":""},"categories":[8702],"tags":[8975],"class_list":["post-73379","post","type-post","status-publish","format-standard","hentry","category-logistica","tag-noticias-de-mercado","wpcat-8702-id"],"_links":{"self":[{"href":"https:\/\/verde-amarelo.net\/verdeamarelo\/wp-json\/wp\/v2\/posts\/73379","targetHints":{"allow":["GET"]}}],"collection":[{"href":"https:\/\/verde-amarelo.net\/verdeamarelo\/wp-json\/wp\/v2\/posts"}],"about":[{"href":"https:\/\/verde-amarelo.net\/verdeamarelo\/wp-json\/wp\/v2\/types\/post"}],"author":[{"embeddable":true,"href":"https:\/\/verde-amarelo.net\/verdeamarelo\/wp-json\/wp\/v2\/users\/1"}],"replies":[{"embeddable":true,"href":"https:\/\/verde-amarelo.net\/verdeamarelo\/wp-json\/wp\/v2\/comments?post=73379"}],"version-history":[{"count":0,"href":"https:\/\/verde-amarelo.net\/verdeamarelo\/wp-json\/wp\/v2\/posts\/73379\/revisions"}],"wp:attachment":[{"href":"https:\/\/verde-amarelo.net\/verdeamarelo\/wp-json\/wp\/v2\/media?parent=73379"}],"wp:term":[{"taxonomy":"category","embeddable":true,"href":"https:\/\/verde-amarelo.net\/verdeamarelo\/wp-json\/wp\/v2\/categories?post=73379"},{"taxonomy":"post_tag","embeddable":true,"href":"https:\/\/verde-amarelo.net\/verdeamarelo\/wp-json\/wp\/v2\/tags?post=73379"}],"curies":[{"name":"wp","href":"https:\/\/api.w.org\/{rel}","templated":true}]}}