{"id":73380,"date":"2018-12-28T20:59:38","date_gmt":"2018-12-28T22:59:38","guid":{"rendered":"https:\/\/verde-amarelo.net\/verdeamarelo\/2018\/12\/cinco-consorcios-sao-selecionados-em-licitacao-de-portas-de-plataformas-no-metro-de-sp\/"},"modified":"2018-12-28T20:59:38","modified_gmt":"2018-12-28T22:59:38","slug":"cinco-consorcios-sao-selecionados-em-licitacao-de-portas-de-plataformas-no-metro-de-sp","status":"publish","type":"post","link":"https:\/\/verde-amarelo.net\/verdeamarelo\/2018\/12\/cinco-consorcios-sao-selecionados-em-licitacao-de-portas-de-plataformas-no-metro-de-sp\/","title":{"rendered":"Cinco cons\u00f3rcios s\u00e3o selecionados em licita\u00e7\u00e3o de portas de plataformas no Metr\u00f4 de SP"},"content":{"rendered":"<div><img decoding=\"async\" src=\"data:image\/gif;base64,R0lGODlhAQABAIAAAAAAAP\/\/\/ywAAAAAAQABAAACAUwAOw==\" fifu-lazy=\"1\" fifu-data-sizes=\"auto\" fifu-data-srcset=\"https:\/\/i2.wp.com\/www.truckbrasil.com.br\/wp\/wp-content\/uploads\/2018\/12\/cinco-consorcios-sao-selecionados-em-licitacao-de-portas-de-plataformas-no-metro-de-sp.jpg?ssl=1&w=75&resize=75&ssl=1 75w, https:\/\/i2.wp.com\/www.truckbrasil.com.br\/wp\/wp-content\/uploads\/2018\/12\/cinco-consorcios-sao-selecionados-em-licitacao-de-portas-de-plataformas-no-metro-de-sp.jpg?ssl=1&w=100&resize=100&ssl=1 100w, https:\/\/i2.wp.com\/www.truckbrasil.com.br\/wp\/wp-content\/uploads\/2018\/12\/cinco-consorcios-sao-selecionados-em-licitacao-de-portas-de-plataformas-no-metro-de-sp.jpg?ssl=1&w=150&resize=150&ssl=1 150w, https:\/\/i2.wp.com\/www.truckbrasil.com.br\/wp\/wp-content\/uploads\/2018\/12\/cinco-consorcios-sao-selecionados-em-licitacao-de-portas-de-plataformas-no-metro-de-sp.jpg?ssl=1&w=240&resize=240&ssl=1 240w, https:\/\/i2.wp.com\/www.truckbrasil.com.br\/wp\/wp-content\/uploads\/2018\/12\/cinco-consorcios-sao-selecionados-em-licitacao-de-portas-de-plataformas-no-metro-de-sp.jpg?ssl=1&w=320&resize=320&ssl=1 320w, https:\/\/i2.wp.com\/www.truckbrasil.com.br\/wp\/wp-content\/uploads\/2018\/12\/cinco-consorcios-sao-selecionados-em-licitacao-de-portas-de-plataformas-no-metro-de-sp.jpg?ssl=1&w=500&resize=500&ssl=1 500w, https:\/\/i2.wp.com\/www.truckbrasil.com.br\/wp\/wp-content\/uploads\/2018\/12\/cinco-consorcios-sao-selecionados-em-licitacao-de-portas-de-plataformas-no-metro-de-sp.jpg?ssl=1&w=640&resize=640&ssl=1 640w, https:\/\/i2.wp.com\/www.truckbrasil.com.br\/wp\/wp-content\/uploads\/2018\/12\/cinco-consorcios-sao-selecionados-em-licitacao-de-portas-de-plataformas-no-metro-de-sp.jpg?ssl=1&w=800&resize=800&ssl=1 800w, https:\/\/i2.wp.com\/www.truckbrasil.com.br\/wp\/wp-content\/uploads\/2018\/12\/cinco-consorcios-sao-selecionados-em-licitacao-de-portas-de-plataformas-no-metro-de-sp.jpg?ssl=1&w=1024&resize=1024&ssl=1 1024w, https:\/\/i2.wp.com\/www.truckbrasil.com.br\/wp\/wp-content\/uploads\/2018\/12\/cinco-consorcios-sao-selecionados-em-licitacao-de-portas-de-plataformas-no-metro-de-sp.jpg?ssl=1&w=1280&resize=1280&ssl=1 1280w, https:\/\/i2.wp.com\/www.truckbrasil.com.br\/wp\/wp-content\/uploads\/2018\/12\/cinco-consorcios-sao-selecionados-em-licitacao-de-portas-de-plataformas-no-metro-de-sp.jpg?ssl=1&w=1600&resize=1600&ssl=1 1600w\" fifu-data-src=\"https:\/\/i2.wp.com\/www.truckbrasil.com.br\/wp\/wp-content\/uploads\/2018\/12\/cinco-consorcios-sao-selecionados-em-licitacao-de-portas-de-plataformas-no-metro-de-sp.jpg?ssl=1\" class=\"ff-og-image-inserted\"\/><\/div>\n<p><span>Na semana passada o Metr\u00f4 de S\u00e3o Paulo pr\u00e9-qualificou cinco cons\u00f3rcios interessados na instala\u00e7\u00e3o de<\/span> <a href=\"https:\/\/www.metrocptm.com.br\/metro-apresenta-projeto-de-instalacao-de-portas-de-plataforma-nas-linhas-1-2-e-3\/\"><strong>88 portas de plataformas<\/strong><\/a> <span>em esta\u00e7\u00f5es das<\/span> <a href=\"https:\/\/www.metrocptm.com.br\/linha-1\/\"><strong>Linha 1-Azul<\/strong><\/a><span>,<\/span> <a href=\"https:\/\/www.metrocptm.com.br\/linha-2\/\"><strong>2-Verde<\/strong><\/a> <span>e<\/span> <a href=\"https:\/\/www.metrocptm.com.br\/linha-3\/\"><strong>3-Vermelha<\/strong><\/a><span>. No pr\u00f3ximo dia 9 de janeiro, tr\u00eas destas empresas ser\u00e3o selecionadas. A expectativa \u00e9 que os equipamentos estejam em pleno funcionamento em meados de 2023, o que aumentar\u00e1 a seguran\u00e7a do usu\u00e1rio.<\/span><\/p>\n<p>Entre as propostas comerciais, est\u00e3o empresas brasileiras e asi\u00e1ticas. Confira: Cons\u00f3rcio PSD-SP (MPE Engenheria e Servi\u00e7os S.A. e Zhuzhou CRRC Times<br \/>Eletric Co., Ltd.), Cons\u00f3rcio Kobra (Husk Eletrometal\u00fargica Ltda., MG Engenharia e Constru\u00e7\u00e3o Ltda, Samjung Tech Co. Ltda e Woori Technology Inc), Cons\u00f3rcio Telar\/Serveng\/Dongwoo (Telar Engenharia e Com\u00e9rcio S\/A., Serveng-Civilsan S\/A Empresas Associadas de Engenharia e Dongwoo Autodoor Co.,Ltd.), Cons\u00f3rcio SNEF China Rail EEB (Snef Servi\u00e7os e Montagens Ltda e China Railway Electrification Engineering Group Co. Ltd.) e Cons\u00f3rcio Gilgen \u2013 Zumm (Gilgen Door Systems AG e Zumm Com\u00e9rcio e Representa\u00e7\u00f5es Ltda).<\/p>&nbsp;&nbsp;\n<p>A medida vem em um momento em que a malha metroferrovi\u00e1ria teve aumento de 41%\u00a0de invas\u00e3o nas vias, entre os anos de 2015 e 2017, de acordo com um levantamento do jornal Folha de S\u00e3o Paulo. Est\u00e3o entre as ocorr\u00eancias, queda acidental de passageiros, atentado contra a pr\u00f3pria vida, al\u00e9m de atos de vandalismos.<\/p>&nbsp;&nbsp;\n<p>Confira as esta\u00e7\u00f5es que ser\u00e3o contempladas com os equipamentos nesta licita\u00e7\u00e3o:<\/p>\n<p><strong>Linha 1-Azul:\u00a0<\/strong>Parada Inglesa, Jardim S\u00e3o Paulo, Santana, Carandiru, Portuguesa-Tiet\u00ea, Arm\u00eania, Tiradentes, Luz<br \/>S\u00e3o Bento,\u00a0S\u00e9,\u00a0Liberdade, S\u00e3o Joaquim, Vergueiro, Para\u00edso (plataformas das linhas 1-Azul e 2-Verde),\u00a0Ana Rosa, Vila Mariana, Santa Cruz, Pra\u00e7a da \u00c1rvore, Sa\u00fade, Concei\u00e7\u00e3o e S\u00e3o Judas.<\/p>&nbsp;&nbsp;\n<p><strong>Linha 2-Verde:\u00a0<\/strong>Consola\u00e7\u00e3o.<\/p>&nbsp;&nbsp;\n<p><strong>Linha 3-Vermelha:\u00a0<\/strong>Marechal Deodoro, Santa Cec\u00edlia, Rep\u00fablica, Anhangaba\u00fa, S\u00e9,\u00a0Pedro II, Br\u00e1s, Bresser-Mooca, Bel\u00e9m, Tatuap\u00e9, Carr\u00e3o, Penha, Guilhermina-Esperan\u00e7a, Patriarca e\u00a0Artur Alvim.<\/p>&nbsp;&nbsp;\n<p>Fonte: Metr\u00f4 CPTM<\/p>\n<p>Data: 26\/12\/2018<\/p>\n","protected":false},"excerpt":{"rendered":"<p>Na semana passada o Metr\u00f4 de S\u00e3o Paulo pr\u00e9-qualificou cinco cons\u00f3rcios interessados na instala\u00e7\u00e3o de&#8230;<\/p>\n","protected":false},"author":1,"featured_media":0,"comment_status":"open","ping_status":"open","sticky":false,"template":"","format":"standard","meta":{"fifu_image_url":"","fifu_image_alt":"","footnotes":""},"categories":[8702],"tags":[8975],"class_list":["post-73380","post","type-post","status-publish","format-standard","hentry","category-logistica","tag-noticias-de-mercado","wpcat-8702-id"],"_links":{"self":[{"href":"https:\/\/verde-amarelo.net\/verdeamarelo\/wp-json\/wp\/v2\/posts\/73380","targetHints":{"allow":["GET"]}}],"collection":[{"href":"https:\/\/verde-amarelo.net\/verdeamarelo\/wp-json\/wp\/v2\/posts"}],"about":[{"href":"https:\/\/verde-amarelo.net\/verdeamarelo\/wp-json\/wp\/v2\/types\/post"}],"author":[{"embeddable":true,"href":"https:\/\/verde-amarelo.net\/verdeamarelo\/wp-json\/wp\/v2\/users\/1"}],"replies":[{"embeddable":true,"href":"https:\/\/verde-amarelo.net\/verdeamarelo\/wp-json\/wp\/v2\/comments?post=73380"}],"version-history":[{"count":0,"href":"https:\/\/verde-amarelo.net\/verdeamarelo\/wp-json\/wp\/v2\/posts\/73380\/revisions"}],"wp:attachment":[{"href":"https:\/\/verde-amarelo.net\/verdeamarelo\/wp-json\/wp\/v2\/media?parent=73380"}],"wp:term":[{"taxonomy":"category","embeddable":true,"href":"https:\/\/verde-amarelo.net\/verdeamarelo\/wp-json\/wp\/v2\/categories?post=73380"},{"taxonomy":"post_tag","embeddable":true,"href":"https:\/\/verde-amarelo.net\/verdeamarelo\/wp-json\/wp\/v2\/tags?post=73380"}],"curies":[{"name":"wp","href":"https:\/\/api.w.org\/{rel}","templated":true}]}}