{"id":73382,"date":"2018-12-28T20:20:55","date_gmt":"2018-12-28T22:20:55","guid":{"rendered":"https:\/\/verde-amarelo.net\/verdeamarelo\/2018\/12\/com-baixa-densidade-de-cargas-rumo-nao-investira-em-ferrovias-na-regiao-de-presidente-prudente\/"},"modified":"2018-12-28T20:20:55","modified_gmt":"2018-12-28T22:20:55","slug":"com-baixa-densidade-de-cargas-rumo-nao-investira-em-ferrovias-na-regiao-de-presidente-prudente","status":"publish","type":"post","link":"https:\/\/verde-amarelo.net\/verdeamarelo\/2018\/12\/com-baixa-densidade-de-cargas-rumo-nao-investira-em-ferrovias-na-regiao-de-presidente-prudente\/","title":{"rendered":"Com \u2018baixa densidade\u2019 de cargas, Rumo n\u00e3o investir\u00e1 em ferrovias na regi\u00e3o de Presidente Prudente"},"content":{"rendered":"<div><img decoding=\"async\" src=\"data:image\/gif;base64,R0lGODlhAQABAIAAAAAAAP\/\/\/ywAAAAAAQABAAACAUwAOw==\" fifu-lazy=\"1\" fifu-data-sizes=\"auto\" fifu-data-srcset=\"https:\/\/i3.wp.com\/www.truckbrasil.com.br\/wp\/wp-content\/uploads\/2018\/12\/com-baixa-densidade-de-cargas-rumo-nao-investira-em-ferrovias-na-regiao-de-presidente-prudente.jpg?ssl=1&w=75&resize=75&ssl=1 75w, https:\/\/i3.wp.com\/www.truckbrasil.com.br\/wp\/wp-content\/uploads\/2018\/12\/com-baixa-densidade-de-cargas-rumo-nao-investira-em-ferrovias-na-regiao-de-presidente-prudente.jpg?ssl=1&w=100&resize=100&ssl=1 100w, https:\/\/i3.wp.com\/www.truckbrasil.com.br\/wp\/wp-content\/uploads\/2018\/12\/com-baixa-densidade-de-cargas-rumo-nao-investira-em-ferrovias-na-regiao-de-presidente-prudente.jpg?ssl=1&w=150&resize=150&ssl=1 150w, https:\/\/i3.wp.com\/www.truckbrasil.com.br\/wp\/wp-content\/uploads\/2018\/12\/com-baixa-densidade-de-cargas-rumo-nao-investira-em-ferrovias-na-regiao-de-presidente-prudente.jpg?ssl=1&w=240&resize=240&ssl=1 240w, https:\/\/i3.wp.com\/www.truckbrasil.com.br\/wp\/wp-content\/uploads\/2018\/12\/com-baixa-densidade-de-cargas-rumo-nao-investira-em-ferrovias-na-regiao-de-presidente-prudente.jpg?ssl=1&w=320&resize=320&ssl=1 320w, https:\/\/i3.wp.com\/www.truckbrasil.com.br\/wp\/wp-content\/uploads\/2018\/12\/com-baixa-densidade-de-cargas-rumo-nao-investira-em-ferrovias-na-regiao-de-presidente-prudente.jpg?ssl=1&w=500&resize=500&ssl=1 500w, https:\/\/i3.wp.com\/www.truckbrasil.com.br\/wp\/wp-content\/uploads\/2018\/12\/com-baixa-densidade-de-cargas-rumo-nao-investira-em-ferrovias-na-regiao-de-presidente-prudente.jpg?ssl=1&w=640&resize=640&ssl=1 640w, https:\/\/i3.wp.com\/www.truckbrasil.com.br\/wp\/wp-content\/uploads\/2018\/12\/com-baixa-densidade-de-cargas-rumo-nao-investira-em-ferrovias-na-regiao-de-presidente-prudente.jpg?ssl=1&w=800&resize=800&ssl=1 800w, https:\/\/i3.wp.com\/www.truckbrasil.com.br\/wp\/wp-content\/uploads\/2018\/12\/com-baixa-densidade-de-cargas-rumo-nao-investira-em-ferrovias-na-regiao-de-presidente-prudente.jpg?ssl=1&w=1024&resize=1024&ssl=1 1024w, https:\/\/i3.wp.com\/www.truckbrasil.com.br\/wp\/wp-content\/uploads\/2018\/12\/com-baixa-densidade-de-cargas-rumo-nao-investira-em-ferrovias-na-regiao-de-presidente-prudente.jpg?ssl=1&w=1280&resize=1280&ssl=1 1280w, https:\/\/i3.wp.com\/www.truckbrasil.com.br\/wp\/wp-content\/uploads\/2018\/12\/com-baixa-densidade-de-cargas-rumo-nao-investira-em-ferrovias-na-regiao-de-presidente-prudente.jpg?ssl=1&w=1600&resize=1600&ssl=1 1600w\" fifu-data-src=\"https:\/\/i3.wp.com\/www.truckbrasil.com.br\/wp\/wp-content\/uploads\/2018\/12\/com-baixa-densidade-de-cargas-rumo-nao-investira-em-ferrovias-na-regiao-de-presidente-prudente.jpg?ssl=1\" class=\"ff-og-image-inserted\"\/><\/div>\n<p><em>Empresa condiciona reestruturar malha a contratos de longo prazo e a negocia\u00e7\u00f5es firmadas com empresas interessadas no transporte.<\/em><\/p>\n<div data-block-id=\"2\" data-block-weight=\"48\" data-block-type=\"unstyled\" readability=\"36.6567164179\">\n<p class=\"content-text__container theme-color-primary-first-letter\" data-track-category=\"Link no Texto\" data-track-links=\"\">Representantes da Rumo, empresa que administra \u2013 por meio de concess\u00e3o \u2013 toda a malha ferrovi\u00e1ria do Oeste Paulista, confirmaram na manh\u00e3 desta sexta-feira (28) que, por enquanto, n\u00e3o h\u00e1 demanda suficiente de cargas que justifique investimentos no trecho entre <a href=\"http:\/\/g1.globo.com\/sp\/presidente-prudente-regiao\/cidade\/presidente-epitacio.html\">Presidente Epit\u00e1cio<\/a> e <a href=\"http:\/\/g1.globo.com\/sp\/bauru-marilia\/cidade\/ourinhos.html\">Ourinhos<\/a>, que hoje encontra-se inoperante.<\/p>&nbsp;&nbsp;\n<\/div>\n<div readability=\"77.3062661684\">\n<div class=\"mc-column content-text active-extra-styles\" data-block-id=\"3\" data-block-weight=\"48\" data-block-type=\"unstyled\" readability=\"35.6858974359\">\n<p class=\"content-text__container\" data-track-category=\"Link no Texto\" data-track-links=\"\">Em reuni\u00e3o realizada para apresentar a empres\u00e1rios informa\u00e7\u00f5es sobre a demanda e valores de tarifas, nesta sexta, em um hotel no Centro de <a href=\"http:\/\/g1.globo.com\/sp\/presidente-prudente-regiao\/cidade\/presidente-prudente.html\">Presidente Prudente<\/a>, membros da empresa afirmaram que o transporte de cargas via ferrovia s\u00f3 n\u00e3o \u00e9 realidade por conta da \u201cbaixa densidade\u201d verificada na regi\u00e3o.<\/p>&nbsp;&nbsp;\n<\/div>\n<div class=\"mc-column content-text active-extra-styles\" data-block-id=\"4\" data-block-weight=\"49\" data-block-type=\"unstyled\" readability=\"35.74375\">\n<p class=\"content-text__container\" data-track-category=\"Link no Texto\" data-track-links=\"\">No encontro, que contou com a presen\u00e7a apenas da imprensa e do presidente da Associa\u00e7\u00e3o Comercial e Empresarial (ACE) de Presidente Prudente, Ricardo Anderson Ribeiro, a Rumo apresentou novos pre\u00e7os por tonelada para o transporte: R$ 155 (de Presidente Epit\u00e1cio a <a href=\"https:\/\/g1.globo.com\/sp\/santos-regiao\/\">Santos<\/a>) e R$ 160 (de Epit\u00e1cio at\u00e9 <a href=\"http:\/\/g1.globo.com\/pr\/parana\/cidade\/paranagua.html\">Paranagu\u00e1-PR<\/a>).<\/p>&nbsp;&nbsp;\n<\/div>\n<div class=\"mc-column content-text active-extra-styles\" data-block-id=\"5\" data-block-weight=\"28\" data-block-type=\"unstyled\" readability=\"35\">\n<p class=\"content-text__container\" data-track-category=\"Link no Texto\" data-track-links=\"\">Os valores s\u00e3o R$ 5 maiores \u2013 em cada trecho \u2013 que o \u00faltimo valor apresentado pela Rumo, durante reuni\u00e3o em Presidente Prudente, realizada em julho deste ano.<\/p>&nbsp;&nbsp;\n<\/div>\n<div class=\"mc-column content-text active-extra-styles\" data-block-id=\"6\" data-block-weight=\"25\" data-block-type=\"unstyled\" readability=\"36\">\n<p class=\"content-text__container\" data-track-category=\"Link no Texto\" data-track-links=\"\">O respons\u00e1vel pelo setor comercial da Rumo, Eudis Furtado Filho, afirmou ainda que \u201csem garantias\u201d, a empresa n\u00e3o vai investir para melhorar a infraestrutura ferrovi\u00e1ria.<\/p>&nbsp;&nbsp;\n<\/div>\n<div class=\"mc-column content-text active-extra-styles\" data-block-id=\"7\" data-block-weight=\"16\" data-block-type=\"unstyled\" readability=\"38\">\n<p class=\"content-text__container\" data-track-category=\"Link no Texto\" data-track-links=\"\">\u201cPrecisamos de contratos de longo prazo, fechar, efetivamente, neg\u00f3cios, para que haja investimentos no trecho\u201d, disse.<\/p>&nbsp;&nbsp;\n<\/div>\n<div class=\"mc-column content-text active-extra-styles\" data-block-id=\"8\" data-block-weight=\"50\" data-block-type=\"unstyled\" readability=\"40\">\n<p class=\"content-text__container\" data-track-category=\"Link no Texto\" data-track-links=\"\">De acordo com ele, dependendo do tipo de carga que pode ser transportado no trecho, a Rumo eventualmente tem condi\u00e7\u00f5es de modificar toda a infraestrutura da linha f\u00e9rrea entre Presidente Epit\u00e1cio e Ourinhos, possibilitando, por exemplo, que trilhos mais fortes recebam vag\u00f5es que possam levar uma quantidade maior de carga.<\/p>&nbsp;&nbsp;\n<\/div>\n<div class=\"mc-column content-text active-extra-styles\" data-block-id=\"9\" data-block-weight=\"44\" data-block-type=\"unstyled\" readability=\"40\">\n<p class=\"content-text__container\" data-track-category=\"Link no Texto\" data-track-links=\"\">O respons\u00e1vel pelo setor de Rela\u00e7\u00f5es Governamentais da Rumo, Bruno Rabello Madalena, afirmou que a possibilidade de novos investimentos no trecho pode ocorrer durante as discuss\u00f5es do processo de renova\u00e7\u00e3o de toda a Malha Sul, que integra o trecho da regi\u00e3o de Presidente Prudente.<\/p>&nbsp;&nbsp;\n<p class=\"content-text__container\" data-track-category=\"Link no Texto\" data-track-links=\"\">Ele afirmou que a Ag\u00eancia Nacional de Transportes Terrestres (ANTT) pode apresentar estudos de viabilidade do trecho e \u201cnegociar\u201d investimentos no Oeste Paulista.<\/p>&nbsp;&nbsp;\n<\/div>\n<div class=\"mc-column content-text active-extra-styles\" data-block-id=\"12\" data-block-weight=\"24\" data-block-type=\"unstyled\" readability=\"37\">\n<p class=\"content-text__container\" data-track-category=\"Link no Texto\" data-track-links=\"\">A Malha Sul compreenda a 7,2 mil quil\u00f4metros de ferrovias e passa, ainda, pelos Estados do Paran\u00e1, Santa Catarina e Rio Grande do Sul.<\/p>&nbsp;&nbsp;\n<\/div>\n<div class=\"mc-column content-text active-extra-styles\" data-block-id=\"13\" data-block-weight=\"15\" data-block-type=\"unstyled\" readability=\"34\">\n<p class=\"content-text__container\" data-track-category=\"Link no Texto\" data-track-links=\"\">\u201cIsso [investimentos na regi\u00e3o] pode entrar nas discuss\u00f5es da prorroga\u00e7\u00e3o do contrato de concess\u00e3o\u201d, afirmou.<\/p>&nbsp;&nbsp;\n<\/div>\n<div class=\"mc-column content-text active-extra-styles\" data-block-id=\"14\" data-block-weight=\"35\" data-block-type=\"unstyled\" readability=\"36\">\n<p class=\"content-text__container\" data-track-category=\"Link no Texto\" data-track-links=\"\">Os dois representantes da empresa afirmaram na manh\u00e3 desta sexta que existe um potencial para transporte de cargas via ferrovia no Oeste Paulista, e por isso, h\u00e1 o interessa da Rumo de prorrogar a concess\u00e3o.<\/p>&nbsp;&nbsp;\n<\/div>\n<div class=\"mc-column content-text active-extra-styles\" data-block-id=\"15\" data-block-weight=\"31\" data-block-type=\"unstyled\" readability=\"33.9230769231\">\n<p class=\"content-text__container\" data-track-category=\"Link no Texto\" data-track-links=\"\">A empresa apontou tamb\u00e9m que a mesma situa\u00e7\u00e3o se verifica no trecho entre <a href=\"http:\/\/g1.globo.com\/sp\/presidente-prudente-regiao\/cidade\/panorama.html\">Panorama<\/a> e <a href=\"http:\/\/g1.globo.com\/sp\/bauru-marilia\/cidade\/jau.html\">Ja\u00fa<\/a>, que pertence a Malha Paulista. Havendo interessados, investimentos tamb\u00e9m podem ser feitos na malha ferrovi\u00e1ria.<\/p>&nbsp;&nbsp;\n<\/div>\n<div class=\"mc-column content-text active-extra-styles\" data-block-id=\"16\" data-block-weight=\"1\" data-block-type=\"raw\">\n<p><h2>\u2018Desafio\u2019<\/h2>\n<\/p>\n<\/div>\n<div class=\"mc-column content-text active-extra-styles\" data-block-id=\"17\" data-block-weight=\"31\" data-block-type=\"unstyled\" readability=\"27.8444444444\">\n<p class=\"content-text__container\" data-track-category=\"Link no Texto\" data-track-links=\"\"><a href=\"https:\/\/g1.globo.com\/sp\/presidente-prudente-regiao\/noticia\/2018\/12\/27\/cansada-da-falta-de-avanco-no-transporte-ferroviario-uepp-lanca-desafio-a-concessionaria-rumo.ghtml\">Como noticiado nesta quinta-feira (27) pelo <strong>G1<\/strong><\/a>, a Uni\u00e3o das Entidades de Presidente Prudente (Uepp) n\u00e3o enviou representantes \u00e0 reuni\u00e3o desta sexta. Nenhum empres\u00e1rio compareceu durante o encontro promovido pela empresa.<\/p>&nbsp;&nbsp;\n<\/div>\n<div class=\"mc-column content-text active-extra-styles\" data-block-id=\"18\" data-block-weight=\"37\" data-block-type=\"unstyled\" readability=\"36\">\n<p class=\"content-text__container\" data-track-category=\"Link no Texto\" data-track-links=\"\">A entidade havia lan\u00e7ado um \u201cdesafio\u201d \u00e0 concession\u00e1ria: enviar relat\u00f3rios de visitas com assinaturas de predispostos clientes com as propostas apresentadas e suas respostas, que subsidiaram aus\u00eancia de demanda, j\u00e1 comprovada nos autos de um processo judicial.<\/p>&nbsp;&nbsp;\n<\/div>\n<div class=\"mc-column content-text active-extra-styles\" data-block-id=\"19\" data-block-weight=\"44\" data-block-type=\"unstyled\" readability=\"40\">\n<p class=\"content-text__container\" data-track-category=\"Link no Texto\" data-track-links=\"\">O respons\u00e1vel pelo setor comercial da Rumo, Eudis Furtado, disse que h\u00e1 registros, sim, de negocia\u00e7\u00f5es realizadas, confirmados em ata e em documentos que est\u00e3o de posse da empresa, mas afirmou que a divulga\u00e7\u00e3o n\u00e3o \u00e9 feita porque as tratativas podem conter termos sigilosos.<\/p>&nbsp;&nbsp;\n<\/div>\n<div data-track-category=\"multicontent\" data-track-action=\"ultimo chunk conteudo\" data-track-noninteraction=\"false\" data-track-scroll=\"view\" readability=\"7.5\">\n<div class=\"mc-column content-text active-extra-styles\" data-block-id=\"20\" data-block-weight=\"15\" data-block-type=\"unstyled\" readability=\"35\">\n<p class=\"content-text__container\" data-track-category=\"Link no Texto\" data-track-links=\"\">\u201cN\u00e3o sei se \u00e9 o caso [de divulgar], mas temos registros das negocia\u00e7\u00f5es, sim\u201d, afirmou<\/p>\n<\/div>\n<p data-track-category=\"Link no Texto\" data-track-links=\"\">Fonte: G1<\/p>\n<p data-track-category=\"Link no Texto\" data-track-links=\"\">Data: 28\/12\/2018<\/p>\n<\/div>\n<\/div>\n","protected":false},"excerpt":{"rendered":"<p>Empresa condiciona reestruturar malha a contratos de longo prazo e a negocia\u00e7\u00f5es firmadas com empresas&#8230;<\/p>\n","protected":false},"author":1,"featured_media":0,"comment_status":"open","ping_status":"open","sticky":false,"template":"","format":"standard","meta":{"fifu_image_url":"","fifu_image_alt":"","footnotes":""},"categories":[8702],"tags":[8975],"class_list":["post-73382","post","type-post","status-publish","format-standard","hentry","category-logistica","tag-noticias-de-mercado","wpcat-8702-id"],"_links":{"self":[{"href":"https:\/\/verde-amarelo.net\/verdeamarelo\/wp-json\/wp\/v2\/posts\/73382","targetHints":{"allow":["GET"]}}],"collection":[{"href":"https:\/\/verde-amarelo.net\/verdeamarelo\/wp-json\/wp\/v2\/posts"}],"about":[{"href":"https:\/\/verde-amarelo.net\/verdeamarelo\/wp-json\/wp\/v2\/types\/post"}],"author":[{"embeddable":true,"href":"https:\/\/verde-amarelo.net\/verdeamarelo\/wp-json\/wp\/v2\/users\/1"}],"replies":[{"embeddable":true,"href":"https:\/\/verde-amarelo.net\/verdeamarelo\/wp-json\/wp\/v2\/comments?post=73382"}],"version-history":[{"count":0,"href":"https:\/\/verde-amarelo.net\/verdeamarelo\/wp-json\/wp\/v2\/posts\/73382\/revisions"}],"wp:attachment":[{"href":"https:\/\/verde-amarelo.net\/verdeamarelo\/wp-json\/wp\/v2\/media?parent=73382"}],"wp:term":[{"taxonomy":"category","embeddable":true,"href":"https:\/\/verde-amarelo.net\/verdeamarelo\/wp-json\/wp\/v2\/categories?post=73382"},{"taxonomy":"post_tag","embeddable":true,"href":"https:\/\/verde-amarelo.net\/verdeamarelo\/wp-json\/wp\/v2\/tags?post=73382"}],"curies":[{"name":"wp","href":"https:\/\/api.w.org\/{rel}","templated":true}]}}