{"id":73383,"date":"2018-12-28T20:20:10","date_gmt":"2018-12-28T22:20:10","guid":{"rendered":"https:\/\/verde-amarelo.net\/verdeamarelo\/2018\/12\/atual-presidente-da-valec-handerson-cabral-ribeiro-comandara-metro-df\/"},"modified":"2018-12-28T20:20:10","modified_gmt":"2018-12-28T22:20:10","slug":"atual-presidente-da-valec-handerson-cabral-ribeiro-comandara-metro-df","status":"publish","type":"post","link":"https:\/\/verde-amarelo.net\/verdeamarelo\/2018\/12\/atual-presidente-da-valec-handerson-cabral-ribeiro-comandara-metro-df\/","title":{"rendered":"Atual presidente da Valec, Handerson Cabral Ribeiro comandar\u00e1 Metr\u00f4-DF"},"content":{"rendered":"<div><img decoding=\"async\" src=\"data:image\/gif;base64,R0lGODlhAQABAIAAAAAAAP\/\/\/ywAAAAAAQABAAACAUwAOw==\" fifu-lazy=\"1\" fifu-data-sizes=\"auto\" fifu-data-srcset=\"https:\/\/i1.wp.com\/www.truckbrasil.com.br\/wp\/wp-content\/uploads\/2018\/12\/atual-presidente-da-valec-handerson-cabral-ribeiro-comandara-metro-df.jpg?ssl=1&w=75&resize=75&ssl=1 75w, https:\/\/i1.wp.com\/www.truckbrasil.com.br\/wp\/wp-content\/uploads\/2018\/12\/atual-presidente-da-valec-handerson-cabral-ribeiro-comandara-metro-df.jpg?ssl=1&w=100&resize=100&ssl=1 100w, https:\/\/i1.wp.com\/www.truckbrasil.com.br\/wp\/wp-content\/uploads\/2018\/12\/atual-presidente-da-valec-handerson-cabral-ribeiro-comandara-metro-df.jpg?ssl=1&w=150&resize=150&ssl=1 150w, https:\/\/i1.wp.com\/www.truckbrasil.com.br\/wp\/wp-content\/uploads\/2018\/12\/atual-presidente-da-valec-handerson-cabral-ribeiro-comandara-metro-df.jpg?ssl=1&w=240&resize=240&ssl=1 240w, https:\/\/i1.wp.com\/www.truckbrasil.com.br\/wp\/wp-content\/uploads\/2018\/12\/atual-presidente-da-valec-handerson-cabral-ribeiro-comandara-metro-df.jpg?ssl=1&w=320&resize=320&ssl=1 320w, https:\/\/i1.wp.com\/www.truckbrasil.com.br\/wp\/wp-content\/uploads\/2018\/12\/atual-presidente-da-valec-handerson-cabral-ribeiro-comandara-metro-df.jpg?ssl=1&w=500&resize=500&ssl=1 500w, https:\/\/i1.wp.com\/www.truckbrasil.com.br\/wp\/wp-content\/uploads\/2018\/12\/atual-presidente-da-valec-handerson-cabral-ribeiro-comandara-metro-df.jpg?ssl=1&w=640&resize=640&ssl=1 640w, https:\/\/i1.wp.com\/www.truckbrasil.com.br\/wp\/wp-content\/uploads\/2018\/12\/atual-presidente-da-valec-handerson-cabral-ribeiro-comandara-metro-df.jpg?ssl=1&w=800&resize=800&ssl=1 800w, https:\/\/i1.wp.com\/www.truckbrasil.com.br\/wp\/wp-content\/uploads\/2018\/12\/atual-presidente-da-valec-handerson-cabral-ribeiro-comandara-metro-df.jpg?ssl=1&w=1024&resize=1024&ssl=1 1024w, https:\/\/i1.wp.com\/www.truckbrasil.com.br\/wp\/wp-content\/uploads\/2018\/12\/atual-presidente-da-valec-handerson-cabral-ribeiro-comandara-metro-df.jpg?ssl=1&w=1280&resize=1280&ssl=1 1280w, https:\/\/i1.wp.com\/www.truckbrasil.com.br\/wp\/wp-content\/uploads\/2018\/12\/atual-presidente-da-valec-handerson-cabral-ribeiro-comandara-metro-df.jpg?ssl=1&w=1600&resize=1600&ssl=1 1600w\" fifu-data-src=\"https:\/\/i1.wp.com\/www.truckbrasil.com.br\/wp\/wp-content\/uploads\/2018\/12\/atual-presidente-da-valec-handerson-cabral-ribeiro-comandara-metro-df.jpg?ssl=1\" class=\"ff-og-image-inserted\"\/><\/div>\n<p>Atualmente no comando da Valec Engenharia, Constru\u00e7\u00f5es e Ferrovias S.A., Handerson Cabral Ribeiro assumir\u00e1 a presid\u00eancia da Companhia do Metropolitano do Distrito Federal (Metr\u00f4-DF). O engenheiro civil foi convidado pelo governador eleito, Ibaneis Rocha (MDB), nesta quarta-feira (26\/12), e aceitou o desafio.<\/p>&nbsp;&nbsp;\n<p>Servidor p\u00fablico, Ribeiro ascendeu ao posto mais alto da empresa p\u00fablica por indica\u00e7\u00e3o do ministro dos Transportes, Portos e Avia\u00e7\u00e3o Civil, Valter Casimiro Silveira, em abril deste ano.<\/p>&nbsp;&nbsp;\n<p>Ex-deputado distrital n\u00e3o reeleito, Wellington Luiz (MDB) chegou a ser anunciado como o pr\u00f3ximo presidente do Metr\u00f4-DF. No entanto, ap\u00f3s <a href=\"https:\/\/www.metropoles.com\/distrito-federal\/politica-df\/mpdft-recomenda-a-ibaneis-nao-nomear-distritais-em-empresas-publicas\" target=\"_blank\" rel=\"noopener\">recomenda\u00e7\u00e3o do Minist\u00e9rio P\u00fablico do Distrito Federal e Territ\u00f3rios (MPDFT)<\/a>\u00a0no sentido de n\u00e3o indicar parlamentares para a presid\u00eancia de estatais,\u00a0Ibaneis decidiu encontrar um novo posto para o correligion\u00e1rio.<\/p>&nbsp;&nbsp;\n<p>Ap\u00f3s\u00a0idas e vindas,<a href=\"https:\/\/www.metropoles.com\/distrito-federal\/politica-df\/ibaneis-anuncia-wellington-luiz-presidente-da-codhab\" target=\"_blank\" rel=\"noopener\">\u00a0Wellington\u00a0foi acomodado na Companhia Habitacional de Bras\u00edlia (Codhab)<\/a>, \u00f3rg\u00e3o que presidir\u00e1 a partir de 2019.<\/p>&nbsp;&nbsp;\n<p><strong>DF no governo Bolsonaro<br \/><\/strong>Como mostrou o <strong>Metr\u00f3poles<\/strong> no \u00faltimo dia 25, o ex-ministro do Tribunal de Contas da Uni\u00e3o (TCU) <a href=\"https:\/\/www.metropoles.com\/distrito-federal\/df-no-governo-bolsonaro-valmir-campelo-sera-presidente-da-valec\" target=\"_blank\" rel=\"noopener\">Valmir Campelo ser\u00e1 o pr\u00f3ximo presidente da Valec<\/a>. O convite foi feito pelo futuro ministro da Infraestrutura, Tarc\u00edsio Freitas, do presidente eleito, Jair Bolsonaro (PSL).<\/p>&nbsp;&nbsp;\n<p>A empresa p\u00fablica \u00e9 respons\u00e1vel por ferrovias em todo pa\u00eds.\u00a0<a href=\"https:\/\/www.metropoles.com\/colunas-blogs\/janela-indiscreta\/valmir-campelo-desiste-de-pre-candidatura-ao-buriti-pelo-pps\" target=\"_blank\" rel=\"noopener\">Campelo chegou a ser cotado para concorrer ao Pal\u00e1cio do Buriti pelo PPS em fevereiro, mas desistiu<\/a>\u00a0no m\u00eas seguinte. Al\u00e9m de ministro, ele foi deputado federal, senador e administrador de Taguatinga, Gama e Brazl\u00e2ndia.<\/p>&nbsp;&nbsp;\n<p>Fonte: Metr\u00f3poles<\/p>\n<p>Data:<\/p>\n","protected":false},"excerpt":{"rendered":"<p>Atualmente no comando da Valec Engenharia, Constru\u00e7\u00f5es e Ferrovias S.A., Handerson Cabral Ribeiro assumir\u00e1 a&#8230;<\/p>\n","protected":false},"author":1,"featured_media":0,"comment_status":"open","ping_status":"open","sticky":false,"template":"","format":"standard","meta":{"fifu_image_url":"","fifu_image_alt":"","footnotes":""},"categories":[8702],"tags":[8975],"class_list":["post-73383","post","type-post","status-publish","format-standard","hentry","category-logistica","tag-noticias-de-mercado","wpcat-8702-id"],"_links":{"self":[{"href":"https:\/\/verde-amarelo.net\/verdeamarelo\/wp-json\/wp\/v2\/posts\/73383","targetHints":{"allow":["GET"]}}],"collection":[{"href":"https:\/\/verde-amarelo.net\/verdeamarelo\/wp-json\/wp\/v2\/posts"}],"about":[{"href":"https:\/\/verde-amarelo.net\/verdeamarelo\/wp-json\/wp\/v2\/types\/post"}],"author":[{"embeddable":true,"href":"https:\/\/verde-amarelo.net\/verdeamarelo\/wp-json\/wp\/v2\/users\/1"}],"replies":[{"embeddable":true,"href":"https:\/\/verde-amarelo.net\/verdeamarelo\/wp-json\/wp\/v2\/comments?post=73383"}],"version-history":[{"count":0,"href":"https:\/\/verde-amarelo.net\/verdeamarelo\/wp-json\/wp\/v2\/posts\/73383\/revisions"}],"wp:attachment":[{"href":"https:\/\/verde-amarelo.net\/verdeamarelo\/wp-json\/wp\/v2\/media?parent=73383"}],"wp:term":[{"taxonomy":"category","embeddable":true,"href":"https:\/\/verde-amarelo.net\/verdeamarelo\/wp-json\/wp\/v2\/categories?post=73383"},{"taxonomy":"post_tag","embeddable":true,"href":"https:\/\/verde-amarelo.net\/verdeamarelo\/wp-json\/wp\/v2\/tags?post=73383"}],"curies":[{"name":"wp","href":"https:\/\/api.w.org\/{rel}","templated":true}]}}