{"id":73384,"date":"2018-12-28T16:00:55","date_gmt":"2018-12-28T18:00:55","guid":{"rendered":"https:\/\/verde-amarelo.net\/verdeamarelo\/2018\/12\/ceva-logistics-nomeia-fabio-mendunekas-para-a-posicao-de-vice-presidente-senior-de-contratos-logisticos-para-a-america-do-sul\/"},"modified":"2018-12-28T16:00:55","modified_gmt":"2018-12-28T18:00:55","slug":"ceva-logistics-nomeia-fabio-mendunekas-para-a-posicao-de-vice-presidente-senior-de-contratos-logisticos-para-a-america-do-sul","status":"publish","type":"post","link":"https:\/\/verde-amarelo.net\/verdeamarelo\/2018\/12\/ceva-logistics-nomeia-fabio-mendunekas-para-a-posicao-de-vice-presidente-senior-de-contratos-logisticos-para-a-america-do-sul\/","title":{"rendered":"CEVA Logistics nomeia Fabio Mendunekas para a posi\u00e7\u00e3o de Vice Presidente S\u00eanior de Contratos Log\u00edsticos para a Am\u00e9rica do Sul"},"content":{"rendered":"<p><strong><a href=\"http:\/\/www.cargonews.com.br\/wp-content\/uploads\/2018\/12\/ceva.jpg\"><img \"wp-image-25142 alignleft&#8221; src=&#8221;https:\/\/www.truckbrasil.com.br\/wp\/wp-content\/uploads\/2018\/12\/ceva-logistics-nomeia-fabio-mendunekas-para-a-posicao-de-vice-presidente-senior-de-contratos-logisticos-para-a-america-do-sul.jpg&#8221; alt=&#8221;&#8221; width=&#8221;426&#8243; height=&#8221;284&#8243; srcset=&#8221;https:\/\/www.truckbrasil.com.br\/wp\/wp-content\/uploads\/2018\/12\/ceva-logistics-nomeia-fabio-mendunekas-para-a-posicao-de-vice-presidente-senior-de-contratos-logisticos-para-a-america-do-sul.jpg 300w, http:\/\/www.cargonews.com.br\/wp-content\/uploads\/2018\/12\/ceva-768&#215;512.jpg 768w, http:\/\/www.cargonews.com.br\/wp-content\/uploads\/2018\/12\/ceva-1024&#215;683.jpg 1024w&#8221; sizes=&#8221;(max-width: 426px) 100vw, 426px&#8221;\/><\/a>S\u00e3o Paulo, dezembro de 2018 \u2013 A CEVA Logistics nomeou Fabio Mendunekas como Vice Presidente S\u00eanior de Contratos Log\u00edsticos de seu cluster Am\u00e9rica do Sul. Atualmente comanda a divis\u00e3o de Desenvolvimento de Neg\u00f3cios da empresa na Am\u00e9rica do Sul e assumir\u00e1 seu novo cargo em janeiro de 2019.<\/strong><\/p>\n<p><strong>\u00a0<\/strong><\/p>\n<p>Fabio assume o cargo deixado por Milton Pimenta, que foi nomeado Managing Director para o cluster A&amp;NZ, que compreende os pa\u00edses Austr\u00e1lia e Nova Zel\u00e2ndia.<\/p>&nbsp;&nbsp;\n<p>O Fabio tem mais de 30 anos de experi\u00eancia na ind\u00fastria e em empresas de presta\u00e7\u00e3o de servi\u00e7os de log\u00edstica, sendo 26 anos em cargos executivos de lideran\u00e7a em opera\u00e7\u00f5es de log\u00edstica e vendas, al\u00e9m de passagens por \u00e1reas de TI e Finan\u00e7as. Na CEVA desde 2013, o profissional \u00e9 respons\u00e1vel pelas \u00e1reas Comercial, Marketing, Account Management, Estrat\u00e9gia, Desenvolvimento de Neg\u00f3cios e\u00a0Solutions Design. Durante este per\u00edodo, Fabio contribuiu de forma significativa pelo crescimento e expans\u00e3o de nossa Empresa na regi\u00e3o, trazendo resultados expressivos ano ap\u00f3s ano.<\/p>&nbsp;&nbsp;\n<p>Fabio \u00e9 economista, possui MBA em Administra\u00e7\u00e3o pela FIA\/USP, curso de lideran\u00e7a pela Universidade de Harvard e \u00e9 fluente em ingl\u00eas e espanhol. Morou e trabalhou nos Estados Unidos, Argentina, M\u00e9xico e Reino Unido e teve sua experi\u00eancia profissional adquirida em empresas como a Syncreon, DHL, NCR Corporation e Ryder.<\/p>&nbsp;&nbsp;\n<p>A CEVA destaca o excelente trabalho realizado tanto pelo Milton Pimenta como pelo Fabio Mendunekas na empresa. S\u00e3o\u00a0dois executivos experientes\u00a0que\u00a0continuar\u00e3o fortalecendo ainda mais a CEVA no mercado log\u00edstico, consolidando a empresa como o provedor mais profissional do setor.<\/p>&nbsp;&nbsp;\n","protected":false},"excerpt":{"rendered":"","protected":false},"author":1,"featured_media":0,"comment_status":"open","ping_status":"open","sticky":false,"template":"","format":"standard","meta":{"fifu_image_url":"","fifu_image_alt":"","footnotes":""},"categories":[8702],"tags":[9339],"class_list":["post-73384","post","type-post","status-publish","format-standard","hentry","category-logistica","tag-logisticamarketing","wpcat-8702-id"],"_links":{"self":[{"href":"https:\/\/verde-amarelo.net\/verdeamarelo\/wp-json\/wp\/v2\/posts\/73384","targetHints":{"allow":["GET"]}}],"collection":[{"href":"https:\/\/verde-amarelo.net\/verdeamarelo\/wp-json\/wp\/v2\/posts"}],"about":[{"href":"https:\/\/verde-amarelo.net\/verdeamarelo\/wp-json\/wp\/v2\/types\/post"}],"author":[{"embeddable":true,"href":"https:\/\/verde-amarelo.net\/verdeamarelo\/wp-json\/wp\/v2\/users\/1"}],"replies":[{"embeddable":true,"href":"https:\/\/verde-amarelo.net\/verdeamarelo\/wp-json\/wp\/v2\/comments?post=73384"}],"version-history":[{"count":0,"href":"https:\/\/verde-amarelo.net\/verdeamarelo\/wp-json\/wp\/v2\/posts\/73384\/revisions"}],"wp:attachment":[{"href":"https:\/\/verde-amarelo.net\/verdeamarelo\/wp-json\/wp\/v2\/media?parent=73384"}],"wp:term":[{"taxonomy":"category","embeddable":true,"href":"https:\/\/verde-amarelo.net\/verdeamarelo\/wp-json\/wp\/v2\/categories?post=73384"},{"taxonomy":"post_tag","embeddable":true,"href":"https:\/\/verde-amarelo.net\/verdeamarelo\/wp-json\/wp\/v2\/tags?post=73384"}],"curies":[{"name":"wp","href":"https:\/\/api.w.org\/{rel}","templated":true}]}}